{"id":197678,"date":"2026-03-16T11:42:36","date_gmt":"2026-03-16T14:42:36","guid":{"rendered":"https:\/\/cdnoticias.com\/?p=197678"},"modified":"2026-03-16T16:14:08","modified_gmt":"2026-03-16T19:14:08","slug":"clases-con-normalidad-en-el-turno-tarde-en-las-escuelas-de-olavarria","status":"publish","type":"post","link":"https:\/\/cdnoticias.com\/index.php\/2026\/03\/16\/clases-con-normalidad-en-el-turno-tarde-en-las-escuelas-de-olavarria\/","title":{"rendered":"Clases con normalidad en el turno tarde en las escuelas de Olavarr\u00eda"},"content":{"rendered":"\n<p>La Jefatura Distrital de Educaci\u00f3n confirm\u00f3 la continuidad de las actividades escolares durante el resto de la jornada. Por la ma\u00f1ana las clases fueron suspendidas debido a una alerta naranja por tormentas.<\/p>\n\n\n\n<hr class=\"wp-block-separator has-alpha-channel-opacity\"\/>\n\n\n\n<p>La <strong>Jefatura Distrital de Educaci\u00f3n<\/strong> confirm\u00f3 que <strong>durante la tarde de este lunes se dictar\u00e1n clases con normalidad en las escuelas del partido de Olavarr\u00eda.<\/strong> La medida alcanza a los turnos tarde, vespertino y nocturno de los distintos establecimientos educativos.<\/p>\n\n\n\n<p><\/p>\n\n\n\n<p>La decisi\u00f3n fue comunicada luego de que<a href=\"https:\/\/cdnoticias.com\/index.php\/2026\/03\/16\/suspenden-las-clases-del-turno-manana-en-olavarria-por-alerta-naranja-por-tormentas\/\" data-type=\"link\" data-id=\"https:\/\/cdnoticias.com\/index.php\/2026\/03\/16\/suspenden-las-clases-del-turno-manana-en-olavarria-por-alerta-naranja-por-tormentas\/\"> durante la ma\u00f1ana se suspendieran las actividades escolares<\/a> a ra\u00edz de una alerta meteorol\u00f3gica de nivel naranja por tormentas emitida por el Servicio Meteorol\u00f3gico Nacional.<\/p>\n\n\n\n<p><\/p>\n\n\n\n<p>Para el resto de la jornada <strong>se mantiene vigente una alerta amarilla por tormentas de variada intensidad<\/strong>, algunas de las cuales podr\u00edan presentarse localmente fuertes.<\/p>\n\n\n\n<p><\/p>\n\n\n\n<p>Seg\u00fan se inform\u00f3, los fen\u00f3menos podr\u00edan estar acompa\u00f1ados por lluvias abundantes en cortos per\u00edodos, frecuente actividad el\u00e9ctrica, ocasional ca\u00edda de granizo y r\u00e1fagas de viento que podr\u00edan superar los 70 kil\u00f3metros por hora.<\/p>\n\n\n\n<p><\/p>\n\n\n\n<p>Adem\u00e1s, se prev\u00e9n<strong> valores de precipitaci\u00f3n acumulada entre 25 y 50 mil\u00edmetros,<\/strong> que podr\u00edan ser superados de manera puntual en algunas zonas.<\/p>\n","protected":false},"excerpt":{"rendered":"<p>La Jefatura Distrital de Educaci\u00f3n confirm\u00f3 la continuidad de las actividades escolares durante el resto de la jornada. Por la<\/p>\n","protected":false},"author":5,"featured_media":197651,"comment_status":"closed","ping_status":"closed","sticky":false,"template":"","format":"standard","meta":{"_jetpack_memberships_contains_paid_content":false,"footnotes":""},"categories":[5,1],"tags":[],"class_list":["post-197678","post","type-post","status-publish","format-standard","has-post-thumbnail","hentry","category-informacion-general","category-portada"],"jetpack_featured_media_url":"https:\/\/i0.wp.com\/cdnoticias.com\/wp-content\/uploads\/2026\/03\/lluvia-tormenta-02.png?fit=800%2C445&ssl=1","jetpack_sharing_enabled":true,"_links":{"self":[{"href":"https:\/\/cdnoticias.com\/index.php\/wp-json\/wp\/v2\/posts\/197678","targetHints":{"allow":["GET"]}}],"collection":[{"href":"https:\/\/cdnoticias.com\/index.php\/wp-json\/wp\/v2\/posts"}],"about":[{"href":"https:\/\/cdnoticias.com\/index.php\/wp-json\/wp\/v2\/types\/post"}],"author":[{"embeddable":true,"href":"https:\/\/cdnoticias.com\/index.php\/wp-json\/wp\/v2\/users\/5"}],"replies":[{"embeddable":true,"href":"https:\/\/cdnoticias.com\/index.php\/wp-json\/wp\/v2\/comments?post=197678"}],"version-history":[{"count":0,"href":"https:\/\/cdnoticias.com\/index.php\/wp-json\/wp\/v2\/posts\/197678\/revisions"}],"wp:featuredmedia":[{"embeddable":true,"href":"https:\/\/cdnoticias.com\/index.php\/wp-json\/wp\/v2\/media\/197651"}],"wp:attachment":[{"href":"https:\/\/cdnoticias.com\/index.php\/wp-json\/wp\/v2\/media?parent=197678"}],"wp:term":[{"taxonomy":"category","embeddable":true,"href":"https:\/\/cdnoticias.com\/index.php\/wp-json\/wp\/v2\/categories?post=197678"},{"taxonomy":"post_tag","embeddable":true,"href":"https:\/\/cdnoticias.com\/index.php\/wp-json\/wp\/v2\/tags?post=197678"}],"curies":[{"name":"wp","href":"https:\/\/api.w.org\/{rel}","templated":true}]}}