{"id":197669,"date":"2026-03-16T11:30:00","date_gmt":"2026-03-16T14:30:00","guid":{"rendered":"https:\/\/cdnoticias.com\/?p=197669"},"modified":"2026-03-16T11:30:02","modified_gmt":"2026-03-16T14:30:02","slug":"gran-convocatoria-en-la-xiii-edicion-del-festival-internacional-de-estatuas-vivientes","status":"publish","type":"post","link":"https:\/\/cdnoticias.com\/index.php\/2026\/03\/16\/gran-convocatoria-en-la-xiii-edicion-del-festival-internacional-de-estatuas-vivientes\/","title":{"rendered":"Gran convocatoria en la XIII edici\u00f3n del Festival Internacional de Estatuas Vivientes"},"content":{"rendered":"\n<p>El evento se realiz\u00f3 durante el fin de semana en el Centro Cultural \u201cSan Jos\u00e9\u201d, con m\u00e1s de 20 artistas de distintos puntos del pa\u00eds. Hubo feria, foodtrucks y entrega de premios.<\/p>\n\n\n\n<hr class=\"wp-block-separator has-alpha-channel-opacity\"\/>\n\n\n\n<p>Con una nutrida concurrencia de p\u00fablico durante ambas jornadas, este fin de semana se desarroll\u00f3 la<strong> XIII edici\u00f3n del Festival Internacional de Estatuas Vivientes de Olavarr\u00eda<\/strong>, que tuvo lugar en el Centro Cultural Municipal \u201cSan Jos\u00e9\u201d.<\/p>\n\n\n\n<p><\/p>\n\n\n\n<p>El encuentro <strong>reuni\u00f3 a m\u00e1s de 20 estatuas vivientes provenientes de distintas ciudades del pa\u00eds<\/strong>, entre ellas Entre R\u00edos, Bah\u00eda Blanca, Mar del Plata, Tandil, Rauch, La Pampa y Buenos Aires, quienes desplegaron diversas performances art\u00edsticas ante el p\u00fablico.<\/p>\n\n\n\n<p><\/p>\n\n\n\n<p>El evento tambi\u00e9n cont\u00f3 con la participaci\u00f3n de<strong> estatuas vivientes locales y estatuas vivientes infantiles,<\/strong> sumando propuestas destinadas a distintos p\u00fablicos dentro de una programaci\u00f3n que forma parte del calendario cultural impulsado por el Municipio de Olavarr\u00eda.<\/p>\n\n\n\n<p><\/p>\n\n\n\n<p>La apertura estuvo a cargo de la artista <strong>Mariela Olivera Ahumada, de Bah\u00eda Blanca, junto al cantante Juan Carlos Banegas,<\/strong> quien interpret\u00f3 un tema musical aleg\u00f3rico a las estatuas vivientes.<\/p>\n\n\n\n<p><\/p>\n\n\n\n<p>Durante el desarrollo del festival tambi\u00e9n se dispuso una <strong>feria de artesanos y un patio gastron\u00f3mico<\/strong> con foodtrucks. El cierre incluy\u00f3 m\u00fasica en vivo y la entrega de premios y distinciones a las y los artistas participantes.<\/p>\n\n\n\n<p><\/p>\n\n\n\n<p>La decimotercera edici\u00f3n del festival<strong> fue declarada de Inter\u00e9s Municipal por el Honorable Concejo Deliberante de Olavarr\u00eda y de Inter\u00e9s Legislativo por la C\u00e1mara de Diputados de la provincia de Buenos Aires.<\/strong><\/p>\n\n\n\n<p><\/p>\n\n\n\n<div class=\"wp-block-jetpack-slideshow aligncenter\" data-effect=\"slide\" style=\"--aspect-ratio:calc(800 \/ 534)\"><div class=\"wp-block-jetpack-slideshow_container swiper\"><ul class=\"wp-block-jetpack-slideshow_swiper-wrapper swiper-wrapper\"><li class=\"wp-block-jetpack-slideshow_slide swiper-slide\"><figure><img data-recalc-dims=\"1\" loading=\"lazy\" decoding=\"async\" width=\"800\" height=\"534\" alt=\"\" class=\"wp-block-jetpack-slideshow_image wp-image-197671\" data-id=\"197671\" data-aspect-ratio=\"800 \/ 534\" src=\"https:\/\/i0.wp.com\/cdnoticias.com\/wp-content\/uploads\/2026\/03\/Festival-de-Estatuas-1.jpeg?resize=800%2C534&#038;ssl=1\" srcset=\"https:\/\/i0.wp.com\/cdnoticias.com\/wp-content\/uploads\/2026\/03\/Festival-de-Estatuas-1.jpeg?resize=1024%2C683&amp;ssl=1 1024w, https:\/\/i0.wp.com\/cdnoticias.com\/wp-content\/uploads\/2026\/03\/Festival-de-Estatuas-1.jpeg?resize=300%2C200&amp;ssl=1 300w, https:\/\/i0.wp.com\/cdnoticias.com\/wp-content\/uploads\/2026\/03\/Festival-de-Estatuas-1.jpeg?resize=768%2C512&amp;ssl=1 768w, https:\/\/i0.wp.com\/cdnoticias.com\/wp-content\/uploads\/2026\/03\/Festival-de-Estatuas-1.jpeg?resize=272%2C182&amp;ssl=1 272w, https:\/\/i0.wp.com\/cdnoticias.com\/wp-content\/uploads\/2026\/03\/Festival-de-Estatuas-1.jpeg?w=1280&amp;ssl=1 1280w\" sizes=\"(max-width: 800px) 100vw, 800px\" \/><\/figure><\/li><li class=\"wp-block-jetpack-slideshow_slide swiper-slide\"><figure><img data-recalc-dims=\"1\" loading=\"lazy\" decoding=\"async\" width=\"800\" height=\"534\" alt=\"\" class=\"wp-block-jetpack-slideshow_image wp-image-197676\" data-id=\"197676\" data-aspect-ratio=\"800 \/ 534\" src=\"https:\/\/i0.wp.com\/cdnoticias.com\/wp-content\/uploads\/2026\/03\/Festival-de-Estatuas-11.jpeg?resize=800%2C534&#038;ssl=1\" srcset=\"https:\/\/i0.wp.com\/cdnoticias.com\/wp-content\/uploads\/2026\/03\/Festival-de-Estatuas-11.jpeg?resize=1024%2C683&amp;ssl=1 1024w, https:\/\/i0.wp.com\/cdnoticias.com\/wp-content\/uploads\/2026\/03\/Festival-de-Estatuas-11.jpeg?resize=300%2C200&amp;ssl=1 300w, https:\/\/i0.wp.com\/cdnoticias.com\/wp-content\/uploads\/2026\/03\/Festival-de-Estatuas-11.jpeg?resize=768%2C512&amp;ssl=1 768w, https:\/\/i0.wp.com\/cdnoticias.com\/wp-content\/uploads\/2026\/03\/Festival-de-Estatuas-11.jpeg?resize=272%2C182&amp;ssl=1 272w, https:\/\/i0.wp.com\/cdnoticias.com\/wp-content\/uploads\/2026\/03\/Festival-de-Estatuas-11.jpeg?w=1280&amp;ssl=1 1280w\" sizes=\"(max-width: 800px) 100vw, 800px\" \/><\/figure><\/li><li class=\"wp-block-jetpack-slideshow_slide swiper-slide\"><figure><img data-recalc-dims=\"1\" loading=\"lazy\" decoding=\"async\" width=\"800\" height=\"534\" alt=\"\" class=\"wp-block-jetpack-slideshow_image wp-image-197674\" data-id=\"197674\" data-aspect-ratio=\"800 \/ 534\" src=\"https:\/\/i0.wp.com\/cdnoticias.com\/wp-content\/uploads\/2026\/03\/Festival-de-Estatuas-15.jpeg?resize=800%2C534&#038;ssl=1\" srcset=\"https:\/\/i0.wp.com\/cdnoticias.com\/wp-content\/uploads\/2026\/03\/Festival-de-Estatuas-15.jpeg?resize=1024%2C683&amp;ssl=1 1024w, https:\/\/i0.wp.com\/cdnoticias.com\/wp-content\/uploads\/2026\/03\/Festival-de-Estatuas-15.jpeg?resize=300%2C200&amp;ssl=1 300w, https:\/\/i0.wp.com\/cdnoticias.com\/wp-content\/uploads\/2026\/03\/Festival-de-Estatuas-15.jpeg?resize=768%2C512&amp;ssl=1 768w, https:\/\/i0.wp.com\/cdnoticias.com\/wp-content\/uploads\/2026\/03\/Festival-de-Estatuas-15.jpeg?resize=272%2C182&amp;ssl=1 272w, https:\/\/i0.wp.com\/cdnoticias.com\/wp-content\/uploads\/2026\/03\/Festival-de-Estatuas-15.jpeg?w=1280&amp;ssl=1 1280w\" sizes=\"(max-width: 800px) 100vw, 800px\" \/><\/figure><\/li><li class=\"wp-block-jetpack-slideshow_slide swiper-slide\"><figure><img data-recalc-dims=\"1\" loading=\"lazy\" decoding=\"async\" width=\"800\" height=\"534\" alt=\"\" class=\"wp-block-jetpack-slideshow_image wp-image-197673\" data-id=\"197673\" data-aspect-ratio=\"800 \/ 534\" src=\"https:\/\/i0.wp.com\/cdnoticias.com\/wp-content\/uploads\/2026\/03\/Festival-de-Estatuas-8.jpeg?resize=800%2C534&#038;ssl=1\" srcset=\"https:\/\/i0.wp.com\/cdnoticias.com\/wp-content\/uploads\/2026\/03\/Festival-de-Estatuas-8.jpeg?resize=1024%2C683&amp;ssl=1 1024w, https:\/\/i0.wp.com\/cdnoticias.com\/wp-content\/uploads\/2026\/03\/Festival-de-Estatuas-8.jpeg?resize=300%2C200&amp;ssl=1 300w, https:\/\/i0.wp.com\/cdnoticias.com\/wp-content\/uploads\/2026\/03\/Festival-de-Estatuas-8.jpeg?resize=768%2C512&amp;ssl=1 768w, https:\/\/i0.wp.com\/cdnoticias.com\/wp-content\/uploads\/2026\/03\/Festival-de-Estatuas-8.jpeg?resize=272%2C182&amp;ssl=1 272w, https:\/\/i0.wp.com\/cdnoticias.com\/wp-content\/uploads\/2026\/03\/Festival-de-Estatuas-8.jpeg?w=1280&amp;ssl=1 1280w\" sizes=\"(max-width: 800px) 100vw, 800px\" \/><\/figure><\/li><li class=\"wp-block-jetpack-slideshow_slide swiper-slide\"><figure><img data-recalc-dims=\"1\" loading=\"lazy\" decoding=\"async\" width=\"800\" height=\"534\" alt=\"\" class=\"wp-block-jetpack-slideshow_image wp-image-197672\" data-id=\"197672\" data-aspect-ratio=\"800 \/ 534\" src=\"https:\/\/i0.wp.com\/cdnoticias.com\/wp-content\/uploads\/2026\/03\/Festival-de-Estatuas-4.jpeg?resize=800%2C534&#038;ssl=1\" srcset=\"https:\/\/i0.wp.com\/cdnoticias.com\/wp-content\/uploads\/2026\/03\/Festival-de-Estatuas-4.jpeg?resize=1024%2C683&amp;ssl=1 1024w, https:\/\/i0.wp.com\/cdnoticias.com\/wp-content\/uploads\/2026\/03\/Festival-de-Estatuas-4.jpeg?resize=300%2C200&amp;ssl=1 300w, https:\/\/i0.wp.com\/cdnoticias.com\/wp-content\/uploads\/2026\/03\/Festival-de-Estatuas-4.jpeg?resize=768%2C512&amp;ssl=1 768w, https:\/\/i0.wp.com\/cdnoticias.com\/wp-content\/uploads\/2026\/03\/Festival-de-Estatuas-4.jpeg?resize=272%2C182&amp;ssl=1 272w, https:\/\/i0.wp.com\/cdnoticias.com\/wp-content\/uploads\/2026\/03\/Festival-de-Estatuas-4.jpeg?w=1280&amp;ssl=1 1280w\" sizes=\"(max-width: 800px) 100vw, 800px\" \/><\/figure><\/li><li class=\"wp-block-jetpack-slideshow_slide swiper-slide\"><figure><img data-recalc-dims=\"1\" loading=\"lazy\" decoding=\"async\" width=\"800\" height=\"534\" alt=\"\" class=\"wp-block-jetpack-slideshow_image wp-image-197670\" data-id=\"197670\" data-aspect-ratio=\"800 \/ 534\" src=\"https:\/\/i0.wp.com\/cdnoticias.com\/wp-content\/uploads\/2026\/03\/Festival-de-Estatuas-16.jpeg?resize=800%2C534&#038;ssl=1\" srcset=\"https:\/\/i0.wp.com\/cdnoticias.com\/wp-content\/uploads\/2026\/03\/Festival-de-Estatuas-16.jpeg?resize=1024%2C683&amp;ssl=1 1024w, https:\/\/i0.wp.com\/cdnoticias.com\/wp-content\/uploads\/2026\/03\/Festival-de-Estatuas-16.jpeg?resize=300%2C200&amp;ssl=1 300w, https:\/\/i0.wp.com\/cdnoticias.com\/wp-content\/uploads\/2026\/03\/Festival-de-Estatuas-16.jpeg?resize=768%2C512&amp;ssl=1 768w, https:\/\/i0.wp.com\/cdnoticias.com\/wp-content\/uploads\/2026\/03\/Festival-de-Estatuas-16.jpeg?resize=272%2C182&amp;ssl=1 272w, https:\/\/i0.wp.com\/cdnoticias.com\/wp-content\/uploads\/2026\/03\/Festival-de-Estatuas-16.jpeg?w=1280&amp;ssl=1 1280w\" sizes=\"(max-width: 800px) 100vw, 800px\" \/><\/figure><\/li><\/ul><a class=\"wp-block-jetpack-slideshow_button-prev swiper-button-prev swiper-button-white\" role=\"button\"><\/a><a class=\"wp-block-jetpack-slideshow_button-next swiper-button-next swiper-button-white\" role=\"button\"><\/a><a aria-label=\"Pause Slideshow\" class=\"wp-block-jetpack-slideshow_button-pause\" role=\"button\"><\/a><div class=\"wp-block-jetpack-slideshow_pagination swiper-pagination swiper-pagination-white\"><\/div><\/div><\/div>\n\n\n\n<p><\/p>\n\n\n\n<p><strong>Premios<\/strong><\/p>\n\n\n\n<p><\/p>\n\n\n\n<p>En la categor\u00eda <strong>voto del p\u00fablico<\/strong>, el primer premio fue para Maira Gabriela Cucchi, con el personaje \u201cAurora\u201d, de Bah\u00eda Blanca. El segundo lugar fue para Andr\u00e9s Esteban Arouxet, con \u201cSamurai\u201d, de Tandil, y el tercer premio para Micaela Forestier Schenkel, con el personaje \u201cLa Pastrana\u201d, de La Pampa.<\/p>\n\n\n\n<p><\/p>\n\n\n\n<p>En cuanto al<strong> voto del jurado<\/strong>, el premio a Mejor Idea Original fue para Micaela Forestier Schenkel por \u201cLa Pastrana\u201d. El reconocimiento a Mejor Realizaci\u00f3n fue para Marcelo Gonz\u00e1lez, con el personaje \u201cAmashama en la tierra\u201d, de Entre R\u00edos, mientras que el premio a Mejor Performance fue para Andr\u00e9s Esteban Arouxet por \u201cSamurai\u201d.<\/p>\n\n\n\n<p><\/p>\n\n\n\n<p>Asimismo, se otorgaron <strong>menciones especiales<\/strong> a Daniel Lorusso por \u201cEl cartero\u201d (Mejor Performance), a Marcelo Cocciato por \u201cDirector de Cine\u201d (Mejor Idea Original) y a Dalys Pav\u00f3n por \u201cLa Paisana\u201d (Mejor Realizaci\u00f3n).<\/p>\n\n\n\n<p><\/p>\n\n\n\n<p>Por \u00faltimo, el <strong>premio a la Trayectoria y Labor Cultural Sostenida<\/strong> fue otorgado a Mariela Olivera Almada por su personaje \u201cAlma, a la luz de la matria amada\u201d.<\/p>\n","protected":false},"excerpt":{"rendered":"<p>El evento se realiz\u00f3 durante el fin de semana en el Centro Cultural \u201cSan Jos\u00e9\u201d, con m\u00e1s de 20 artistas<\/p>\n","protected":false},"author":5,"featured_media":197675,"comment_status":"closed","ping_status":"closed","sticky":false,"template":"","format":"standard","meta":{"_jetpack_memberships_contains_paid_content":false,"footnotes":""},"categories":[9,1],"tags":[],"class_list":["post-197669","post","type-post","status-publish","format-standard","has-post-thumbnail","hentry","category-cultura","category-portada"],"jetpack_featured_media_url":"https:\/\/i0.wp.com\/cdnoticias.com\/wp-content\/uploads\/2026\/03\/Festival-de-Estatuas-10.jpeg?fit=1280%2C854&ssl=1","jetpack_sharing_enabled":true,"_links":{"self":[{"href":"https:\/\/cdnoticias.com\/index.php\/wp-json\/wp\/v2\/posts\/197669","targetHints":{"allow":["GET"]}}],"collection":[{"href":"https:\/\/cdnoticias.com\/index.php\/wp-json\/wp\/v2\/posts"}],"about":[{"href":"https:\/\/cdnoticias.com\/index.php\/wp-json\/wp\/v2\/types\/post"}],"author":[{"embeddable":true,"href":"https:\/\/cdnoticias.com\/index.php\/wp-json\/wp\/v2\/users\/5"}],"replies":[{"embeddable":true,"href":"https:\/\/cdnoticias.com\/index.php\/wp-json\/wp\/v2\/comments?post=197669"}],"version-history":[{"count":0,"href":"https:\/\/cdnoticias.com\/index.php\/wp-json\/wp\/v2\/posts\/197669\/revisions"}],"wp:featuredmedia":[{"embeddable":true,"href":"https:\/\/cdnoticias.com\/index.php\/wp-json\/wp\/v2\/media\/197675"}],"wp:attachment":[{"href":"https:\/\/cdnoticias.com\/index.php\/wp-json\/wp\/v2\/media?parent=197669"}],"wp:term":[{"taxonomy":"category","embeddable":true,"href":"https:\/\/cdnoticias.com\/index.php\/wp-json\/wp\/v2\/categories?post=197669"},{"taxonomy":"post_tag","embeddable":true,"href":"https:\/\/cdnoticias.com\/index.php\/wp-json\/wp\/v2\/tags?post=197669"}],"curies":[{"name":"wp","href":"https:\/\/api.w.org\/{rel}","templated":true}]}}