{"id":19765,"date":"2021-04-24T14:37:21","date_gmt":"2021-04-24T17:37:21","guid":{"rendered":"http:\/\/www.centraldenoticias.com.ar\/?p=19765"},"modified":"2021-04-24T20:54:23","modified_gmt":"2021-04-24T23:54:23","slug":"vacunas-covid-olavarria-recibio-4200-dosis-y-hay-mas-de-15-mil-inmunizados","status":"publish","type":"post","link":"https:\/\/cdnoticias.com\/index.php\/2021\/04\/24\/vacunas-covid-olavarria-recibio-4200-dosis-y-hay-mas-de-15-mil-inmunizados\/","title":{"rendered":"Vacunas Covid: Olavarr\u00eda recibi\u00f3 4200 dosis y hay m\u00e1s de 15 mil inmunizados"},"content":{"rendered":"<p class=\"western\"><span style=\"color: #000080;\"><span lang=\"zxx\"><span style=\"color: #000000;\"><span lang=\"es-ES\">Este s\u00e1bado se recibieron primeras dosis de Sputnik V. En nuestro distrito se han aplicado 18 mil dosis. La Provincia ya suma 2,4 millones de vacunados.<\/span><\/span><\/span><\/span><\/p>\n<hr \/>\n<p class=\"western\"><!--more--><\/p>\n<p class=\"western\"><span style=\"color: #000080;\"><span lang=\"zxx\"><span style=\"color: #000000;\"><span lang=\"es-ES\">Tal <a href=\"https:\/\/cdnoticias.com\/index.php\/2021\/04\/23\/este-sabado-llegaran-a-olavarria-4200-dosis-de-la-vacuna-sputnik-v\/\" target=\"_blank\" rel=\"noopener\">como se hab\u00eda adelantado<\/a>, <\/span><\/span><\/span><\/span><strong><span style=\"color: #000080;\"><span lang=\"zxx\"><span style=\"color: #000000;\"><span lang=\"es-ES\">este s\u00e1bado arribaron a Olavarr\u00eda <\/span><\/span><\/span><\/span><\/strong><span style=\"color: #000080;\"><span lang=\"zxx\"><span style=\"color: #000000;\"><span lang=\"es-ES\"><strong>4200 primeras dosis de Sputnik V<\/strong>, para continuar con el programa de vacunaci\u00f3n contra el Coronavirus.<\/span><\/span><\/span><\/span><\/p>\n<p>&nbsp;<\/p>\n<p><img data-recalc-dims=\"1\" loading=\"lazy\" decoding=\"async\" class=\"aligncenter wp-image-19769\" src=\"https:\/\/i0.wp.com\/cdnoticias.com\/wp-content\/uploads\/2021\/04\/vacunasC.jpg?resize=600%2C335&#038;ssl=1\" alt=\"\" width=\"600\" height=\"335\" srcset=\"https:\/\/i0.wp.com\/cdnoticias.com\/wp-content\/uploads\/2021\/04\/vacunasC.jpg?resize=300%2C167&amp;ssl=1 300w, https:\/\/i0.wp.com\/cdnoticias.com\/wp-content\/uploads\/2021\/04\/vacunasC.jpg?resize=768%2C428&amp;ssl=1 768w, https:\/\/i0.wp.com\/cdnoticias.com\/wp-content\/uploads\/2021\/04\/vacunasC.jpg?w=800&amp;ssl=1 800w\" sizes=\"auto, (max-width: 600px) 100vw, 600px\" \/><\/p>\n<p class=\"western\"><span style=\"color: #000080;\"><span lang=\"zxx\"><span style=\"color: #000000;\"><span lang=\"es-ES\">Se destac\u00f3 que <\/span><\/span><\/span><\/span><span style=\"color: #000080;\"><span lang=\"zxx\"><span style=\"color: #000000;\"><span lang=\"es-ES\">en las \u00faltimas horas<strong> muchos olavarrienses recibieron la confirmaci\u00f3n del turno<\/strong>.<\/span><\/span><\/span><\/span><\/p>\n<p>&nbsp;<\/p>\n<p>De acuerdo con lo que se precis\u00f3 desde Regi\u00f3n Sanitaria <span style=\"color: #000080;\"><span lang=\"zxx\"><span style=\"color: #000000;\"><span lang=\"es-ES\">IX<\/span><\/span><\/span><\/span><span style=\"color: #000080;\"><span lang=\"zxx\"><span style=\"color: #000000;\"><span lang=\"es-ES\">, <strong>1800 <\/strong><\/span><\/span><\/span><\/span><strong><span style=\"color: #000080;\"><span lang=\"zxx\"><span style=\"color: #000000;\"><span lang=\"es-ES\">dosis se destinaron <\/span><\/span><\/span><\/span><\/strong><span style=\"color: #000080;\"><span lang=\"zxx\"><span style=\"color: #000000;\"><span lang=\"es-ES\"><strong>al Servicio Territorial 2, 1800 al Hospital de Oncolog\u00eda y 600 a la Mutual Carlos Alberto Moreno<\/strong>.<br \/>\n<\/span><\/span><\/span><\/span><\/p>\n<p>&nbsp;<\/p>\n<blockquote class=\"twitter-tweet\">\n<p dir=\"ltr\" lang=\"es\">\u2022 Este s\u00e1bado <a href=\"https:\/\/twitter.com\/hashtag\/Olavarr%C3%ADa?src=hash&amp;ref_src=twsrc%5Etfw\">#Olavarr\u00eda<\/a> recibi\u00f3 otra gran cantidad de vacunas y avanza el plan estrat\u00e9gico de vacunaci\u00f3n contra el COVID. \u2665\ufe0f\ud83d\udc89\ud83c\udde6\ud83c\uddf7 <a href=\"https:\/\/t.co\/blNqlEhYjV\">pic.twitter.com\/blNqlEhYjV<\/a><\/p>\n<p>\u2014 FrenteDeTodosOlavarria (@TodosOlavarria) <a href=\"https:\/\/twitter.com\/TodosOlavarria\/status\/1385968677669978112?ref_src=twsrc%5Etfw\">April 24, 2021<\/a><\/p><\/blockquote>\n<p><script async src=\"https:\/\/platform.twitter.com\/widgets.js\" charset=\"utf-8\"><\/script><\/p>\n<p class=\"western\"><span style=\"color: #000080;\"><span lang=\"zxx\"><span style=\"color: #000000;\"><span lang=\"es-ES\">En este sentido, el organismo regional destac\u00f3 que <strong>son en total nueve los municipios que componen la Regi\u00f3n IX que recibieron dosis<\/strong> este s\u00e1bado. En total <strong>se distribuyeron 8800 vacunas<\/strong>, con lo que<strong> casi la mitad se envi\u00f3 a Olavarr\u00eda<\/strong>.<\/span><\/span><\/span><\/span><\/p>\n<p>&nbsp;<\/p>\n<p class=\"western\"><span style=\"color: #000080;\"><span lang=\"zxx\"><span style=\"color: #000000;\"><span lang=\"es-ES\">El principal grupo objetivo en la regi\u00f3n son<strong> los mayores de 60 a\u00f1os<\/strong>. <\/span><\/span><\/span><\/span><\/p>\n<blockquote class=\"twitter-tweet\">\n<p dir=\"ltr\" lang=\"es\">En el d\u00eda de hoy estar\u00e1n llegando a nueve localidades de <a href=\"https:\/\/twitter.com\/hashtag\/Regi%C3%B3nSanitariaIX?src=hash&amp;ref_src=twsrc%5Etfw\">#Regi\u00f3nSanitariaIX<\/a>, un total de 8800 dosis para continuar vacunando contra el <a href=\"https:\/\/twitter.com\/hashtag\/Covid?src=hash&amp;ref_src=twsrc%5Etfw\">#Covid<\/a> a los mayores de 60 a\u00f1os. Ayudemos a inscribirlos en el sitio web <a href=\"https:\/\/t.co\/7Frkpph6UB\">https:\/\/t.co\/7Frkpph6UB<\/a> para que puedan obtener un turno.<a href=\"https:\/\/twitter.com\/SaludBAP?ref_src=twsrc%5Etfw\">@SaludBAP<\/a> <a href=\"https:\/\/t.co\/tOVqilCcWQ\">pic.twitter.com\/tOVqilCcWQ<\/a><\/p>\n<p>\u2014 @RegSanIX (@regsanix) <a href=\"https:\/\/twitter.com\/regsanix\/status\/1385940299340464131?ref_src=twsrc%5Etfw\">April 24, 2021<\/a><\/p><\/blockquote>\n<p><script async src=\"https:\/\/platform.twitter.com\/widgets.js\" charset=\"utf-8\"><\/script><\/p>\n<p class=\"western\"><strong><span style=\"color: #000080;\"><span lang=\"zxx\"><span style=\"color: #000000;\"><span lang=\"es-ES\">Avance de la vacunaci\u00f3n<\/span><\/span><\/span><\/span><\/strong><\/p>\n<p>&nbsp;<\/p>\n<p class=\"western\"><span style=\"color: #000080;\"><span lang=\"zxx\"><span style=\"color: #000000;\"><span lang=\"es-ES\">Desde la Provincia, se destac\u00f3 que <strong>2,4 millones de bonaerenses ya est\u00e1n inmunizados contra el Covid<\/strong>. En tanto, <strong>en Olavarr\u00eda hay m\u00e1s de 15 mil personas alcanzadas por el plan Vacunate PBA<\/strong>.<\/span><\/span><\/span><\/span><\/p>\n<p>&nbsp;<\/p>\n<blockquote>\n<p class=\"western\"><span style=\"color: #000080;\"><span lang=\"zxx\"><span style=\"color: #000000;\"><span lang=\"es-ES\">En un parte oficial distribuido este s\u00e1bado, se indic\u00f3 que con 2.448.812 las personas vacunadas en territorio provincial de las cuales casi la mitad -1.094.715 personas- son mayores de 70 a\u00f1os.<\/span><\/span><\/span><\/span><\/p>\n<\/blockquote>\n<p>&nbsp;<\/p>\n<p><img data-recalc-dims=\"1\" loading=\"lazy\" decoding=\"async\" class=\"aligncenter wp-image-19770 size-large\" src=\"https:\/\/i0.wp.com\/cdnoticias.com\/wp-content\/uploads\/2021\/04\/vacunas-aplicadas-provincia.jpeg?resize=800%2C400&#038;ssl=1\" alt=\"\" width=\"800\" height=\"400\" srcset=\"https:\/\/i0.wp.com\/cdnoticias.com\/wp-content\/uploads\/2021\/04\/vacunas-aplicadas-provincia.jpeg?w=1024&amp;ssl=1 1024w, https:\/\/i0.wp.com\/cdnoticias.com\/wp-content\/uploads\/2021\/04\/vacunas-aplicadas-provincia.jpeg?resize=300%2C150&amp;ssl=1 300w, https:\/\/i0.wp.com\/cdnoticias.com\/wp-content\/uploads\/2021\/04\/vacunas-aplicadas-provincia.jpeg?resize=768%2C384&amp;ssl=1 768w\" sizes=\"auto, (max-width: 800px) 100vw, 800px\" \/><\/p>\n<p>&nbsp;<\/p>\n<p class=\"western\"><span style=\"color: #000080;\"><span lang=\"zxx\"><span style=\"color: #000000;\"><span lang=\"es-ES\">En este caso, <strong>restan vacunar unas 186 mil personas que se inscribieron<\/strong>. La estimaci\u00f3n que present\u00f3 el ministro de Salud Daniel Goll\u00e1n en la <a href=\"https:\/\/cdnoticias.com\/index.php\/2021\/04\/20\/olavarria-sigue-en-fase-3-y-habra-mas-municipios-en-fase-2\/\" target=\"_blank\" rel=\"noopener\">conferencia de prensa sobre la situaci\u00f3n epdemiol\u00f3gica<\/a> del martes fue que <strong>en el transcurso de la semana pr\u00f3xima se completar\u00edan todos los inscriptos de este grupo<\/strong>.<\/span><\/span><\/span><\/span><\/p>\n<p>&nbsp;<\/p>\n<p class=\"western\"><span style=\"color: #000080;\"><span lang=\"zxx\"><span style=\"color: #000000;\"><span lang=\"es-ES\">En tanto, <strong>ya se han vacunado 365 mil personas de 60 a 69 a\u00f1os<\/strong> <strong>con enfermedades de riesgo<\/strong> que constituyen 74,55% de los inscriptos para inmunizarse de este grup<\/span><\/span><\/span><\/span><span style=\"color: #000080;\"><span lang=\"zxx\"><span style=\"color: #000000;\"><span lang=\"es-ES\">o.<\/span><\/span><\/span><\/span><\/p>\n<p>&nbsp;<\/p>\n<p><img data-recalc-dims=\"1\" loading=\"lazy\" decoding=\"async\" class=\"aligncenter wp-image-19772\" src=\"https:\/\/i0.wp.com\/cdnoticias.com\/wp-content\/uploads\/2021\/04\/vacunasA.jpg?resize=600%2C334&#038;ssl=1\" alt=\"\" width=\"600\" height=\"334\" srcset=\"https:\/\/i0.wp.com\/cdnoticias.com\/wp-content\/uploads\/2021\/04\/vacunasA.jpg?resize=300%2C167&amp;ssl=1 300w, https:\/\/i0.wp.com\/cdnoticias.com\/wp-content\/uploads\/2021\/04\/vacunasA.jpg?resize=768%2C427&amp;ssl=1 768w, https:\/\/i0.wp.com\/cdnoticias.com\/wp-content\/uploads\/2021\/04\/vacunasA.jpg?w=800&amp;ssl=1 800w\" sizes=\"auto, (max-width: 600px) 100vw, 600px\" \/><\/p>\n<p>&nbsp;<\/p>\n<p class=\"western\"><span style=\"color: #000080;\"><span lang=\"zxx\"><span style=\"color: #000000;\"><span lang=\"es-ES\">El sector con mayor cobertura, <strong>94,34% sobre los inscriptos, es el personal de salud<\/strong>: ya se han inmunizado 374.774 per<\/span><\/span><\/span><\/span><span style=\"color: #000080;\"><span lang=\"zxx\"><span style=\"color: #000000;\"><span lang=\"es-ES\">sonas.<\/span><\/span><\/span><\/span><\/p>\n<p>&nbsp;<\/p>\n<blockquote>\n<p class=\"western\"><span style=\"color: #000080;\"><span lang=\"zxx\"><span style=\"color: #000000;\"><span lang=\"es-ES\">En cuanto a Olavarr\u00eda, la informaci\u00f3n oficial disponible con datos hasta la noche del viernes, muestra que se han aplicado 18.022 dosi<\/span><\/span><\/span><\/span><span style=\"color: #000080;\"><span lang=\"zxx\"><span style=\"color: #000000;\"><span lang=\"es-ES\">s.<\/span><\/span><\/span><\/span><\/p>\n<\/blockquote>\n<p>&nbsp;<\/p>\n<p><img data-recalc-dims=\"1\" loading=\"lazy\" decoding=\"async\" class=\"aligncenter wp-image-19771 size-large\" src=\"https:\/\/i0.wp.com\/cdnoticias.com\/wp-content\/uploads\/2021\/04\/vacunas-aplicadas.jpg?resize=800%2C260&#038;ssl=1\" alt=\"\" width=\"800\" height=\"260\" srcset=\"https:\/\/i0.wp.com\/cdnoticias.com\/wp-content\/uploads\/2021\/04\/vacunas-aplicadas.jpg?resize=1024%2C333&amp;ssl=1 1024w, https:\/\/i0.wp.com\/cdnoticias.com\/wp-content\/uploads\/2021\/04\/vacunas-aplicadas.jpg?resize=300%2C98&amp;ssl=1 300w, https:\/\/i0.wp.com\/cdnoticias.com\/wp-content\/uploads\/2021\/04\/vacunas-aplicadas.jpg?resize=768%2C250&amp;ssl=1 768w, https:\/\/i0.wp.com\/cdnoticias.com\/wp-content\/uploads\/2021\/04\/vacunas-aplicadas.jpg?w=1346&amp;ssl=1 1346w\" sizes=\"auto, (max-width: 800px) 100vw, 800px\" \/><\/p>\n<p>&nbsp;<\/p>\n<p class=\"western\"><span style=\"color: #000080;\"><span lang=\"zxx\"><span style=\"color: #000000;\"><span lang=\"es-ES\">Hay <strong>15.250 personas de nuestro distrito<\/strong> que recibieron la primera dosis de la vacuna, lo que representa <strong>alrededor de 12,5% de alcance en el total de la poblaci\u00f3n de Olavarr\u00eda<\/strong>.<\/span><\/span><\/span><\/span><\/p>\n<p>&nbsp;<\/p>\n<p class=\"western\"><span style=\"color: #000080;\"><span lang=\"zxx\"><span style=\"color: #000000;\"><span lang=\"es-ES\">En tanto, <strong>2.772 personas ya completaron el esquema<\/strong> con ambas dosis recibida<\/span><\/span><\/span><\/span><span style=\"color: #000080;\"><span lang=\"zxx\"><span style=\"color: #000000;\"><span lang=\"es-ES\">s.<\/span><\/span><\/span><\/span><\/p>\n","protected":false},"excerpt":{"rendered":"<p>Este s\u00e1bado se recibieron primeras dosis de Sputnik V. En nuestro distrito se han aplicado 18 mil dosis. La Provincia<\/p>\n","protected":false},"author":4,"featured_media":19768,"comment_status":"closed","ping_status":"closed","sticky":false,"template":"","format":"standard","meta":{"_jetpack_memberships_contains_paid_content":false,"footnotes":""},"categories":[5,1],"tags":[],"class_list":["post-19765","post","type-post","status-publish","format-standard","has-post-thumbnail","hentry","category-informacion-general","category-portada"],"jetpack_featured_media_url":"https:\/\/i0.wp.com\/cdnoticias.com\/wp-content\/uploads\/2021\/04\/vacunasE.jpg?fit=800%2C445&ssl=1","jetpack_sharing_enabled":true,"_links":{"self":[{"href":"https:\/\/cdnoticias.com\/index.php\/wp-json\/wp\/v2\/posts\/19765","targetHints":{"allow":["GET"]}}],"collection":[{"href":"https:\/\/cdnoticias.com\/index.php\/wp-json\/wp\/v2\/posts"}],"about":[{"href":"https:\/\/cdnoticias.com\/index.php\/wp-json\/wp\/v2\/types\/post"}],"author":[{"embeddable":true,"href":"https:\/\/cdnoticias.com\/index.php\/wp-json\/wp\/v2\/users\/4"}],"replies":[{"embeddable":true,"href":"https:\/\/cdnoticias.com\/index.php\/wp-json\/wp\/v2\/comments?post=19765"}],"version-history":[{"count":0,"href":"https:\/\/cdnoticias.com\/index.php\/wp-json\/wp\/v2\/posts\/19765\/revisions"}],"wp:featuredmedia":[{"embeddable":true,"href":"https:\/\/cdnoticias.com\/index.php\/wp-json\/wp\/v2\/media\/19768"}],"wp:attachment":[{"href":"https:\/\/cdnoticias.com\/index.php\/wp-json\/wp\/v2\/media?parent=19765"}],"wp:term":[{"taxonomy":"category","embeddable":true,"href":"https:\/\/cdnoticias.com\/index.php\/wp-json\/wp\/v2\/categories?post=19765"},{"taxonomy":"post_tag","embeddable":true,"href":"https:\/\/cdnoticias.com\/index.php\/wp-json\/wp\/v2\/tags?post=19765"}],"curies":[{"name":"wp","href":"https:\/\/api.w.org\/{rel}","templated":true}]}}