{"id":197638,"date":"2026-03-16T07:13:08","date_gmt":"2026-03-16T10:13:08","guid":{"rendered":"https:\/\/cdnoticias.com\/?p=197638"},"modified":"2026-03-16T09:42:56","modified_gmt":"2026-03-16T12:42:56","slug":"suspenden-las-clases-del-turno-manana-en-olavarria-por-alerta-naranja-por-tormentas","status":"publish","type":"post","link":"https:\/\/cdnoticias.com\/index.php\/2026\/03\/16\/suspenden-las-clases-del-turno-manana-en-olavarria-por-alerta-naranja-por-tormentas\/","title":{"rendered":"Suspenden las clases del turno ma\u00f1ana en Olavarr\u00eda por alerta naranja por tormentas"},"content":{"rendered":"\n<p>La medida alcanza a todos los niveles educativos, tanto del \u00e1mbito p\u00fablico como privado. El alerta prev\u00e9 lluvias intensas, r\u00e1fagas de hasta 90 km\/h, actividad el\u00e9ctrica y posible ca\u00edda de granizo.<\/p>\n\n\n\n<hr class=\"wp-block-separator has-alpha-channel-opacity\"\/>\n\n\n\n<p>La Jefatura Regional y Distrital de Educaci\u00f3n inform\u00f3 la <strong>suspensi\u00f3n de clases este lunes para el turno ma\u00f1ana en todos los niveles educativos en Olavarr\u00eda, tanto en establecimientos p\u00fablicos como privados.<\/strong><\/p>\n\n\n\n<p><\/p>\n\n\n\n<p>La decisi\u00f3n se tom\u00f3 en atenci\u00f3n al <strong>alerta naranja vigente emitido por el Servicio Meteorol\u00f3gico Nacional,<\/strong> que advierte por tormentas fuertes y algunas localmente severas en la regi\u00f3n.<\/p>\n\n\n\n<p><\/p>\n\n\n\n<p>Seg\u00fan el informe meteorol\u00f3gico, se esperan lluvias intensas en cortos per\u00edodos, frecuente actividad el\u00e9ctrica, posible ca\u00edda de granizo y<strong> r\u00e1fagas de viento que podr\u00edan alcanzar los 90 kil\u00f3metros por hora.<\/strong><\/p>\n\n\n\n<p><\/p>\n\n\n\n<p>Adem\u00e1s, se prev\u00e9 una <strong>precipitaci\u00f3n acumulada de entre 50 y 80 mil\u00edmetros<\/strong>, con posibilidad de que estos valores sean superados de manera puntual.<\/p>\n\n\n\n<p><\/p>\n\n\n\n<figure class=\"wp-block-image size-full\"><img data-recalc-dims=\"1\" loading=\"lazy\" decoding=\"async\" width=\"550\" height=\"157\" src=\"https:\/\/i0.wp.com\/cdnoticias.com\/wp-content\/uploads\/2026\/03\/WhatsApp-Image-2026-03-16-at-7.09.25-AM.jpeg?resize=550%2C157&#038;ssl=1\" alt=\"\" class=\"wp-image-197640\" srcset=\"https:\/\/i0.wp.com\/cdnoticias.com\/wp-content\/uploads\/2026\/03\/WhatsApp-Image-2026-03-16-at-7.09.25-AM.jpeg?w=550&amp;ssl=1 550w, https:\/\/i0.wp.com\/cdnoticias.com\/wp-content\/uploads\/2026\/03\/WhatsApp-Image-2026-03-16-at-7.09.25-AM.jpeg?resize=300%2C86&amp;ssl=1 300w\" sizes=\"auto, (max-width: 550px) 100vw, 550px\" \/><\/figure>\n","protected":false},"excerpt":{"rendered":"<p>La medida alcanza a todos los niveles educativos, tanto del \u00e1mbito p\u00fablico como privado. El alerta prev\u00e9 lluvias intensas, r\u00e1fagas<\/p>\n","protected":false},"author":5,"featured_media":165643,"comment_status":"closed","ping_status":"closed","sticky":false,"template":"","format":"standard","meta":{"_jetpack_memberships_contains_paid_content":false,"footnotes":""},"categories":[5,1],"tags":[],"class_list":["post-197638","post","type-post","status-publish","format-standard","has-post-thumbnail","hentry","category-informacion-general","category-portada"],"jetpack_featured_media_url":"https:\/\/i0.wp.com\/cdnoticias.com\/wp-content\/uploads\/2025\/03\/lluvia-tormenta-4-de-marzo-2025-e-plaza-central.jpg?fit=1000%2C556&ssl=1","jetpack_sharing_enabled":true,"_links":{"self":[{"href":"https:\/\/cdnoticias.com\/index.php\/wp-json\/wp\/v2\/posts\/197638","targetHints":{"allow":["GET"]}}],"collection":[{"href":"https:\/\/cdnoticias.com\/index.php\/wp-json\/wp\/v2\/posts"}],"about":[{"href":"https:\/\/cdnoticias.com\/index.php\/wp-json\/wp\/v2\/types\/post"}],"author":[{"embeddable":true,"href":"https:\/\/cdnoticias.com\/index.php\/wp-json\/wp\/v2\/users\/5"}],"replies":[{"embeddable":true,"href":"https:\/\/cdnoticias.com\/index.php\/wp-json\/wp\/v2\/comments?post=197638"}],"version-history":[{"count":0,"href":"https:\/\/cdnoticias.com\/index.php\/wp-json\/wp\/v2\/posts\/197638\/revisions"}],"wp:featuredmedia":[{"embeddable":true,"href":"https:\/\/cdnoticias.com\/index.php\/wp-json\/wp\/v2\/media\/165643"}],"wp:attachment":[{"href":"https:\/\/cdnoticias.com\/index.php\/wp-json\/wp\/v2\/media?parent=197638"}],"wp:term":[{"taxonomy":"category","embeddable":true,"href":"https:\/\/cdnoticias.com\/index.php\/wp-json\/wp\/v2\/categories?post=197638"},{"taxonomy":"post_tag","embeddable":true,"href":"https:\/\/cdnoticias.com\/index.php\/wp-json\/wp\/v2\/tags?post=197638"}],"curies":[{"name":"wp","href":"https:\/\/api.w.org\/{rel}","templated":true}]}}