{"id":197629,"date":"2026-03-15T18:26:00","date_gmt":"2026-03-15T21:26:00","guid":{"rendered":"https:\/\/cdnoticias.com\/?p=197629"},"modified":"2026-03-16T07:13:51","modified_gmt":"2026-03-16T10:13:51","slug":"reunion-con-andres-malamud-en-el-marco-del-programa-municipal-de-relaciones-internacionales","status":"publish","type":"post","link":"https:\/\/cdnoticias.com\/index.php\/2026\/03\/15\/reunion-con-andres-malamud-en-el-marco-del-programa-municipal-de-relaciones-internacionales\/","title":{"rendered":"Reuni\u00f3n con Andr\u00e9s Malamud en el marco del Programa Municipal de Relaciones Internacionales"},"content":{"rendered":"\n<p>El encuentro se realiz\u00f3 en el Palacio Municipal y fue impulsado por la Secretar\u00eda de Desarrollo Econ\u00f3mico y Productivo. Se abordaron estrategias para fortalecer v\u00ednculos internacionales y atraer inversiones.<\/p>\n\n\n\n<hr class=\"wp-block-separator has-alpha-channel-opacity\"\/>\n\n\n\n<p>En la ma\u00f1ana del \u00faltimo s\u00e1bado se realiz\u00f3 en el Palacio Municipal un <strong>encuentro con el doctor en Ciencias Pol\u00edticas e investigador olavarriense especializado en pol\u00edtica exterior, Andr\u00e9s Malamud<\/strong>, en el marco del <strong>Programa Municipal de Relaciones Internacionales.<\/strong><\/p>\n\n\n\n<p><\/p>\n\n\n\n<p>La reuni\u00f3n se desarroll\u00f3 en la sala de reuniones del edificio municipal y fue encabezada por el <strong>subsecretario de Empresas e Inversiones, Bernardo Baldino. <\/strong>Tambi\u00e9n particip\u00f3 la <strong>concejala Bel\u00e9n Abraham, licenciada en Relaciones Internacionales.<\/strong><\/p>\n\n\n\n<p><\/p>\n\n\n\n<p>El encuentro se inscribe en una serie de reuniones y mesas de trabajo impulsadas desde la Secretar\u00eda de Desarrollo Econ\u00f3mico y Productivo con distintos actores, con el objetivo de <strong>dar a conocer los alcances de este programa <\/strong>orientado a la promoci\u00f3n productiva, la atracci\u00f3n de inversiones y el fortalecimiento del entramado empresarial local.<\/p>\n\n\n\n<p><\/p>\n\n\n\n<p>Durante la jornada, adem\u00e1s de presentar los lineamientos y proyecciones del programa, se busc\u00f3 <strong>conocer la experiencia y la mirada de Malamud en materia de pol\u00edtica internacional,<\/strong> con el fin de reunir conceptos y herramientas que puedan ser aplicados en el desarrollo de futuras acciones del plan.<\/p>\n\n\n\n<p><\/p>\n\n\n\n<p>La iniciativa tiene como meta no solo la generaci\u00f3n de v\u00ednculos comerciales con otros pa\u00edses, sino tambi\u00e9n el <strong>intercambio de experiencias <\/strong>en \u00e1mbitos vinculados a la gesti\u00f3n p\u00fablica y privada.<\/p>\n\n\n\n<p><\/p>\n\n\n\n<p>Cabe recordar que semanas atr\u00e1s se realiz\u00f3 un encuentro de caracter\u00edsticas similares con referentes del sector productivo e industrial de la ciudad, que cont\u00f3 con la participaci\u00f3n de autoridades de la <strong>Uni\u00f3n Industrial y de la Asociaci\u00f3n de Propietarios del Parque Industrial de Olavarr\u00eda.<\/strong><\/p>\n\n\n\n<p><\/p>\n\n\n\n<p>En paralelo, <strong>Baldino y Abraham tambi\u00e9n mantuvieron reuniones con representantes del Departamento de Canelones, en Uruguay,<\/strong> distrito integrado por cerca de 29 municipios, con el objetivo de avanzar en la construcci\u00f3n de v\u00ednculos estrat\u00e9gicos para una futura articulaci\u00f3n comercial, industrial y productiva.<\/p>\n\n\n\n<p><\/p>\n\n\n\n<p>Asimismo, <strong>se mantienen contactos con representantes de Portugal, particularmente con la ciudad de Leiria <\/strong>\u2014hermanada con Olavarr\u00eda\u2014 para desarrollar instancias de intercambio t\u00e9cnico y avanzar en un proyecto de articulaci\u00f3n social. A esto se suman <strong>conversaciones con Vaca Narvaja, ex embajador argentino en China, orientadas a generar nuevos v\u00ednculos internacionales para el distrito.<\/strong><\/p>\n","protected":false},"excerpt":{"rendered":"<p>El encuentro se realiz\u00f3 en el Palacio Municipal y fue impulsado por la Secretar\u00eda de Desarrollo Econ\u00f3mico y Productivo. Se<\/p>\n","protected":false},"author":5,"featured_media":197630,"comment_status":"closed","ping_status":"closed","sticky":false,"template":"","format":"standard","meta":{"_jetpack_memberships_contains_paid_content":false,"footnotes":""},"categories":[4,1],"tags":[],"class_list":["post-197629","post","type-post","status-publish","format-standard","has-post-thumbnail","hentry","category-politica","category-portada"],"jetpack_featured_media_url":"https:\/\/i0.wp.com\/cdnoticias.com\/wp-content\/uploads\/2026\/03\/Relaciones-Internacionales-Malamud-1024x683-1.jpeg?fit=1024%2C683&ssl=1","jetpack_sharing_enabled":true,"_links":{"self":[{"href":"https:\/\/cdnoticias.com\/index.php\/wp-json\/wp\/v2\/posts\/197629","targetHints":{"allow":["GET"]}}],"collection":[{"href":"https:\/\/cdnoticias.com\/index.php\/wp-json\/wp\/v2\/posts"}],"about":[{"href":"https:\/\/cdnoticias.com\/index.php\/wp-json\/wp\/v2\/types\/post"}],"author":[{"embeddable":true,"href":"https:\/\/cdnoticias.com\/index.php\/wp-json\/wp\/v2\/users\/5"}],"replies":[{"embeddable":true,"href":"https:\/\/cdnoticias.com\/index.php\/wp-json\/wp\/v2\/comments?post=197629"}],"version-history":[{"count":0,"href":"https:\/\/cdnoticias.com\/index.php\/wp-json\/wp\/v2\/posts\/197629\/revisions"}],"wp:featuredmedia":[{"embeddable":true,"href":"https:\/\/cdnoticias.com\/index.php\/wp-json\/wp\/v2\/media\/197630"}],"wp:attachment":[{"href":"https:\/\/cdnoticias.com\/index.php\/wp-json\/wp\/v2\/media?parent=197629"}],"wp:term":[{"taxonomy":"category","embeddable":true,"href":"https:\/\/cdnoticias.com\/index.php\/wp-json\/wp\/v2\/categories?post=197629"},{"taxonomy":"post_tag","embeddable":true,"href":"https:\/\/cdnoticias.com\/index.php\/wp-json\/wp\/v2\/tags?post=197629"}],"curies":[{"name":"wp","href":"https:\/\/api.w.org\/{rel}","templated":true}]}}