{"id":197626,"date":"2026-03-16T17:41:47","date_gmt":"2026-03-16T20:41:47","guid":{"rendered":"https:\/\/cdnoticias.com\/?p=197626"},"modified":"2026-03-16T17:41:49","modified_gmt":"2026-03-16T20:41:49","slug":"encuentro-y-te-por-el-dia-de-la-mujer-en-la-camara-empresaria","status":"publish","type":"post","link":"https:\/\/cdnoticias.com\/index.php\/2026\/03\/16\/encuentro-y-te-por-el-dia-de-la-mujer-en-la-camara-empresaria\/","title":{"rendered":"Encuentro y t\u00e9 por el D\u00eda de la Mujer en la C\u00e1mara Empresaria"},"content":{"rendered":"\n<p>M\u00e1s de 35 empresarias, emprendedoras y profesionales participaron de la actividad. Hubo degustaciones, sorteos y presentaci\u00f3n de las propuestas del grupo femenino para este a\u00f1o.<\/p>\n\n\n\n<hr class=\"wp-block-separator has-alpha-channel-opacity\"\/>\n\n\n\n<p>La <strong>C\u00e1mara Empresaria<\/strong> fue sede de un encuentro que <strong>reuni\u00f3 a m\u00e1s de 35 mujeres empresarias, emprendedoras y profesionales <\/strong>en el marco de la conmemoraci\u00f3n del D\u00eda de la Mujer.<\/p>\n\n\n\n<p><\/p>\n\n\n\n<p>La actividad se realiz\u00f3 el 14 de marzo y tuvo como objetivo generar un <strong>espacio de intercambio, participaci\u00f3n y fortalecimiento de v\u00ednculos <\/strong>entre las mujeres que forman parte de la entidad.<\/p>\n\n\n\n<p><\/p>\n\n\n\n<p>Durante la jornada se comparti\u00f3 un t\u00e9 acompa\u00f1ado de degustaciones y demostraciones de distintos productos, lo que permiti\u00f3 a las participantes <strong>interactuar y dar a conocer sus emprendimientos y propuestas.<\/strong><\/p>\n\n\n\n<p><\/p>\n\n\n\n<p>El encuentro tambi\u00e9n <strong>incluy\u00f3 momentos recreativos, sorteos de productos y la presentaci\u00f3n de las iniciativas <\/strong>que el grupo femenino de la C\u00e1mara Empresaria tiene previstas desarrollar a lo largo de este a\u00f1o.<\/p>\n\n\n\n<p><\/p>\n\n\n\n<p>Desde la organizaci\u00f3n destacaron que la actividad permiti\u00f3 generar un <strong>\u00e1mbito de encuentro<\/strong> para compartir experiencias y avanzar en propuestas que buscan impulsar el crecimiento y desarrollo de las mujeres dentro del \u00e1mbito empresarial.<\/p>\n","protected":false},"excerpt":{"rendered":"<p>M\u00e1s de 35 empresarias, emprendedoras y profesionales participaron de la actividad. Hubo degustaciones, sorteos y presentaci\u00f3n de las propuestas del<\/p>\n","protected":false},"author":5,"featured_media":197627,"comment_status":"closed","ping_status":"closed","sticky":false,"template":"","format":"standard","meta":{"_jetpack_memberships_contains_paid_content":false,"footnotes":""},"categories":[3,1],"tags":[],"class_list":["post-197626","post","type-post","status-publish","format-standard","has-post-thumbnail","hentry","category-genero","category-portada"],"jetpack_featured_media_url":"https:\/\/i0.wp.com\/cdnoticias.com\/wp-content\/uploads\/2026\/03\/WhatsApp-Image-2026-03-15-at-4.20.24-PM.jpeg?fit=1600%2C721&ssl=1","jetpack_sharing_enabled":true,"_links":{"self":[{"href":"https:\/\/cdnoticias.com\/index.php\/wp-json\/wp\/v2\/posts\/197626","targetHints":{"allow":["GET"]}}],"collection":[{"href":"https:\/\/cdnoticias.com\/index.php\/wp-json\/wp\/v2\/posts"}],"about":[{"href":"https:\/\/cdnoticias.com\/index.php\/wp-json\/wp\/v2\/types\/post"}],"author":[{"embeddable":true,"href":"https:\/\/cdnoticias.com\/index.php\/wp-json\/wp\/v2\/users\/5"}],"replies":[{"embeddable":true,"href":"https:\/\/cdnoticias.com\/index.php\/wp-json\/wp\/v2\/comments?post=197626"}],"version-history":[{"count":0,"href":"https:\/\/cdnoticias.com\/index.php\/wp-json\/wp\/v2\/posts\/197626\/revisions"}],"wp:featuredmedia":[{"embeddable":true,"href":"https:\/\/cdnoticias.com\/index.php\/wp-json\/wp\/v2\/media\/197627"}],"wp:attachment":[{"href":"https:\/\/cdnoticias.com\/index.php\/wp-json\/wp\/v2\/media?parent=197626"}],"wp:term":[{"taxonomy":"category","embeddable":true,"href":"https:\/\/cdnoticias.com\/index.php\/wp-json\/wp\/v2\/categories?post=197626"},{"taxonomy":"post_tag","embeddable":true,"href":"https:\/\/cdnoticias.com\/index.php\/wp-json\/wp\/v2\/tags?post=197626"}],"curies":[{"name":"wp","href":"https:\/\/api.w.org\/{rel}","templated":true}]}}