{"id":197622,"date":"2026-03-15T20:09:20","date_gmt":"2026-03-15T23:09:20","guid":{"rendered":"https:\/\/cdnoticias.com\/?p=197622"},"modified":"2026-03-16T08:07:47","modified_gmt":"2026-03-16T11:07:47","slug":"doble-alerta-por-tormentas-fuertes-para-olavarria-desde-la-noche-de-este-domingo","status":"publish","type":"post","link":"https:\/\/cdnoticias.com\/index.php\/2026\/03\/15\/doble-alerta-por-tormentas-fuertes-para-olavarria-desde-la-noche-de-este-domingo\/","title":{"rendered":"Doble alerta por tormentas fuertes para Olavarr\u00eda desde la noche de este domingo"},"content":{"rendered":"\n<p> Se esperan lluvias intensas, r\u00e1fagas de hasta 90 km\/h y posible granizo. La noche del domingo regir\u00e1 alerta amarilla por tormentas de variada intensidad.<\/p>\n\n\n\n<hr class=\"wp-block-separator has-alpha-channel-opacity\"\/>\n\n\n\n<p> El Servicio Meteorol\u00f3gico Nacional emiti\u00f3 una <strong>alerta amarilla para la noche de este domingo<\/strong> y una <strong>alerta naranja para la madrugada y ma\u00f1ana del lunes, as\u00ed como para la jornada del martes.<\/strong><\/p>\n\n\n\n<p><\/p>\n\n\n\n<p>Seg\u00fan el organismo, la <strong>alerta amarilla<\/strong> indica que el \u00e1rea ser\u00e1 afectada por <strong>tormentas de variada intensidad, algunas localmente fuertes.<\/strong> Se esperan lluvias abundantes en cortos per\u00edodos, actividad el\u00e9ctrica frecuente, ocasional granizo y r\u00e1fagas que pueden superar los 70 km\/h. Los valores de precipitaci\u00f3n acumulada estimados oscilan entre 25 y 60 mm, aunque podr\u00edan superarse de manera puntual.<\/p>\n\n\n\n<p><\/p>\n\n\n\n<figure class=\"wp-block-image size-large is-resized\"><img data-recalc-dims=\"1\" loading=\"lazy\" decoding=\"async\" width=\"800\" height=\"910\" src=\"https:\/\/i0.wp.com\/cdnoticias.com\/wp-content\/uploads\/2026\/03\/WhatsApp-Image-2026-03-15-at-7.50.18-PM.jpeg?resize=800%2C910&#038;ssl=1\" alt=\"\" class=\"wp-image-197633\" style=\"width:707px;height:auto\" srcset=\"https:\/\/i0.wp.com\/cdnoticias.com\/wp-content\/uploads\/2026\/03\/WhatsApp-Image-2026-03-15-at-7.50.18-PM.jpeg?resize=900%2C1024&amp;ssl=1 900w, https:\/\/i0.wp.com\/cdnoticias.com\/wp-content\/uploads\/2026\/03\/WhatsApp-Image-2026-03-15-at-7.50.18-PM.jpeg?resize=264%2C300&amp;ssl=1 264w, https:\/\/i0.wp.com\/cdnoticias.com\/wp-content\/uploads\/2026\/03\/WhatsApp-Image-2026-03-15-at-7.50.18-PM.jpeg?resize=768%2C873&amp;ssl=1 768w, https:\/\/i0.wp.com\/cdnoticias.com\/wp-content\/uploads\/2026\/03\/WhatsApp-Image-2026-03-15-at-7.50.18-PM.jpeg?w=1056&amp;ssl=1 1056w\" sizes=\"auto, (max-width: 800px) 100vw, 800px\" \/><\/figure>\n\n\n\n<p><\/p>\n\n\n\n<p>Por su parte, la <strong>alerta naranja <\/strong>se\u00f1ala que las tormentas ser\u00e1n fuertes y algunas localmente severas, con lluvias intensas en cortos per\u00edodos, actividad el\u00e9ctrica frecuente, granizo ocasional y <strong>r\u00e1fagas que podr\u00edan alcanzar los 90 km\/h. <\/strong>La precipitaci\u00f3n acumulada se prev\u00e9 entre 50 y 80 mm, con posibilidad de superar estos valores en forma puntual.<\/p>\n\n\n\n<p><\/p>\n\n\n\n<figure class=\"wp-block-image size-large is-resized\"><img data-recalc-dims=\"1\" loading=\"lazy\" decoding=\"async\" width=\"800\" height=\"894\" src=\"https:\/\/i0.wp.com\/cdnoticias.com\/wp-content\/uploads\/2026\/03\/WhatsApp-Image-2026-03-15-at-7.50.16-PM.jpeg?resize=800%2C894&#038;ssl=1\" alt=\"\" class=\"wp-image-197634\" style=\"width:687px;height:auto\" srcset=\"https:\/\/i0.wp.com\/cdnoticias.com\/wp-content\/uploads\/2026\/03\/WhatsApp-Image-2026-03-15-at-7.50.16-PM.jpeg?resize=916%2C1024&amp;ssl=1 916w, https:\/\/i0.wp.com\/cdnoticias.com\/wp-content\/uploads\/2026\/03\/WhatsApp-Image-2026-03-15-at-7.50.16-PM.jpeg?resize=268%2C300&amp;ssl=1 268w, https:\/\/i0.wp.com\/cdnoticias.com\/wp-content\/uploads\/2026\/03\/WhatsApp-Image-2026-03-15-at-7.50.16-PM.jpeg?resize=768%2C858&amp;ssl=1 768w, https:\/\/i0.wp.com\/cdnoticias.com\/wp-content\/uploads\/2026\/03\/WhatsApp-Image-2026-03-15-at-7.50.16-PM.jpeg?w=1080&amp;ssl=1 1080w\" sizes=\"auto, (max-width: 800px) 100vw, 800px\" \/><\/figure>\n\n\n\n<p><\/p>\n\n\n\n<p>Se recomienda a la poblaci\u00f3n <strong>extremar precauciones, evitar circular por zonas anegadas y mantenerse informada<\/strong> a trav\u00e9s de los canales oficiales del Servicio Meteorol\u00f3gico Nacional.<\/p>\n\n\n\n<p><\/p>\n\n\n\n<figure class=\"wp-block-image size-large is-resized\"><img data-recalc-dims=\"1\" loading=\"lazy\" decoding=\"async\" width=\"800\" height=\"895\" src=\"https:\/\/i0.wp.com\/cdnoticias.com\/wp-content\/uploads\/2026\/03\/WhatsApp-Image-2026-03-15-at-7.50.19-PM.jpeg?resize=800%2C895&#038;ssl=1\" alt=\"\" class=\"wp-image-197635\" style=\"width:684px;height:auto\" srcset=\"https:\/\/i0.wp.com\/cdnoticias.com\/wp-content\/uploads\/2026\/03\/WhatsApp-Image-2026-03-15-at-7.50.19-PM.jpeg?resize=915%2C1024&amp;ssl=1 915w, https:\/\/i0.wp.com\/cdnoticias.com\/wp-content\/uploads\/2026\/03\/WhatsApp-Image-2026-03-15-at-7.50.19-PM.jpeg?resize=268%2C300&amp;ssl=1 268w, https:\/\/i0.wp.com\/cdnoticias.com\/wp-content\/uploads\/2026\/03\/WhatsApp-Image-2026-03-15-at-7.50.19-PM.jpeg?resize=768%2C860&amp;ssl=1 768w, https:\/\/i0.wp.com\/cdnoticias.com\/wp-content\/uploads\/2026\/03\/WhatsApp-Image-2026-03-15-at-7.50.19-PM.jpeg?w=1080&amp;ssl=1 1080w\" sizes=\"auto, (max-width: 800px) 100vw, 800px\" \/><\/figure>\n\n\n\n<p> <\/p>\n\n\n\n<p><\/p>\n\n\n\n<p><\/p>\n","protected":false},"excerpt":{"rendered":"<p>Se esperan lluvias intensas, r\u00e1fagas de hasta 90 km\/h y posible granizo. La noche del domingo regir\u00e1 alerta amarilla por<\/p>\n","protected":false},"author":5,"featured_media":189581,"comment_status":"closed","ping_status":"closed","sticky":false,"template":"","format":"standard","meta":{"_jetpack_memberships_contains_paid_content":false,"footnotes":""},"categories":[5,1],"tags":[],"class_list":["post-197622","post","type-post","status-publish","format-standard","has-post-thumbnail","hentry","category-informacion-general","category-portada"],"jetpack_featured_media_url":"https:\/\/i0.wp.com\/cdnoticias.com\/wp-content\/uploads\/2025\/12\/lluvia-alerta-tormenta-olavarria3.jpg?fit=800%2C445&ssl=1","jetpack_sharing_enabled":true,"_links":{"self":[{"href":"https:\/\/cdnoticias.com\/index.php\/wp-json\/wp\/v2\/posts\/197622","targetHints":{"allow":["GET"]}}],"collection":[{"href":"https:\/\/cdnoticias.com\/index.php\/wp-json\/wp\/v2\/posts"}],"about":[{"href":"https:\/\/cdnoticias.com\/index.php\/wp-json\/wp\/v2\/types\/post"}],"author":[{"embeddable":true,"href":"https:\/\/cdnoticias.com\/index.php\/wp-json\/wp\/v2\/users\/5"}],"replies":[{"embeddable":true,"href":"https:\/\/cdnoticias.com\/index.php\/wp-json\/wp\/v2\/comments?post=197622"}],"version-history":[{"count":0,"href":"https:\/\/cdnoticias.com\/index.php\/wp-json\/wp\/v2\/posts\/197622\/revisions"}],"wp:featuredmedia":[{"embeddable":true,"href":"https:\/\/cdnoticias.com\/index.php\/wp-json\/wp\/v2\/media\/189581"}],"wp:attachment":[{"href":"https:\/\/cdnoticias.com\/index.php\/wp-json\/wp\/v2\/media?parent=197622"}],"wp:term":[{"taxonomy":"category","embeddable":true,"href":"https:\/\/cdnoticias.com\/index.php\/wp-json\/wp\/v2\/categories?post=197622"},{"taxonomy":"post_tag","embeddable":true,"href":"https:\/\/cdnoticias.com\/index.php\/wp-json\/wp\/v2\/tags?post=197622"}],"curies":[{"name":"wp","href":"https:\/\/api.w.org\/{rel}","templated":true}]}}