{"id":19762,"date":"2021-04-24T13:23:05","date_gmt":"2021-04-24T16:23:05","guid":{"rendered":"http:\/\/www.centraldenoticias.com.ar\/?p=19762"},"modified":"2021-04-24T14:38:41","modified_gmt":"2021-04-24T17:38:41","slug":"nuevo-allanamiento-positivo-por-el-asalto-a-una-vivienda","status":"publish","type":"post","link":"https:\/\/cdnoticias.com\/index.php\/2021\/04\/24\/nuevo-allanamiento-positivo-por-el-asalto-a-una-vivienda\/","title":{"rendered":"Nuevo allanamiento positivo por el asalto a una vivienda"},"content":{"rendered":"<p class=\"western\"><span style=\"color: #000080;\"><span lang=\"zxx\"><span style=\"color: #000000;\"><span lang=\"es-ES\">Personal policial logr\u00f3 el secuestro de numerosos art\u00edculos electr\u00f3nicos. El operativo se dio en Mendoza al 3000. Es el cuarto allanamiento por el mismo robo.<\/span><\/span><\/span><\/span><!--more--><\/p>\n<hr \/>\n<p class=\"western\"><span style=\"color: #000080;\"><span lang=\"zxx\"><span style=\"color: #000000;\"><span lang=\"es-ES\"><strong>Un allanamiento con resultado positivo por el hallazgo de art\u00edculos electr\u00f3nicos presuntamente robados se concret\u00f3 en las \u00faltimas horas<\/strong>. Se dio en el marco de las <strong>averiguaciones por un violento robo<\/strong> registrado en los \u00faltimos d\u00edas en una <a href=\"https:\/\/cdnoticias.com\/index.php\/2021\/04\/19\/violento-robo-en-una-vivienda-de-barrio-provincias-argentinas\/\" target=\"_blank\" rel=\"noopener\">vivienda del barrio Provincias Argentinas<\/a>.<\/span><\/span><\/span><\/span><\/p>\n<p>&nbsp;<\/p>\n<p class=\"western\"><span style=\"color: #000080;\"><span lang=\"zxx\"><span style=\"color: #000000;\"><span lang=\"es-ES\">Se trata del <strong>cuarto allanamiento que se lleva adelante por el mismo hecho delictivo<\/strong>. Las averiguaciones est\u00e1n a cargo de la <strong>UFI N\u00ba 4<\/strong> con las tareas del <strong>Gabinete de Investigaci\u00f3n de Comisar\u00eda Segunda<\/strong> y de <strong>Subddi Local<\/strong>.<\/span><\/span><\/span><\/span><\/p>\n<p>&nbsp;<\/p>\n<blockquote>\n<p class=\"western\"><span style=\"color: #000080;\"><span lang=\"zxx\"><span style=\"color: #000000;\"><span lang=\"es-ES\">Se destac\u00f3 que se logr\u00f3 \u201creunir nuevos testimonios de importancia\u201d para el avance de la causa caratulada \u201crobo agravado por escalamiento y el uso de arma de fuego\u201d.<\/span><\/span><\/span><\/span><\/p>\n<\/blockquote>\n<p>&nbsp;<\/p>\n<p><img data-recalc-dims=\"1\" loading=\"lazy\" decoding=\"async\" class=\"aligncenter wp-image-19759 size-large\" src=\"https:\/\/i0.wp.com\/cdnoticias.com\/wp-content\/uploads\/2021\/04\/allanamiento-mendoza1.jpg?resize=800%2C445&#038;ssl=1\" alt=\"\" width=\"800\" height=\"445\" srcset=\"https:\/\/i0.wp.com\/cdnoticias.com\/wp-content\/uploads\/2021\/04\/allanamiento-mendoza1.jpg?resize=1024%2C570&amp;ssl=1 1024w, https:\/\/i0.wp.com\/cdnoticias.com\/wp-content\/uploads\/2021\/04\/allanamiento-mendoza1.jpg?resize=300%2C167&amp;ssl=1 300w, https:\/\/i0.wp.com\/cdnoticias.com\/wp-content\/uploads\/2021\/04\/allanamiento-mendoza1.jpg?resize=768%2C427&amp;ssl=1 768w, https:\/\/i0.wp.com\/cdnoticias.com\/wp-content\/uploads\/2021\/04\/allanamiento-mendoza1.jpg?resize=800%2C445&amp;ssl=1 800w, https:\/\/i0.wp.com\/cdnoticias.com\/wp-content\/uploads\/2021\/04\/allanamiento-mendoza1.jpg?w=1280&amp;ssl=1 1280w\" sizes=\"auto, (max-width: 800px) 100vw, 800px\" \/><\/p>\n<p>&nbsp;<\/p>\n<p class=\"western\"><strong><span style=\"color: #000080;\"><span lang=\"zxx\"><span style=\"color: #000000;\"><span lang=\"es-ES\">El asalto, cabe recordar, se registr\u00f3 en una vivienda Y<\/span><\/span><\/span><\/span><span style=\"color: #000080;\"><span lang=\"zxx\"><span style=\"color: #000000;\"><span lang=\"es-ES\">rigoyen al 4900 <\/span><\/span><\/span><\/span><\/strong><span style=\"color: #000080;\"><span lang=\"zxx\"><span style=\"color: #000000;\"><span lang=\"es-ES\">donde un hombre fue, adem\u00e1s, golpeado. El jueves <a href=\"https:\/\/cdnoticias.com\/index.php\/2021\/04\/22\/secuestraron-varios-elementos-en-allanamientos-por-un-violento-asalto-en-el-barrio-provincias-argentinas\/\" target=\"_blank\" rel=\"noopener\">se llevaron a cabo los primeros <\/a><\/span><\/span><\/span><\/span><span style=\"color: #000080;\"><span lang=\"zxx\"><span style=\"color: #000000;\"><span lang=\"es-ES\">allanamientos, <\/span><\/span><\/span><\/span><span style=\"color: #000080;\"><span lang=\"zxx\"><span style=\"color: #000000;\"><span lang=\"es-ES\">tambi\u00e9n con resultado positivo.<\/span><\/span><\/span><\/span><\/p>\n<p>&nbsp;<\/p>\n<p class=\"western\"><strong><span style=\"color: #000080;\"><span lang=\"zxx\"><span style=\"color: #000000;\"><span lang=\"es-ES\">En la noche del viernes, personal policial se present\u00f3 en un domicilio de<\/span><\/span><\/span><\/span><\/strong><span style=\"color: #000080;\"><span lang=\"zxx\"><span style=\"color: #000000;\"><span lang=\"es-ES\"><strong> Mendoza al 3000<\/strong> donde realiz\u00f3 un <strong>\u201callanamiento con anuencia\u201d<\/strong>.<\/span><\/span><\/span><\/span><\/p>\n<p>&nbsp;<\/p>\n<blockquote>\n<p class=\"western\"><span style=\"color: #000080;\"><span lang=\"zxx\"><span style=\"color: #000000;\"><span lang=\"es-ES\">All\u00ed se recogieron <\/span><\/span><\/span><\/span><span style=\"color: #000080;\"><span lang=\"zxx\"><span style=\"color: #000000;\"><span lang=\"es-ES\">un televisor led de 47 <\/span><\/span><\/span><\/span><span style=\"color: #000080;\"><span lang=\"zxx\"><span style=\"color: #000000;\"><span lang=\"es-ES\">pulgadas, <\/span><\/span><\/span><\/span><span style=\"color: #000080;\"><span lang=\"zxx\"><span style=\"color: #000000;\"><span lang=\"es-ES\">una aspiradora, <\/span><\/span><\/span><\/span><span style=\"color: #000080;\"><span lang=\"zxx\"><span style=\"color: #000000;\"><span lang=\"es-ES\">dos <\/span><\/span><\/span><\/span><span style=\"color: #000080;\"><span lang=\"zxx\"><span style=\"color: #000000;\"><span lang=\"es-ES\">notebook<\/span><\/span><\/span><\/span><span style=\"color: #000080;\"><span lang=\"zxx\"><span style=\"color: #000000;\"><span lang=\"es-ES\">s<\/span><\/span><\/span><\/span><span style=\"color: #000080;\"><span lang=\"zxx\"><span style=\"color: #000000;\"><span lang=\"es-ES\"> de <\/span><\/span><\/span><\/span><span style=\"color: #000080;\"><span lang=\"zxx\"><span style=\"color: #000000;\"><span lang=\"es-ES\">14 y <\/span><\/span><\/span><\/span><span style=\"color: #000080;\"><span lang=\"zxx\"><span style=\"color: #000000;\"><span lang=\"es-ES\">15 <\/span><\/span><\/span><\/span><span style=\"color: #000080;\"><span lang=\"zxx\"><span style=\"color: #000000;\"><span lang=\"es-ES\">pulgadas, <\/span><\/span><\/span><\/span><span style=\"color: #000080;\"><span lang=\"zxx\"><span style=\"color: #000000;\"><span lang=\"es-ES\">y dem\u00e1s elementos de inter\u00e9s.<\/span><\/span><\/span><\/span><\/p>\n<\/blockquote>\n<p>&nbsp;<\/p>\n<p class=\"western\"><span style=\"color: #000080;\"><span lang=\"zxx\"><span style=\"color: #000000;\"><span lang=\"es-ES\">Los art\u00edculos fueron <\/span><\/span><\/span><\/span><span style=\"color: #000080;\"><span lang=\"zxx\"><span style=\"color: #000000;\"><span lang=\"es-ES\">trasladados a sede de Comisar<\/span><\/span><\/span><\/span><span style=\"color: #000080;\"><span lang=\"zxx\"><span style=\"color: #000000;\"><span lang=\"es-ES\">\u00ed<\/span><\/span><\/span><\/span><span style=\"color: #000080;\"><span lang=\"zxx\"><span style=\"color: #000000;\"><span lang=\"es-ES\">a Segunda donde se puso en conocimiento a la UFI <\/span><\/span><\/span><\/span><span style=\"color: #000080;\"><span lang=\"zxx\"><span style=\"color: #000000;\"><span lang=\"es-ES\">N.\u00ba 4, a cargo de la fiscal Paula Serrano<\/span><\/span><\/span><\/span><span style=\"color: #000080;\"><span lang=\"zxx\"><span style=\"color: #000000;\"><span lang=\"es-ES\">. <\/span><\/span><\/span><\/span><span style=\"color: #000080;\"><span lang=\"zxx\"><span style=\"color: #000000;\"><span lang=\"es-ES\"><strong>Hasta el momento no hay personas detenidas por este hecho<\/strong>.<\/span><\/span><\/span><\/span><\/p>\n<p>&nbsp;<\/p>\n<p class=\"western\"><span style=\"color: #000080;\"><span lang=\"zxx\"><span style=\"color: #000000;\"><span lang=\"es-ES\">Los <strong>primeros allanamientos<\/strong> se hab\u00edan llevado adelante en Saavedra 3900, R\u00edo Negro al 3300 y sobre la prolongaci\u00f3n Sur de avenida Col\u00f3n.<\/span><\/span><\/span><\/span><\/p>\n","protected":false},"excerpt":{"rendered":"<p>Personal policial logr\u00f3 el secuestro de numerosos art\u00edculos electr\u00f3nicos. El operativo se dio en Mendoza al 3000. Es el cuarto<\/p>\n","protected":false},"author":4,"featured_media":19758,"comment_status":"closed","ping_status":"closed","sticky":false,"template":"","format":"standard","meta":{"_jetpack_memberships_contains_paid_content":false,"footnotes":""},"categories":[14,1],"tags":[],"class_list":["post-19762","post","type-post","status-publish","format-standard","has-post-thumbnail","hentry","category-policiales","category-portada"],"jetpack_featured_media_url":"https:\/\/i0.wp.com\/cdnoticias.com\/wp-content\/uploads\/2021\/04\/allanamiento-mendoza.jpg?fit=800%2C445&ssl=1","jetpack_sharing_enabled":true,"_links":{"self":[{"href":"https:\/\/cdnoticias.com\/index.php\/wp-json\/wp\/v2\/posts\/19762","targetHints":{"allow":["GET"]}}],"collection":[{"href":"https:\/\/cdnoticias.com\/index.php\/wp-json\/wp\/v2\/posts"}],"about":[{"href":"https:\/\/cdnoticias.com\/index.php\/wp-json\/wp\/v2\/types\/post"}],"author":[{"embeddable":true,"href":"https:\/\/cdnoticias.com\/index.php\/wp-json\/wp\/v2\/users\/4"}],"replies":[{"embeddable":true,"href":"https:\/\/cdnoticias.com\/index.php\/wp-json\/wp\/v2\/comments?post=19762"}],"version-history":[{"count":0,"href":"https:\/\/cdnoticias.com\/index.php\/wp-json\/wp\/v2\/posts\/19762\/revisions"}],"wp:featuredmedia":[{"embeddable":true,"href":"https:\/\/cdnoticias.com\/index.php\/wp-json\/wp\/v2\/media\/19758"}],"wp:attachment":[{"href":"https:\/\/cdnoticias.com\/index.php\/wp-json\/wp\/v2\/media?parent=19762"}],"wp:term":[{"taxonomy":"category","embeddable":true,"href":"https:\/\/cdnoticias.com\/index.php\/wp-json\/wp\/v2\/categories?post=19762"},{"taxonomy":"post_tag","embeddable":true,"href":"https:\/\/cdnoticias.com\/index.php\/wp-json\/wp\/v2\/tags?post=19762"}],"curies":[{"name":"wp","href":"https:\/\/api.w.org\/{rel}","templated":true}]}}