{"id":197616,"date":"2026-03-15T17:13:07","date_gmt":"2026-03-15T20:13:07","guid":{"rendered":"https:\/\/cdnoticias.com\/?p=197616"},"modified":"2026-03-15T20:09:49","modified_gmt":"2026-03-15T23:09:49","slug":"presentaron-la-antologia-literaria-2025-de-la-escuela-municipal-alfonsina","status":"publish","type":"post","link":"https:\/\/cdnoticias.com\/index.php\/2026\/03\/15\/presentaron-la-antologia-literaria-2025-de-la-escuela-municipal-alfonsina\/","title":{"rendered":"Presentaron la Antolog\u00eda Literaria 2025 de la Escuela Municipal \u201cAlfonsina\u201d"},"content":{"rendered":"\n<p>La obra re\u00fane producciones realizadas por estudiantes durante el a\u00f1o pasado. El acto incluy\u00f3 un reconocimiento a Nora Soll\u00e9 y un cierre musical con el Ensamble de Saxos.<\/p>\n\n\n\n<hr class=\"wp-block-separator has-alpha-channel-opacity\"\/>\n\n\n\n<p> En una actividad cargada de emoci\u00f3n se realiz\u00f3 la presentaci\u00f3n oficial de la <strong>Antolog\u00eda Literaria 2025<\/strong>, una obra impulsada desde el Municipio que re\u00fane las producciones literarias elaboradas por estudiantes de la <strong>Escuela Literaria Municipal \u201cAlfonsina\u201d.<\/strong><\/p>\n\n\n\n<p><\/p>\n\n\n\n<p>El acto tuvo lugar el \u00faltimo s\u00e1bado por la tarde en el auditorio del Centro Cultural Municipal San Jos\u00e9, donde desde las 19 horas se congreg\u00f3 un numeroso p\u00fablico que colm\u00f3 la sala para acompa\u00f1ar la actividad.<\/p>\n\n\n\n<p><\/p>\n\n\n\n<p>La apertura estuvo a cargo del director de Educaci\u00f3n del Municipio, Diego Lurbe, quien brind\u00f3 las palabras de bienvenida y encabez\u00f3 uno de los momentos destacados de la jornada: la <strong>entrega de un reconocimiento a Nora Soll\u00e9 por su extensa trayectoria y su aporte a la instituci\u00f3n.<\/strong> Soll\u00e9, docente y gestora cultural local, dej\u00f3 recientemente la coordinaci\u00f3n del espacio tras d\u00e9cadas de trabajo. En su lugar asumir\u00e1 la docente Mar\u00eda Victoria Pesci.<\/p>\n\n\n\n<p><\/p>\n\n\n\n<figure class=\"wp-block-image size-large\"><img data-recalc-dims=\"1\" loading=\"lazy\" decoding=\"async\" width=\"800\" height=\"530\" src=\"https:\/\/i0.wp.com\/cdnoticias.com\/wp-content\/uploads\/2026\/03\/Presentacion-Antologia-literaria-6-scaled-1.jpg?resize=800%2C530&#038;ssl=1\" alt=\"\" class=\"wp-image-197619\" srcset=\"https:\/\/i0.wp.com\/cdnoticias.com\/wp-content\/uploads\/2026\/03\/Presentacion-Antologia-literaria-6-scaled-1.jpg?resize=1024%2C678&amp;ssl=1 1024w, https:\/\/i0.wp.com\/cdnoticias.com\/wp-content\/uploads\/2026\/03\/Presentacion-Antologia-literaria-6-scaled-1.jpg?resize=300%2C199&amp;ssl=1 300w, https:\/\/i0.wp.com\/cdnoticias.com\/wp-content\/uploads\/2026\/03\/Presentacion-Antologia-literaria-6-scaled-1.jpg?resize=768%2C509&amp;ssl=1 768w, https:\/\/i0.wp.com\/cdnoticias.com\/wp-content\/uploads\/2026\/03\/Presentacion-Antologia-literaria-6-scaled-1.jpg?resize=1536%2C1018&amp;ssl=1 1536w, https:\/\/i0.wp.com\/cdnoticias.com\/wp-content\/uploads\/2026\/03\/Presentacion-Antologia-literaria-6-scaled-1.jpg?resize=2048%2C1357&amp;ssl=1 2048w, https:\/\/i0.wp.com\/cdnoticias.com\/wp-content\/uploads\/2026\/03\/Presentacion-Antologia-literaria-6-scaled-1.jpg?w=1600&amp;ssl=1 1600w, https:\/\/i0.wp.com\/cdnoticias.com\/wp-content\/uploads\/2026\/03\/Presentacion-Antologia-literaria-6-scaled-1.jpg?w=2400&amp;ssl=1 2400w\" sizes=\"auto, (max-width: 800px) 100vw, 800px\" \/><\/figure>\n\n\n\n<p><\/p>\n\n\n\n<p>Posteriormente se realiz\u00f3 la presentaci\u00f3n del libro que re\u00fane los textos producidos por los estudiantes durante el a\u00f1o 2025, en el marco de las propuestas formativas del espacio literario municipal.<\/p>\n\n\n\n<p><\/p>\n\n\n\n<p>La actividad concluy\u00f3 con la presentaci\u00f3n en vivo del Ensamble de Saxos de la Escuela Municipal de M\u00fasica.<\/p>\n\n\n\n<p><\/p>\n\n\n\n<figure class=\"wp-block-image size-large\"><img data-recalc-dims=\"1\" loading=\"lazy\" decoding=\"async\" width=\"800\" height=\"502\" src=\"https:\/\/i0.wp.com\/cdnoticias.com\/wp-content\/uploads\/2026\/03\/Presentacion-Antologia-literaria-2-scaled-1.jpg?resize=800%2C502&#038;ssl=1\" alt=\"\" class=\"wp-image-197618\" srcset=\"https:\/\/i0.wp.com\/cdnoticias.com\/wp-content\/uploads\/2026\/03\/Presentacion-Antologia-literaria-2-scaled-1.jpg?resize=1024%2C642&amp;ssl=1 1024w, https:\/\/i0.wp.com\/cdnoticias.com\/wp-content\/uploads\/2026\/03\/Presentacion-Antologia-literaria-2-scaled-1.jpg?resize=300%2C188&amp;ssl=1 300w, https:\/\/i0.wp.com\/cdnoticias.com\/wp-content\/uploads\/2026\/03\/Presentacion-Antologia-literaria-2-scaled-1.jpg?resize=768%2C482&amp;ssl=1 768w, https:\/\/i0.wp.com\/cdnoticias.com\/wp-content\/uploads\/2026\/03\/Presentacion-Antologia-literaria-2-scaled-1.jpg?resize=1536%2C964&amp;ssl=1 1536w, https:\/\/i0.wp.com\/cdnoticias.com\/wp-content\/uploads\/2026\/03\/Presentacion-Antologia-literaria-2-scaled-1.jpg?resize=2048%2C1285&amp;ssl=1 2048w, https:\/\/i0.wp.com\/cdnoticias.com\/wp-content\/uploads\/2026\/03\/Presentacion-Antologia-literaria-2-scaled-1.jpg?w=1600&amp;ssl=1 1600w, https:\/\/i0.wp.com\/cdnoticias.com\/wp-content\/uploads\/2026\/03\/Presentacion-Antologia-literaria-2-scaled-1.jpg?w=2400&amp;ssl=1 2400w\" sizes=\"auto, (max-width: 800px) 100vw, 800px\" \/><\/figure>\n\n\n\n<p><\/p>\n\n\n\n<p>La Escuela Literaria Municipal \u201cAlfonsina\u201d forma parte de las propuestas educativas impulsadas por el Municipio para distintos niveles de formaci\u00f3n. Su objetivo es <strong>promover la participaci\u00f3n de ni\u00f1os, j\u00f3venes y adultos en espacios de creaci\u00f3n art\u00edstica<\/strong>, brindando herramientas para el desarrollo del potencial literario y cultural de la comunidad.<\/p>\n","protected":false},"excerpt":{"rendered":"<p>La obra re\u00fane producciones realizadas por estudiantes durante el a\u00f1o pasado. El acto incluy\u00f3 un reconocimiento a Nora Soll\u00e9 y<\/p>\n","protected":false},"author":5,"featured_media":197617,"comment_status":"closed","ping_status":"closed","sticky":false,"template":"","format":"standard","meta":{"_jetpack_memberships_contains_paid_content":false,"footnotes":""},"categories":[9,1],"tags":[],"class_list":["post-197616","post","type-post","status-publish","format-standard","has-post-thumbnail","hentry","category-cultura","category-portada"],"jetpack_featured_media_url":"https:\/\/i0.wp.com\/cdnoticias.com\/wp-content\/uploads\/2026\/03\/Presentacion-Antologia-literaria-1-scaled-1.jpg?fit=2560%2C1696&ssl=1","jetpack_sharing_enabled":true,"_links":{"self":[{"href":"https:\/\/cdnoticias.com\/index.php\/wp-json\/wp\/v2\/posts\/197616","targetHints":{"allow":["GET"]}}],"collection":[{"href":"https:\/\/cdnoticias.com\/index.php\/wp-json\/wp\/v2\/posts"}],"about":[{"href":"https:\/\/cdnoticias.com\/index.php\/wp-json\/wp\/v2\/types\/post"}],"author":[{"embeddable":true,"href":"https:\/\/cdnoticias.com\/index.php\/wp-json\/wp\/v2\/users\/5"}],"replies":[{"embeddable":true,"href":"https:\/\/cdnoticias.com\/index.php\/wp-json\/wp\/v2\/comments?post=197616"}],"version-history":[{"count":0,"href":"https:\/\/cdnoticias.com\/index.php\/wp-json\/wp\/v2\/posts\/197616\/revisions"}],"wp:featuredmedia":[{"embeddable":true,"href":"https:\/\/cdnoticias.com\/index.php\/wp-json\/wp\/v2\/media\/197617"}],"wp:attachment":[{"href":"https:\/\/cdnoticias.com\/index.php\/wp-json\/wp\/v2\/media?parent=197616"}],"wp:term":[{"taxonomy":"category","embeddable":true,"href":"https:\/\/cdnoticias.com\/index.php\/wp-json\/wp\/v2\/categories?post=197616"},{"taxonomy":"post_tag","embeddable":true,"href":"https:\/\/cdnoticias.com\/index.php\/wp-json\/wp\/v2\/tags?post=197616"}],"curies":[{"name":"wp","href":"https:\/\/api.w.org\/{rel}","templated":true}]}}