{"id":197609,"date":"2026-03-15T12:23:56","date_gmt":"2026-03-15T15:23:56","guid":{"rendered":"https:\/\/cdnoticias.com\/?p=197609"},"modified":"2026-03-15T12:23:58","modified_gmt":"2026-03-15T15:23:58","slug":"comenzo-la-edicion-2026-del-programa-memoria-verde-en-el-bioparque-la-maxima","status":"publish","type":"post","link":"https:\/\/cdnoticias.com\/index.php\/2026\/03\/15\/comenzo-la-edicion-2026-del-programa-memoria-verde-en-el-bioparque-la-maxima\/","title":{"rendered":"Comenz\u00f3 la edici\u00f3n 2026 del programa \u201cMemoria Verde\u201d en el Bioparque La M\u00e1xima"},"content":{"rendered":"\n<p>La propuesta municipal est\u00e1 destinada a personas mayores de 60 a\u00f1os y busca estimular la memoria y el bienestar cognitivo a partir de actividades vinculadas con la naturaleza y el patrimonio del Bioparque.<\/p>\n\n\n\n<hr class=\"wp-block-separator aligncenter has-alpha-channel-opacity\"\/>\n\n\n\n<p>En el inicio de la tarde del \u00faltimo s\u00e1bado se realiz\u00f3 <strong>la primera jornada de la edici\u00f3n 2026 del programa municipal \u201cMemoria Verde\u201d, una iniciativa impulsada desde el Bioparque Municipal \u201cLa M\u00e1xima\u201d destinada a personas mayores de 60 a\u00f1os.<\/strong><\/p>\n\n\n\n<blockquote class=\"wp-block-quote is-layout-flow wp-block-quote-is-layout-flow\">\n<p>La propuesta tiene como objetivo promover el ejercicio de la memoria individual y colectiva, al tiempo que busca construir de manera conjunta un archivo vinculado con la historia y el patrimonio del tradicional espacio local.<\/p>\n<\/blockquote>\n\n\n\n<p>La actividad marc\u00f3 el lanzamiento y la presentaci\u00f3n formal del programa y estuvo encabezada por el responsable del Polo Educativo y Recreativo Municipal \u201cLa M\u00e1xima\u201d, Hern\u00e1n Quiroga, junto a integrantes del equipo de trabajo del Bioparque.<strong> La convocatoria hab\u00eda sido abierta semanas atr\u00e1s y el cupo disponible, de 15 participantes, se complet\u00f3 r\u00e1pidamente.<\/strong><\/p>\n\n\n\n<figure class=\"wp-block-image size-large\"><img data-recalc-dims=\"1\" loading=\"lazy\" decoding=\"async\" width=\"800\" height=\"530\" src=\"https:\/\/i0.wp.com\/cdnoticias.com\/wp-content\/uploads\/2026\/03\/Memoria-Verde-7-scaled-1.jpg?resize=800%2C530&#038;ssl=1\" alt=\"\" class=\"wp-image-197611\" srcset=\"https:\/\/i0.wp.com\/cdnoticias.com\/wp-content\/uploads\/2026\/03\/Memoria-Verde-7-scaled-1.jpg?resize=1024%2C678&amp;ssl=1 1024w, https:\/\/i0.wp.com\/cdnoticias.com\/wp-content\/uploads\/2026\/03\/Memoria-Verde-7-scaled-1.jpg?resize=300%2C199&amp;ssl=1 300w, https:\/\/i0.wp.com\/cdnoticias.com\/wp-content\/uploads\/2026\/03\/Memoria-Verde-7-scaled-1.jpg?resize=768%2C509&amp;ssl=1 768w, https:\/\/i0.wp.com\/cdnoticias.com\/wp-content\/uploads\/2026\/03\/Memoria-Verde-7-scaled-1.jpg?resize=1536%2C1018&amp;ssl=1 1536w, https:\/\/i0.wp.com\/cdnoticias.com\/wp-content\/uploads\/2026\/03\/Memoria-Verde-7-scaled-1.jpg?resize=2048%2C1357&amp;ssl=1 2048w, https:\/\/i0.wp.com\/cdnoticias.com\/wp-content\/uploads\/2026\/03\/Memoria-Verde-7-scaled-1.jpg?w=1600&amp;ssl=1 1600w, https:\/\/i0.wp.com\/cdnoticias.com\/wp-content\/uploads\/2026\/03\/Memoria-Verde-7-scaled-1.jpg?w=2400&amp;ssl=1 2400w\" sizes=\"auto, (max-width: 800px) 100vw, 800px\" \/><\/figure>\n\n\n\n<p><strong>\u201cMemoria Verde\u201d se plantea como un espacio orientado al bienestar cognitivo y social, aprovechando el entorno natural del Bioparque como escenario para el desarrollo de las distintas propuestas.<\/strong> En ese marco, se explic\u00f3 a las personas participantes que las actividades estar\u00e1n vinculadas con la educaci\u00f3n ambiental integral y la sostenibilidad, con el prop\u00f3sito de fortalecer la conexi\u00f3n con el patrimonio natural argentino.<\/p>\n\n\n\n<figure class=\"wp-block-image size-large\"><img data-recalc-dims=\"1\" loading=\"lazy\" decoding=\"async\" width=\"800\" height=\"530\" src=\"https:\/\/i0.wp.com\/cdnoticias.com\/wp-content\/uploads\/2026\/03\/Memoria-Verde-1-scaled-1.jpg?resize=800%2C530&#038;ssl=1\" alt=\"\" class=\"wp-image-197610\" srcset=\"https:\/\/i0.wp.com\/cdnoticias.com\/wp-content\/uploads\/2026\/03\/Memoria-Verde-1-scaled-1.jpg?resize=1024%2C678&amp;ssl=1 1024w, https:\/\/i0.wp.com\/cdnoticias.com\/wp-content\/uploads\/2026\/03\/Memoria-Verde-1-scaled-1.jpg?resize=300%2C199&amp;ssl=1 300w, https:\/\/i0.wp.com\/cdnoticias.com\/wp-content\/uploads\/2026\/03\/Memoria-Verde-1-scaled-1.jpg?resize=768%2C509&amp;ssl=1 768w, https:\/\/i0.wp.com\/cdnoticias.com\/wp-content\/uploads\/2026\/03\/Memoria-Verde-1-scaled-1.jpg?resize=1536%2C1018&amp;ssl=1 1536w, https:\/\/i0.wp.com\/cdnoticias.com\/wp-content\/uploads\/2026\/03\/Memoria-Verde-1-scaled-1.jpg?resize=2048%2C1357&amp;ssl=1 2048w, https:\/\/i0.wp.com\/cdnoticias.com\/wp-content\/uploads\/2026\/03\/Memoria-Verde-1-scaled-1.jpg?w=1600&amp;ssl=1 1600w, https:\/\/i0.wp.com\/cdnoticias.com\/wp-content\/uploads\/2026\/03\/Memoria-Verde-1-scaled-1.jpg?w=2400&amp;ssl=1 2400w\" sizes=\"auto, (max-width: 800px) 100vw, 800px\" \/><\/figure>\n\n\n\n<blockquote class=\"wp-block-quote is-layout-flow wp-block-quote-is-layout-flow\">\n<p>Las jornadas incluir\u00e1n propuestas l\u00fadicas y recreativas como caminatas, juegos de reconocimiento, ejercicios de memoria, actividades de dibujo y narrativa, entre otras din\u00e1micas destinadas a estimular y fortalecer los procesos cognitivos.<\/p>\n<\/blockquote>\n\n\n\n<p>Las actividades se desarrollar\u00e1n en articulaci\u00f3n con el entorno natural del Bioparque, integrando las propuestas con la riqueza aut\u00f3ctona del lugar.<\/p>\n\n\n\n<p>En el marco del programa tambi\u00e9n se prev\u00e9 <strong>la elaboraci\u00f3n de herbarios, fonotecas, audiogu\u00edas y distintos juegos, adem\u00e1s de espacios de socializaci\u00f3n orientados al intercambio de experiencias y a la preservaci\u00f3n del patrimonio natural y cultural del entorno.<\/strong><\/p>\n\n\n\n<figure class=\"wp-block-image size-large\"><img data-recalc-dims=\"1\" loading=\"lazy\" decoding=\"async\" width=\"800\" height=\"530\" src=\"https:\/\/i0.wp.com\/cdnoticias.com\/wp-content\/uploads\/2026\/03\/Memoria-Verde-6-scaled-1.jpg?resize=800%2C530&#038;ssl=1\" alt=\"\" class=\"wp-image-197612\" srcset=\"https:\/\/i0.wp.com\/cdnoticias.com\/wp-content\/uploads\/2026\/03\/Memoria-Verde-6-scaled-1.jpg?resize=1024%2C678&amp;ssl=1 1024w, https:\/\/i0.wp.com\/cdnoticias.com\/wp-content\/uploads\/2026\/03\/Memoria-Verde-6-scaled-1.jpg?resize=300%2C199&amp;ssl=1 300w, https:\/\/i0.wp.com\/cdnoticias.com\/wp-content\/uploads\/2026\/03\/Memoria-Verde-6-scaled-1.jpg?resize=768%2C509&amp;ssl=1 768w, https:\/\/i0.wp.com\/cdnoticias.com\/wp-content\/uploads\/2026\/03\/Memoria-Verde-6-scaled-1.jpg?resize=1536%2C1018&amp;ssl=1 1536w, https:\/\/i0.wp.com\/cdnoticias.com\/wp-content\/uploads\/2026\/03\/Memoria-Verde-6-scaled-1.jpg?resize=2048%2C1357&amp;ssl=1 2048w, https:\/\/i0.wp.com\/cdnoticias.com\/wp-content\/uploads\/2026\/03\/Memoria-Verde-6-scaled-1.jpg?w=1600&amp;ssl=1 1600w, https:\/\/i0.wp.com\/cdnoticias.com\/wp-content\/uploads\/2026\/03\/Memoria-Verde-6-scaled-1.jpg?w=2400&amp;ssl=1 2400w\" sizes=\"auto, (max-width: 800px) 100vw, 800px\" \/><\/figure>\n\n\n\n<p>El programa tendr\u00e1 una frecuencia quincenal y los encuentros se llevar\u00e1n a cabo los s\u00e1bados por la tarde.<\/p>\n","protected":false},"excerpt":{"rendered":"<p>La propuesta municipal est\u00e1 destinada a personas mayores de 60 a\u00f1os y busca estimular la memoria y el bienestar cognitivo<\/p>\n","protected":false},"author":2,"featured_media":197613,"comment_status":"closed","ping_status":"closed","sticky":false,"template":"","format":"standard","meta":{"_jetpack_memberships_contains_paid_content":false,"footnotes":""},"categories":[5,1],"tags":[],"class_list":["post-197609","post","type-post","status-publish","format-standard","has-post-thumbnail","hentry","category-informacion-general","category-portada"],"jetpack_featured_media_url":"https:\/\/i0.wp.com\/cdnoticias.com\/wp-content\/uploads\/2026\/03\/Memoria-Verde-2-scaled-1.jpg?fit=2560%2C1619&ssl=1","jetpack_sharing_enabled":true,"_links":{"self":[{"href":"https:\/\/cdnoticias.com\/index.php\/wp-json\/wp\/v2\/posts\/197609","targetHints":{"allow":["GET"]}}],"collection":[{"href":"https:\/\/cdnoticias.com\/index.php\/wp-json\/wp\/v2\/posts"}],"about":[{"href":"https:\/\/cdnoticias.com\/index.php\/wp-json\/wp\/v2\/types\/post"}],"author":[{"embeddable":true,"href":"https:\/\/cdnoticias.com\/index.php\/wp-json\/wp\/v2\/users\/2"}],"replies":[{"embeddable":true,"href":"https:\/\/cdnoticias.com\/index.php\/wp-json\/wp\/v2\/comments?post=197609"}],"version-history":[{"count":0,"href":"https:\/\/cdnoticias.com\/index.php\/wp-json\/wp\/v2\/posts\/197609\/revisions"}],"wp:featuredmedia":[{"embeddable":true,"href":"https:\/\/cdnoticias.com\/index.php\/wp-json\/wp\/v2\/media\/197613"}],"wp:attachment":[{"href":"https:\/\/cdnoticias.com\/index.php\/wp-json\/wp\/v2\/media?parent=197609"}],"wp:term":[{"taxonomy":"category","embeddable":true,"href":"https:\/\/cdnoticias.com\/index.php\/wp-json\/wp\/v2\/categories?post=197609"},{"taxonomy":"post_tag","embeddable":true,"href":"https:\/\/cdnoticias.com\/index.php\/wp-json\/wp\/v2\/tags?post=197609"}],"curies":[{"name":"wp","href":"https:\/\/api.w.org\/{rel}","templated":true}]}}