{"id":197595,"date":"2026-03-15T11:04:04","date_gmt":"2026-03-15T14:04:04","guid":{"rendered":"https:\/\/cdnoticias.com\/?p=197595"},"modified":"2026-03-15T18:26:30","modified_gmt":"2026-03-15T21:26:30","slug":"tras-un-raid-de-robo-de-camionetas-encontraron-todos-los-vehiculos-en-allanamientos","status":"publish","type":"post","link":"https:\/\/cdnoticias.com\/index.php\/2026\/03\/15\/tras-un-raid-de-robo-de-camionetas-encontraron-todos-los-vehiculos-en-allanamientos\/","title":{"rendered":"Tras un raid de robo de camionetas, encontraron todos los veh\u00edculos en allanamientos"},"content":{"rendered":"\n<p>Se trata de una Chevrolet S10, Blazer, una pickup Isuzu, entre otros. Hubo cuatro allanamientos en Olavarr\u00eda, Sierra Chica y Loma Negra. Secuestraron elementos vinculados al hecho delictivo, como una moto y 14 celulares.<\/p>\n\n\n\n<hr class=\"wp-block-separator aligncenter has-alpha-channel-opacity\"\/>\n\n\n\n<p><strong>Se logr\u00f3 el esclarecimiento de una serie de hechos delictivos vinculados al robo de camionetas en distintos puntos del Partido de Olavarr\u00eda. <\/strong>Las actuaciones abarcan causas caratuladas <em><strong>\u201cAveriguaci\u00f3n de il\u00edcito\u201d, \u201cHurto agravado\u201d, \u201cRobo de automotor\u201d, \u201cRobo\u201d y \u201cHurto agravado de veh\u00edculo dejado en la v\u00eda p\u00fablica\u201d.<\/strong><\/em><\/p>\n\n\n\n<p>De acuerdo con lo informado, los rodados sustra\u00eddos fueron cuatro camionetas Chevrolet S10, una pick up Isuzu y una Chevrolet Blazer, todos los cuales pudieron ser recuperados.<\/p>\n\n\n\n<p>A partir de los diversos procedimientos realizados por personal del Comando de Patrullas, Subcomisar\u00eda Loma Negra y Subcomisar\u00eda Hinojo, se logr\u00f3 el recupero de los veh\u00edculos. En ese marco, personal del Gabinete T\u00e9cnico Operativo de la Comisar\u00eda Segunda llev\u00f3 adelante tareas investigativas en los distintos lugares donde se cometieron los hechos y donde posteriormente fueron abandonados los rodados.<\/p>\n\n\n\n<figure class=\"wp-block-image size-large\"><img data-recalc-dims=\"1\" loading=\"lazy\" decoding=\"async\" width=\"800\" height=\"421\" src=\"https:\/\/i0.wp.com\/cdnoticias.com\/wp-content\/uploads\/2026\/03\/WhatsApp-Image-2026-03-14-at-20.51.07-2-e1773583407867-1024x539.jpeg?resize=800%2C421&#038;ssl=1\" alt=\"\" class=\"wp-image-197597\" srcset=\"https:\/\/i0.wp.com\/cdnoticias.com\/wp-content\/uploads\/2026\/03\/WhatsApp-Image-2026-03-14-at-20.51.07-2-e1773583407867.jpeg?resize=1024%2C539&amp;ssl=1 1024w, https:\/\/i0.wp.com\/cdnoticias.com\/wp-content\/uploads\/2026\/03\/WhatsApp-Image-2026-03-14-at-20.51.07-2-e1773583407867.jpeg?resize=300%2C158&amp;ssl=1 300w, https:\/\/i0.wp.com\/cdnoticias.com\/wp-content\/uploads\/2026\/03\/WhatsApp-Image-2026-03-14-at-20.51.07-2-e1773583407867.jpeg?resize=768%2C404&amp;ssl=1 768w, https:\/\/i0.wp.com\/cdnoticias.com\/wp-content\/uploads\/2026\/03\/WhatsApp-Image-2026-03-14-at-20.51.07-2-e1773583407867.jpeg?resize=390%2C205&amp;ssl=1 390w, https:\/\/i0.wp.com\/cdnoticias.com\/wp-content\/uploads\/2026\/03\/WhatsApp-Image-2026-03-14-at-20.51.07-2-e1773583407867.jpeg?w=1200&amp;ssl=1 1200w\" sizes=\"auto, (max-width: 800px) 100vw, 800px\" \/><\/figure>\n\n\n\n<p>Durante la investigaci\u00f3n <strong>se relevaron c\u00e1maras de seguridad privadas y del centro de monitoreo municipal, material que result\u00f3 clave para identificar a los presuntos autores y establecer un patr\u00f3n en su modalidad delictiva. Seg\u00fan se pudo determinar, utilizaban una llave de ignici\u00f3n parcialmente modificada para abrir y encender los veh\u00edculos.<\/strong><\/p>\n\n\n\n<p>Con las pruebas reunidas se solicitaron \u00f3rdenes de allanamiento que fueron otorgadas y ejecutadas en distintos domicilios de la ciudad y localidades cercanas. Los procedimientos se realizaron en la zona de <strong>Cort\u00e9s al 4500, avenida Sarmiento al 1400 en Loma Negra, Pichamahuida al 1300 en Sierra Chica y en la zona de Iriart Legorburu al 900, tambi\u00e9n en Sierra Chica.<\/strong> Particip\u00f3 personal de Comisar\u00eda Segunda con colaboraci\u00f3n de Subcomisar\u00eda Loma Negra, Subcomisar\u00eda Hinojo, Subcomisar\u00eda Sierra Chica, la Sub DDI local y el Grupo de Apoyo Departamental.<\/p>\n\n\n\n<figure class=\"wp-block-image size-large\"><img data-recalc-dims=\"1\" loading=\"lazy\" decoding=\"async\" width=\"800\" height=\"600\" src=\"https:\/\/i0.wp.com\/cdnoticias.com\/wp-content\/uploads\/2026\/03\/WhatsApp-Image-2026-03-14-at-20.51.07-1.jpeg?resize=800%2C600&#038;ssl=1\" alt=\"\" class=\"wp-image-197598\" srcset=\"https:\/\/i0.wp.com\/cdnoticias.com\/wp-content\/uploads\/2026\/03\/WhatsApp-Image-2026-03-14-at-20.51.07-1.jpeg?resize=1024%2C768&amp;ssl=1 1024w, https:\/\/i0.wp.com\/cdnoticias.com\/wp-content\/uploads\/2026\/03\/WhatsApp-Image-2026-03-14-at-20.51.07-1.jpeg?resize=300%2C225&amp;ssl=1 300w, https:\/\/i0.wp.com\/cdnoticias.com\/wp-content\/uploads\/2026\/03\/WhatsApp-Image-2026-03-14-at-20.51.07-1.jpeg?resize=768%2C576&amp;ssl=1 768w, https:\/\/i0.wp.com\/cdnoticias.com\/wp-content\/uploads\/2026\/03\/WhatsApp-Image-2026-03-14-at-20.51.07-1.jpeg?resize=1536%2C1152&amp;ssl=1 1536w, https:\/\/i0.wp.com\/cdnoticias.com\/wp-content\/uploads\/2026\/03\/WhatsApp-Image-2026-03-14-at-20.51.07-1.jpeg?w=1600&amp;ssl=1 1600w\" sizes=\"auto, (max-width: 800px) 100vw, 800px\" \/><\/figure>\n\n\n\n<blockquote class=\"wp-block-quote is-layout-flow wp-block-quote-is-layout-flow\">\n<p>Los allanamientos tuvieron resultado considerado altamente positivo. All\u00ed se secuestraron dos llaves de ignici\u00f3n correspondientes a camionetas Chevrolet S10, catorce tel\u00e9fonos celulares y diversas prendas de vestir de inter\u00e9s para la investigaci\u00f3n.<\/p>\n<\/blockquote>\n\n\n\n<p>Tambi\u00e9n fue incautado un motoveh\u00edculo Honda que habr\u00eda sido utilizado para realizar tareas previas a la sustracci\u00f3n de las camionetas. <strong>El rodado presentaba numeraci\u00f3n de motor y chasis suprimida, por lo que se iniciaron actuaciones por \u201cinfracci\u00f3n al art\u00edculo 289 del C\u00f3digo Penal\u201d con intervenci\u00f3n de la UFI N\u00ba 7 (Unidad Fiscal de Investigaci\u00f3n), a cargo del fiscal Christian Urlezaga.<\/strong><\/p>\n\n\n\n<figure class=\"wp-block-image size-large\"><img data-recalc-dims=\"1\" loading=\"lazy\" decoding=\"async\" width=\"800\" height=\"450\" src=\"https:\/\/i0.wp.com\/cdnoticias.com\/wp-content\/uploads\/2026\/03\/WhatsApp-Image-2026-03-14-at-20.51.08.jpeg?resize=800%2C450&#038;ssl=1\" alt=\"\" class=\"wp-image-197596\" srcset=\"https:\/\/i0.wp.com\/cdnoticias.com\/wp-content\/uploads\/2026\/03\/WhatsApp-Image-2026-03-14-at-20.51.08.jpeg?resize=1024%2C576&amp;ssl=1 1024w, https:\/\/i0.wp.com\/cdnoticias.com\/wp-content\/uploads\/2026\/03\/WhatsApp-Image-2026-03-14-at-20.51.08.jpeg?resize=300%2C169&amp;ssl=1 300w, https:\/\/i0.wp.com\/cdnoticias.com\/wp-content\/uploads\/2026\/03\/WhatsApp-Image-2026-03-14-at-20.51.08.jpeg?resize=768%2C432&amp;ssl=1 768w, https:\/\/i0.wp.com\/cdnoticias.com\/wp-content\/uploads\/2026\/03\/WhatsApp-Image-2026-03-14-at-20.51.08.jpeg?resize=1536%2C864&amp;ssl=1 1536w, https:\/\/i0.wp.com\/cdnoticias.com\/wp-content\/uploads\/2026\/03\/WhatsApp-Image-2026-03-14-at-20.51.08.jpeg?w=1600&amp;ssl=1 1600w\" sizes=\"auto, (max-width: 800px) 100vw, 800px\" \/><\/figure>\n\n\n\n<p>En los procedimientos adem\u00e1s se hallaron<strong> tres plantas de marihuana con un peso estimado de 800 gramos, lo que deriv\u00f3 en actuaciones por \u201cinfracci\u00f3n a la Ley 23.737\u201d con intervenci\u00f3n de la UFI N\u00ba 19 (Unidad Fiscal de Investigaci\u00f3n).<\/strong><\/p>\n\n\n\n<p><strong>Por estos hechos fueron imputados dos hombres mayores de edad y dos adolescentes.<\/strong> A los mayores se les notific\u00f3 de la formaci\u00f3n de causa conforme al art\u00edculo 60 del C\u00f3digo Procesal Penal, mientras que a los menores se les notific\u00f3 en el marco del art\u00edculo 36 de la Ley 13.634.<\/p>\n\n\n\n<p>La investigaci\u00f3n es llevada adelante por la UFI N\u00ba 17 (Unidad Fiscal de Investigaci\u00f3n) del Fuero de Responsabilidad Penal Juvenil de Azul, a cargo de la fiscal Mariela Viceconte. <strong>En el marco de las seis causas investigadas, los acusados contin\u00faan el proceso en libertad seg\u00fan lo establecido en el art\u00edculo 161 del C\u00f3digo Procesal Penal, mientras que los tel\u00e9fonos celulares secuestrados ser\u00e1n sometidos a pericias.<\/strong><\/p>\n","protected":false},"excerpt":{"rendered":"<p>Se trata de una Chevrolet S10, Blazer, una pickup Isuzu, entre otros. Hubo cuatro allanamientos en Olavarr\u00eda, Sierra Chica y<\/p>\n","protected":false},"author":2,"featured_media":197599,"comment_status":"closed","ping_status":"closed","sticky":false,"template":"","format":"standard","meta":{"_jetpack_memberships_contains_paid_content":false,"footnotes":""},"categories":[14,1],"tags":[],"class_list":["post-197595","post","type-post","status-publish","format-standard","has-post-thumbnail","hentry","category-policiales","category-portada"],"jetpack_featured_media_url":"https:\/\/i0.wp.com\/cdnoticias.com\/wp-content\/uploads\/2026\/03\/WhatsApp-Image-2026-03-14-at-20.51.07.jpeg?fit=1600%2C1204&ssl=1","jetpack_sharing_enabled":true,"_links":{"self":[{"href":"https:\/\/cdnoticias.com\/index.php\/wp-json\/wp\/v2\/posts\/197595","targetHints":{"allow":["GET"]}}],"collection":[{"href":"https:\/\/cdnoticias.com\/index.php\/wp-json\/wp\/v2\/posts"}],"about":[{"href":"https:\/\/cdnoticias.com\/index.php\/wp-json\/wp\/v2\/types\/post"}],"author":[{"embeddable":true,"href":"https:\/\/cdnoticias.com\/index.php\/wp-json\/wp\/v2\/users\/2"}],"replies":[{"embeddable":true,"href":"https:\/\/cdnoticias.com\/index.php\/wp-json\/wp\/v2\/comments?post=197595"}],"version-history":[{"count":0,"href":"https:\/\/cdnoticias.com\/index.php\/wp-json\/wp\/v2\/posts\/197595\/revisions"}],"wp:featuredmedia":[{"embeddable":true,"href":"https:\/\/cdnoticias.com\/index.php\/wp-json\/wp\/v2\/media\/197599"}],"wp:attachment":[{"href":"https:\/\/cdnoticias.com\/index.php\/wp-json\/wp\/v2\/media?parent=197595"}],"wp:term":[{"taxonomy":"category","embeddable":true,"href":"https:\/\/cdnoticias.com\/index.php\/wp-json\/wp\/v2\/categories?post=197595"},{"taxonomy":"post_tag","embeddable":true,"href":"https:\/\/cdnoticias.com\/index.php\/wp-json\/wp\/v2\/tags?post=197595"}],"curies":[{"name":"wp","href":"https:\/\/api.w.org\/{rel}","templated":true}]}}