{"id":197592,"date":"2026-03-15T09:31:56","date_gmt":"2026-03-15T12:31:56","guid":{"rendered":"https:\/\/cdnoticias.com\/?p=197592"},"modified":"2026-03-15T17:13:45","modified_gmt":"2026-03-15T20:13:45","slug":"pami-saldo-la-deuda-con-medicos-de-olavarria-y-se-normalizan-las-prestaciones","status":"publish","type":"post","link":"https:\/\/cdnoticias.com\/index.php\/2026\/03\/15\/pami-saldo-la-deuda-con-medicos-de-olavarria-y-se-normalizan-las-prestaciones\/","title":{"rendered":"PAMI sald\u00f3 la deuda con m\u00e9dicos de Olavarr\u00eda y se normalizan las prestaciones"},"content":{"rendered":"\n<p>Tras varios d\u00edas de conflicto y suspensi\u00f3n de la atenci\u00f3n a afiliados, en las \u00faltimas horas se acreditaron los pagos pendientes a los profesionales que prestan servicios para la obra social.<\/p>\n\n\n\n<hr class=\"wp-block-separator aligncenter has-alpha-channel-opacity\"\/>\n\n\n\n<p>El <strong>PAMI acredit\u00f3 en las \u00faltimas horas los pagos pendientes a los m\u00e9dicos que atienden a sus afiliados en Olavarr\u00eda,<\/strong> lo que permitir\u00e1 avanzar hacia la normalizaci\u00f3n de las prestaciones que se hab\u00edan visto afectadas por el cese de actividades dispuesto por los profesionales.<\/p>\n\n\n\n<p>La cancelaci\u00f3n de la deuda se concret\u00f3 luego de que<strong> m\u00e1s de veinte prestadores m\u00e9dicos resolvieran la semana pasada suspender la atenci\u00f3n a los afiliados de la obra social. Durante ese per\u00edodo los profesionales continuaron atendiendo \u00fanicamente de manera particular, cobrando la consulta.<\/strong><\/p>\n\n\n\n<p>Si bien se hab\u00eda acusado de ser s\u00f3lo una medida de dos profesionales, se conoci\u00f3 que <strong>tanto m\u00e9dicos de cabecera como m\u00e9dicos de algunas especialidades \u2013como cardiolog\u00eda- decidan realizar este cese de trabajo junto a la obra social.<\/strong><\/p>\n\n\n\n<blockquote class=\"wp-block-quote is-layout-flow wp-block-quote-is-layout-flow\">\n<p>Habitualmente los pagos del PAMI a los m\u00e9dicos registran una demora cercana a los dos meses. Sin embargo, en esta oportunidad el atraso alcanz\u00f3 los tres meses, situaci\u00f3n que deriv\u00f3 en la medida de fuerza y dej\u00f3 durante varios d\u00edas sin cobertura a numerosos afiliados.<\/p>\n<\/blockquote>\n\n\n\n<p>Con la <strong>acreditaci\u00f3n de los montos adeudados, concretada este s\u00e1bado,<\/strong> se espera que las prestaciones comiencen a normalizarse y que los afiliados puedan volver a acceder con regularidad a la atenci\u00f3n m\u00e9dica.<\/p>\n\n\n\n<p><\/p>\n","protected":false},"excerpt":{"rendered":"<p>Tras varios d\u00edas de conflicto y suspensi\u00f3n de la atenci\u00f3n a afiliados, en las \u00faltimas horas se acreditaron los pagos<\/p>\n","protected":false},"author":2,"featured_media":175048,"comment_status":"closed","ping_status":"closed","sticky":false,"template":"","format":"standard","meta":{"_jetpack_memberships_contains_paid_content":false,"footnotes":""},"categories":[5,1],"tags":[],"class_list":["post-197592","post","type-post","status-publish","format-standard","has-post-thumbnail","hentry","category-informacion-general","category-portada"],"jetpack_featured_media_url":"https:\/\/i0.wp.com\/cdnoticias.com\/wp-content\/uploads\/2025\/06\/pami-frente-00.jpg?fit=1000%2C556&ssl=1","jetpack_sharing_enabled":true,"_links":{"self":[{"href":"https:\/\/cdnoticias.com\/index.php\/wp-json\/wp\/v2\/posts\/197592","targetHints":{"allow":["GET"]}}],"collection":[{"href":"https:\/\/cdnoticias.com\/index.php\/wp-json\/wp\/v2\/posts"}],"about":[{"href":"https:\/\/cdnoticias.com\/index.php\/wp-json\/wp\/v2\/types\/post"}],"author":[{"embeddable":true,"href":"https:\/\/cdnoticias.com\/index.php\/wp-json\/wp\/v2\/users\/2"}],"replies":[{"embeddable":true,"href":"https:\/\/cdnoticias.com\/index.php\/wp-json\/wp\/v2\/comments?post=197592"}],"version-history":[{"count":0,"href":"https:\/\/cdnoticias.com\/index.php\/wp-json\/wp\/v2\/posts\/197592\/revisions"}],"wp:featuredmedia":[{"embeddable":true,"href":"https:\/\/cdnoticias.com\/index.php\/wp-json\/wp\/v2\/media\/175048"}],"wp:attachment":[{"href":"https:\/\/cdnoticias.com\/index.php\/wp-json\/wp\/v2\/media?parent=197592"}],"wp:term":[{"taxonomy":"category","embeddable":true,"href":"https:\/\/cdnoticias.com\/index.php\/wp-json\/wp\/v2\/categories?post=197592"},{"taxonomy":"post_tag","embeddable":true,"href":"https:\/\/cdnoticias.com\/index.php\/wp-json\/wp\/v2\/tags?post=197592"}],"curies":[{"name":"wp","href":"https:\/\/api.w.org\/{rel}","templated":true}]}}