{"id":197574,"date":"2026-03-16T18:33:41","date_gmt":"2026-03-16T21:33:41","guid":{"rendered":"https:\/\/cdnoticias.com\/?p=197574"},"modified":"2026-03-16T18:33:43","modified_gmt":"2026-03-16T21:33:43","slug":"el-municipio-abre-las-inscripciones-para-centros-de-dia-y-programas-destinados-a-adolescentes","status":"publish","type":"post","link":"https:\/\/cdnoticias.com\/index.php\/2026\/03\/16\/el-municipio-abre-las-inscripciones-para-centros-de-dia-y-programas-destinados-a-adolescentes\/","title":{"rendered":"El Municipio abre las inscripciones para Centros de D\u00eda y programas destinados a adolescentes"},"content":{"rendered":"\n<p>La convocatoria incluye a los Centros de D\u00eda Municipales y a los dispositivos Envi\u00f3n, Mujeres Adolescentes y Espacio Adolescente. Est\u00e1n destinados a ni\u00f1as, ni\u00f1os y j\u00f3venes con propuestas de acompa\u00f1amiento y actividades socioeducativas.<\/p>\n\n\n\n<hr class=\"wp-block-separator has-alpha-channel-opacity\"\/>\n\n\n\n<p>El Municipio inform\u00f3 que se encuentran abiertas las inscripciones a los <strong>Centros de D\u00eda Municipales 1, 2, 4, 5 y 7, espacios destinados a ni\u00f1as y ni\u00f1os de entre 3 y 12 a\u00f1os <\/strong>donde se brinda acompa\u00f1amiento, cuidado y propuestas socioeducativas desde un abordaje integral.<\/p>\n\n\n\n<p><\/p>\n\n\n\n<p>Los<strong> Centros de D\u00eda est\u00e1n distribuidos en distintos barrios de la ciudad <\/strong>y funcionan de <strong>lunes a viernes en turno ma\u00f1ana y turno tarde,<\/strong> permitiendo que los ni\u00f1os y ni\u00f1as puedan asistir a <strong>contraturno de la escuela.<\/strong><\/p>\n\n\n\n<p><\/p>\n\n\n\n<p>En estos espacios se desarrollan <strong>propuestas pedag\u00f3gicas y recreativas <\/strong>en el marco de una pol\u00edtica p\u00fablica orientada a la promoci\u00f3n y protecci\u00f3n integral de derechos. Para ello, los centros cuentan con equipos interdisciplinarios integrados por profesionales y docentes, que trabajan de manera conjunta acompa\u00f1ando el desarrollo integral de las ni\u00f1eces y promoviendo la socializaci\u00f3n, el aprendizaje y la participaci\u00f3n.<\/p>\n\n\n\n<p><\/p>\n\n\n\n<p>Asimismo, el Municipio dispone de dispositivos espec\u00edficos destinados a adolescentes, entre ellos <strong>Espacio Adolescente, Mujeres Adolescentes y las dos sedes del Programa Envi\u00f3n.<\/strong><\/p>\n\n\n\n<p><\/p>\n\n\n\n<p>En estos \u00e1mbitos se impulsan <strong>talleres de arte, actividades de educaci\u00f3n f\u00edsica, acompa\u00f1amiento educativo y espacios de escucha y orientaci\u00f3n<\/strong>, con el objetivo de fortalecer el desarrollo personal, promover la participaci\u00f3n activa, la construcci\u00f3n de proyectos de vida y el desarrollo de v\u00ednculos saludables.<\/p>\n\n\n\n<p><\/p>\n\n\n\n<p>Las personas interesadas en recibir m\u00e1s informaci\u00f3n o realizar la inscripci\u00f3n pueden acercarse a las sedes correspondientes de cada dispositivo.<\/p>\n","protected":false},"excerpt":{"rendered":"<p>La convocatoria incluye a los Centros de D\u00eda Municipales y a los dispositivos Envi\u00f3n, Mujeres Adolescentes y Espacio Adolescente. Est\u00e1n<\/p>\n","protected":false},"author":5,"featured_media":197575,"comment_status":"closed","ping_status":"closed","sticky":false,"template":"","format":"standard","meta":{"_jetpack_memberships_contains_paid_content":false,"footnotes":""},"categories":[9,1],"tags":[],"class_list":["post-197574","post","type-post","status-publish","format-standard","has-post-thumbnail","hentry","category-cultura","category-portada"],"jetpack_featured_media_url":"https:\/\/i0.wp.com\/cdnoticias.com\/wp-content\/uploads\/2026\/03\/centros-de-dia.png?fit=800%2C445&ssl=1","jetpack_sharing_enabled":true,"_links":{"self":[{"href":"https:\/\/cdnoticias.com\/index.php\/wp-json\/wp\/v2\/posts\/197574","targetHints":{"allow":["GET"]}}],"collection":[{"href":"https:\/\/cdnoticias.com\/index.php\/wp-json\/wp\/v2\/posts"}],"about":[{"href":"https:\/\/cdnoticias.com\/index.php\/wp-json\/wp\/v2\/types\/post"}],"author":[{"embeddable":true,"href":"https:\/\/cdnoticias.com\/index.php\/wp-json\/wp\/v2\/users\/5"}],"replies":[{"embeddable":true,"href":"https:\/\/cdnoticias.com\/index.php\/wp-json\/wp\/v2\/comments?post=197574"}],"version-history":[{"count":0,"href":"https:\/\/cdnoticias.com\/index.php\/wp-json\/wp\/v2\/posts\/197574\/revisions"}],"wp:featuredmedia":[{"embeddable":true,"href":"https:\/\/cdnoticias.com\/index.php\/wp-json\/wp\/v2\/media\/197575"}],"wp:attachment":[{"href":"https:\/\/cdnoticias.com\/index.php\/wp-json\/wp\/v2\/media?parent=197574"}],"wp:term":[{"taxonomy":"category","embeddable":true,"href":"https:\/\/cdnoticias.com\/index.php\/wp-json\/wp\/v2\/categories?post=197574"},{"taxonomy":"post_tag","embeddable":true,"href":"https:\/\/cdnoticias.com\/index.php\/wp-json\/wp\/v2\/tags?post=197574"}],"curies":[{"name":"wp","href":"https:\/\/api.w.org\/{rel}","templated":true}]}}