{"id":197561,"date":"2026-03-14T11:03:51","date_gmt":"2026-03-14T14:03:51","guid":{"rendered":"https:\/\/cdnoticias.com\/?p=197561"},"modified":"2026-03-14T16:05:04","modified_gmt":"2026-03-14T19:05:04","slug":"con-probables-lluvias-durante-todo-el-fin-de-semana-hay-alerta-meteorologica-para-el-lunes-en-olavarria","status":"publish","type":"post","link":"https:\/\/cdnoticias.com\/index.php\/2026\/03\/14\/con-probables-lluvias-durante-todo-el-fin-de-semana-hay-alerta-meteorologica-para-el-lunes-en-olavarria\/","title":{"rendered":"Con probables lluvias durante todo el fin de semana, hay alerta meteorol\u00f3gica para el lunes en Olavarr\u00eda"},"content":{"rendered":"\n<p>El fin de semana se destaca por temperaturas altas y probables tormentas durante los dos d\u00edas. El lunes a la ma\u00f1ana, alerta amarilla por tormentas.<\/p>\n\n\n\n<hr class=\"wp-block-separator aligncenter has-alpha-channel-opacity\"\/>\n\n\n\n<p>El fin de semana comenz\u00f3 para Olavarr\u00eda con un d\u00eda nublado, h\u00famedo y caluroso:<strong> tal como inform\u00f3 el Servicio Meteorol\u00f3gico Nacional, ser\u00e1 una constante para los dos d\u00edas, con pron\u00f3stico de calor y probables lluvias durante el s\u00e1bado y domingo.<\/strong><\/p>\n\n\n\n<p><strong>Las posibilidades de tormentas aisladas son m\u00e1s altas este s\u00e1bado por la ma\u00f1ana y el domingo por la noche, con m\u00e1ximas que alcanzar\u00e1n los 27 y 29 grados.<\/strong> El resto de los d\u00edas, la posibilidad de lluvias persiste pero en porcentajes muy bajos<\/p>\n\n\n\n<p>Para el lunes, adem\u00e1s, se anunci\u00f3 un <strong>alerta amarillo por tormentas para Olavarr\u00eda: seg\u00fan especific\u00f3 el SMN, <em>\u201cel \u00e1rea ser\u00e1 afectada por tormentas de variada intensidad, algunas localmente fuertes. Las mismas estar\u00e1n acompa\u00f1adas por lluvias abundantes en cortos per\u00edodos, actividad el\u00e9ctrica frecuente, ocasional ca\u00edda de granizo y r\u00e1fagas que pueden superar los 70 km\/h\u201d.<\/em><\/strong><\/p>\n\n\n\n<p><em><strong>\u201cSe prev\u00e9n valores de precipitaci\u00f3n acumulada entre 25 y 50 mm, que pueden excederse de manera puntual\u201d <\/strong><\/em>se agreg\u00f3.<\/p>\n","protected":false},"excerpt":{"rendered":"<p>El fin de semana se destaca por temperaturas altas y probables tormentas durante los dos d\u00edas. El lunes a la<\/p>\n","protected":false},"author":2,"featured_media":69863,"comment_status":"closed","ping_status":"closed","sticky":false,"template":"","format":"standard","meta":{"_jetpack_memberships_contains_paid_content":false,"footnotes":""},"categories":[5,1],"tags":[],"class_list":["post-197561","post","type-post","status-publish","format-standard","has-post-thumbnail","hentry","category-informacion-general","category-portada"],"jetpack_featured_media_url":"https:\/\/i0.wp.com\/cdnoticias.com\/wp-content\/uploads\/2022\/11\/clima-tiempo-tormenta.jpeg?fit=1600%2C1197&ssl=1","jetpack_sharing_enabled":true,"_links":{"self":[{"href":"https:\/\/cdnoticias.com\/index.php\/wp-json\/wp\/v2\/posts\/197561","targetHints":{"allow":["GET"]}}],"collection":[{"href":"https:\/\/cdnoticias.com\/index.php\/wp-json\/wp\/v2\/posts"}],"about":[{"href":"https:\/\/cdnoticias.com\/index.php\/wp-json\/wp\/v2\/types\/post"}],"author":[{"embeddable":true,"href":"https:\/\/cdnoticias.com\/index.php\/wp-json\/wp\/v2\/users\/2"}],"replies":[{"embeddable":true,"href":"https:\/\/cdnoticias.com\/index.php\/wp-json\/wp\/v2\/comments?post=197561"}],"version-history":[{"count":0,"href":"https:\/\/cdnoticias.com\/index.php\/wp-json\/wp\/v2\/posts\/197561\/revisions"}],"wp:featuredmedia":[{"embeddable":true,"href":"https:\/\/cdnoticias.com\/index.php\/wp-json\/wp\/v2\/media\/69863"}],"wp:attachment":[{"href":"https:\/\/cdnoticias.com\/index.php\/wp-json\/wp\/v2\/media?parent=197561"}],"wp:term":[{"taxonomy":"category","embeddable":true,"href":"https:\/\/cdnoticias.com\/index.php\/wp-json\/wp\/v2\/categories?post=197561"},{"taxonomy":"post_tag","embeddable":true,"href":"https:\/\/cdnoticias.com\/index.php\/wp-json\/wp\/v2\/tags?post=197561"}],"curies":[{"name":"wp","href":"https:\/\/api.w.org\/{rel}","templated":true}]}}