{"id":19756,"date":"2021-04-24T12:45:08","date_gmt":"2021-04-24T15:45:08","guid":{"rendered":"http:\/\/www.centraldenoticias.com.ar\/?p=19756"},"modified":"2021-04-24T12:45:08","modified_gmt":"2021-04-24T15:45:08","slug":"elecciones-suspendidas-en-la-sociedad-de-fomento-provincias-unidas","status":"publish","type":"post","link":"https:\/\/cdnoticias.com\/index.php\/2021\/04\/24\/elecciones-suspendidas-en-la-sociedad-de-fomento-provincias-unidas\/","title":{"rendered":"Elecciones suspendidas en la Sociedad de Fomento Provincias Unidas"},"content":{"rendered":"<p class=\"western\">Iban a realizarse este s\u00e1bado. Una de las listas postuladas no cumpl\u00eda con los requisitos previstos. Se decidi\u00f3 postergarlas seis meses.<!--more--><\/p>\n<hr \/>\n<p class=\"western\"><strong>Este s\u00e1bado iban a realizarse las elecciones en la Sociedad de Fomento Provincias Unidas<\/strong> con dos listas postuladas. Sin embargo, <strong>fueron suspendidas<\/strong>. <strong>Se reprogramar\u00e1n en seis meses<\/strong>.<\/p>\n<p>&nbsp;<\/p>\n<p class=\"western\">\u201cLa comisi\u00f3n directiva en funciones, estipul\u00f3 la realizaci\u00f3n de la asamblea ordinaria, para llevar adelante la renovaci\u00f3n de autoridades, pero la misma<strong> fue suspendida el \u00faltimo mi\u00e9rcoles tras una reuni\u00f3n que esta gesti\u00f3n mantuvo con las dos listas postuladas<\/strong> a formar parte de la contienda electoral\u201d se inform\u00f3 desde la instituci\u00f3n.<\/p>\n<p>&nbsp;<\/p>\n<blockquote>\n<p class=\"western\">Se destac\u00f3 que \u201cafortunadamente\u201d dos listas se presentaron, aunque una de ella no cumpli\u00f3 con los requisitos previstos. \u201cLa propuesta denominada Barrio en Movimiento cumpliment\u00f3 las condiciones que el Estatuto demanda. En tanto que la liderada por Daiana Basualdo y Jorge Moyano no cumpli\u00f3 con requisitos fundamentales para el procedimiento previo a la participaci\u00f3n de la contienda electoral\u201d se ampli\u00f3.<\/p>\n<\/blockquote>\n<p>&nbsp;<\/p>\n<p class=\"western\">Al detallar los incumplimientos de esta segunda lista, se mencion\u00f3 que <strong>\u201cno cuenta tampoco con un nombre identificatorio\u201d<\/strong> y que, <strong>\u201cel agravante m\u00e1s destacado (es) que ninguno de los postulados son socios de esta entidad fomentista, requisito primordial para confeccionar una candidatura\u201d<\/strong>. M\u00e1s adelante se aclar\u00f3 que la candidata a presidenta Daiana Basualdo s\u00ed es socia de la instituci\u00f3n, \u201cpero al momento de su postulaci\u00f3n no se encontraba al d\u00eda con tesorer\u00eda, acci\u00f3n que impide tal fin\u201d.<\/p>\n<p>&nbsp;<\/p>\n<p class=\"western\">La actual comisi\u00f3n directiva inform\u00f3 que la \u201clista sin nombre\u201d todos los problemas encontrados para que puedan subsanarlos, \u201cpero esto no ocurri\u00f3, y el \u00fanico camino viable que nos quedaba por continuar es el de hoy, concretar el proceso electoral con la \u00fanica n\u00f3mina que cumpli\u00f3 en tiempo y forma con los requisitos estipulados\u201d.<\/p>\n<p>&nbsp;<\/p>\n<p class=\"western\">Ante esta situaci\u00f3n, <strong>la definici\u00f3n de los directivos fue \u201csuspender las elecciones de hoy<\/strong>, para que cada uno de ellos pueda asociarse, estar al d\u00eda con tesorer\u00eda, y cumplimente la antig\u00fcedad m\u00ednima de socio, que son seis (6) meses, adem\u00e1s de prepararse para cumplimentar con todas las demandas que se detallan en el estatuto por el cual se rige nuestra sociedad de fomento\u201d tal como se inform\u00f3.<\/p>\n<p>&nbsp;<\/p>\n<p class=\"western\">En ese sentido se hizo hincapi\u00e9 en que<strong> \u201ccelebramos el inter\u00e9s participativo de las vecinas y vecinos\u201d<\/strong>.<\/p>\n<p>&nbsp;<\/p>\n<p class=\"western\">Finalmente, se inform\u00f3 <strong>la decisi\u00f3n de reprogramar las elecciones para octubre pr\u00f3ximo<\/strong>. Se adelant\u00f3 que las novedades se comunicar\u00e1n por los medios locales y por la p\u00e1gina de Facebook de la entidad:<em> Sociedad de Fomento Provincias Unidas<\/em>.<\/p>\n","protected":false},"excerpt":{"rendered":"<p>Iban a realizarse este s\u00e1bado. Una de las listas postuladas no cumpl\u00eda con los requisitos previstos. Se decidi\u00f3 postergarlas seis<\/p>\n","protected":false},"author":4,"featured_media":19760,"comment_status":"closed","ping_status":"closed","sticky":false,"template":"","format":"standard","meta":{"_jetpack_memberships_contains_paid_content":false,"footnotes":""},"categories":[5,1],"tags":[],"class_list":["post-19756","post","type-post","status-publish","format-standard","has-post-thumbnail","hentry","category-informacion-general","category-portada"],"jetpack_featured_media_url":"https:\/\/i0.wp.com\/cdnoticias.com\/wp-content\/uploads\/2021\/04\/provinciasunidassuspendida.jpg?fit=800%2C445&ssl=1","jetpack_sharing_enabled":true,"_links":{"self":[{"href":"https:\/\/cdnoticias.com\/index.php\/wp-json\/wp\/v2\/posts\/19756","targetHints":{"allow":["GET"]}}],"collection":[{"href":"https:\/\/cdnoticias.com\/index.php\/wp-json\/wp\/v2\/posts"}],"about":[{"href":"https:\/\/cdnoticias.com\/index.php\/wp-json\/wp\/v2\/types\/post"}],"author":[{"embeddable":true,"href":"https:\/\/cdnoticias.com\/index.php\/wp-json\/wp\/v2\/users\/4"}],"replies":[{"embeddable":true,"href":"https:\/\/cdnoticias.com\/index.php\/wp-json\/wp\/v2\/comments?post=19756"}],"version-history":[{"count":0,"href":"https:\/\/cdnoticias.com\/index.php\/wp-json\/wp\/v2\/posts\/19756\/revisions"}],"wp:featuredmedia":[{"embeddable":true,"href":"https:\/\/cdnoticias.com\/index.php\/wp-json\/wp\/v2\/media\/19760"}],"wp:attachment":[{"href":"https:\/\/cdnoticias.com\/index.php\/wp-json\/wp\/v2\/media?parent=19756"}],"wp:term":[{"taxonomy":"category","embeddable":true,"href":"https:\/\/cdnoticias.com\/index.php\/wp-json\/wp\/v2\/categories?post=19756"},{"taxonomy":"post_tag","embeddable":true,"href":"https:\/\/cdnoticias.com\/index.php\/wp-json\/wp\/v2\/tags?post=19756"}],"curies":[{"name":"wp","href":"https:\/\/api.w.org\/{rel}","templated":true}]}}