{"id":197558,"date":"2026-03-14T10:29:49","date_gmt":"2026-03-14T13:29:49","guid":{"rendered":"https:\/\/cdnoticias.com\/?p=197558"},"modified":"2026-03-14T10:29:51","modified_gmt":"2026-03-14T13:29:51","slug":"el-foro-olavarria-frente-renovador-analizo-la-situacion-economica-y-convoco-a-la-unidad-politica","status":"publish","type":"post","link":"https:\/\/cdnoticias.com\/index.php\/2026\/03\/14\/el-foro-olavarria-frente-renovador-analizo-la-situacion-economica-y-convoco-a-la-unidad-politica\/","title":{"rendered":"El Foro Olavarr\u00eda\u2013Frente Renovador analiz\u00f3 la situaci\u00f3n econ\u00f3mica y convoc\u00f3 a la unidad pol\u00edtica"},"content":{"rendered":"\n<p>El encuentro fue encabezado por Eduardo Rodr\u00edguez, Gast\u00f3n Sarachu y Carlos Bettiga. Tambi\u00e9n se planificaron nuevas actividades, entre ellas reuniones del espacio de Mujeres del FR.<\/p>\n\n\n\n<hr class=\"wp-block-separator aligncenter has-alpha-channel-opacity\"\/>\n\n\n\n<p><br>El viernes por la tarde <strong>el Foro Olavarr\u00eda del Frente Renovador realiz\u00f3 una reuni\u00f3n en la que se analiz\u00f3 la situaci\u00f3n econ\u00f3mica actual del pa\u00eds y su impacto en la vida cotidiana de los vecinos.<\/strong><\/p>\n\n\n\n<p>Desde el espacio se\u00f1alaron que el encuentro tuvo como objetivo \u201chablar de lo que est\u00e1 pasando en el pa\u00eds\u201d y mencionaron diferentes problem\u00e1ticas vinculadas al contexto econ\u00f3mico, como<strong> la p\u00e9rdida del poder adquisitivo de los salarios, la ca\u00edda en las ventas de los comercios, el aumento del desempleo y el creciente endeudamiento de los vecinos a trav\u00e9s de tarjetas de cr\u00e9dito y pr\u00e9stamos.<\/strong><\/p>\n\n\n\n<blockquote class=\"wp-block-quote is-layout-flow wp-block-quote-is-layout-flow\">\n<p>En ese sentido, desde el Foro sostuvieron que la situaci\u00f3n responde a \u201cm\u00e1s de dos a\u00f1os del gobierno de Milei en contra de la producci\u00f3n, el trabajo y la obra p\u00fablica\u201d.<\/p>\n<\/blockquote>\n\n\n\n<p>Durante la reuni\u00f3n tambi\u00e9n se plante\u00f3 la necesidad de avanzar en la construcci\u00f3n de consensos pol\u00edticos. <em>\u201cDestacamos la unidad para proponer un pa\u00eds para todos los argentinos. Unidad con diversidad y amplitud para convocar a todos quienes trabajen por el desarrollo productivo y el progreso del conjunto\u201d<\/em>, expresaron.<\/p>\n\n\n\n<p>El encuentro fue encabezado por Eduardo Rodr\u00edguez, el concejal Gast\u00f3n Sarachu y el funcionario municipal Carlos Bettiga.<\/p>\n\n\n\n<p>Adem\u00e1s, durante la reuni\u00f3n se programaron distintas actividades para los pr\u00f3ximos d\u00edas, entre ellas una serie de encuentros del grupo de Mujeres del Frente Renovador, coordinado por la ex concejal Eva Cura y la Dra. Marisa Mart\u00ednez.<\/p>\n","protected":false},"excerpt":{"rendered":"<p>El encuentro fue encabezado por Eduardo Rodr\u00edguez, Gast\u00f3n Sarachu y Carlos Bettiga. Tambi\u00e9n se planificaron nuevas actividades, entre ellas reuniones<\/p>\n","protected":false},"author":2,"featured_media":197559,"comment_status":"closed","ping_status":"closed","sticky":false,"template":"","format":"standard","meta":{"_jetpack_memberships_contains_paid_content":false,"footnotes":""},"categories":[4,1],"tags":[],"class_list":["post-197558","post","type-post","status-publish","format-standard","has-post-thumbnail","hentry","category-politica","category-portada"],"jetpack_featured_media_url":"https:\/\/i0.wp.com\/cdnoticias.com\/wp-content\/uploads\/2026\/03\/WhatsApp-Image-2026-03-14-at-10.10.53.jpeg?fit=975%2C626&ssl=1","jetpack_sharing_enabled":true,"_links":{"self":[{"href":"https:\/\/cdnoticias.com\/index.php\/wp-json\/wp\/v2\/posts\/197558","targetHints":{"allow":["GET"]}}],"collection":[{"href":"https:\/\/cdnoticias.com\/index.php\/wp-json\/wp\/v2\/posts"}],"about":[{"href":"https:\/\/cdnoticias.com\/index.php\/wp-json\/wp\/v2\/types\/post"}],"author":[{"embeddable":true,"href":"https:\/\/cdnoticias.com\/index.php\/wp-json\/wp\/v2\/users\/2"}],"replies":[{"embeddable":true,"href":"https:\/\/cdnoticias.com\/index.php\/wp-json\/wp\/v2\/comments?post=197558"}],"version-history":[{"count":0,"href":"https:\/\/cdnoticias.com\/index.php\/wp-json\/wp\/v2\/posts\/197558\/revisions"}],"wp:featuredmedia":[{"embeddable":true,"href":"https:\/\/cdnoticias.com\/index.php\/wp-json\/wp\/v2\/media\/197559"}],"wp:attachment":[{"href":"https:\/\/cdnoticias.com\/index.php\/wp-json\/wp\/v2\/media?parent=197558"}],"wp:term":[{"taxonomy":"category","embeddable":true,"href":"https:\/\/cdnoticias.com\/index.php\/wp-json\/wp\/v2\/categories?post=197558"},{"taxonomy":"post_tag","embeddable":true,"href":"https:\/\/cdnoticias.com\/index.php\/wp-json\/wp\/v2\/tags?post=197558"}],"curies":[{"name":"wp","href":"https:\/\/api.w.org\/{rel}","templated":true}]}}