{"id":197551,"date":"2026-03-13T20:29:59","date_gmt":"2026-03-13T23:29:59","guid":{"rendered":"https:\/\/cdnoticias.com\/?p=197551"},"modified":"2026-03-14T09:39:00","modified_gmt":"2026-03-14T12:39:00","slug":"incluye-a-olavarria-humming-airways-suma-rutas-y-anuncian-el-regreso-de-vuelos","status":"publish","type":"post","link":"https:\/\/cdnoticias.com\/index.php\/2026\/03\/13\/incluye-a-olavarria-humming-airways-suma-rutas-y-anuncian-el-regreso-de-vuelos\/","title":{"rendered":"\u00bfIncluye a Olavarr\u00eda? Humming Airways suma rutas y anuncian el regreso de vuelos"},"content":{"rendered":"\n<p>La empresa Humming Airways confirm\u00f3 que trabaja para retomar en las pr\u00f3ximas semanas la conexi\u00f3n a\u00e9rea que hab\u00eda sido suspendida durante el verano tras ocho meses de operaci\u00f3n. Olavarr\u00eda contin\u00faa en duda.<\/p>\n\n\n\n<hr class=\"wp-block-separator aligncenter has-alpha-channel-opacity\"\/>\n\n\n\n<p>La empresa <strong>Humming Airways anunci\u00f3 que en las pr\u00f3ximas semanas volver\u00e1 a operar la conexi\u00f3n a\u00e9rea entre ciudades del interior bonaerense, un servicio que hab\u00eda sido interrumpido a fines del a\u00f1o pasado tras la finalizaci\u00f3n de la temporada comercial, que inclu\u00eda a Olavarr\u00eda y que por ahora no tiene la confirmaci\u00f3n de que continuar\u00e1<\/strong> el paso por nuestra ciudad.<\/p>\n\n\n\n<p>Seg\u00fan record\u00f3 el medio tandilense El Eco de Tandil, la compa\u00f1\u00eda hab\u00eda puesto en funcionamiento en abril del a\u00f1o pasado el enlace a\u00e9reo entre Tandil y la capital del pa\u00eds. <strong>Durante ocho meses los vuelos se realizaron de manera regular una vez por semana, hasta que en diciembre se resolvi\u00f3 suspender el servicio por la temporada de verano.<\/strong><\/p>\n\n\n\n<p>En ese momento, el CEO de la firma, Francisco Sim\u00f3n Errecart, explic\u00f3 que la decisi\u00f3n estaba vinculada con la baja demanda en esa \u00e9poca del a\u00f1o. <em>\u201cLas empresas viajan muy poco en estas fechas, con lo cual ya notificamos que los vuelos comerciales se retoman en marzo con la frecuencia de siempre\u201d,<\/em> hab\u00eda se\u00f1alado.<\/p>\n\n\n\n<p>Ahora, en di\u00e1logo nuevamente con El Eco de Tandil, el directivo confirm\u00f3 que la compa\u00f1\u00eda trabaja para reanudar las operaciones en el corto plazo. \u201cEntre marzo y abril retomamos\u201d, afirm\u00f3.<strong><em> \u201cEstamos trabajando para poder comenzar lo antes posible, con la renovaci\u00f3n de los acuerdos comerciales con las empresas y otras cuestiones\u201d,<\/em><\/strong> agreg\u00f3.<\/p>\n\n\n\n<p>Sim\u00f3n Errecart indic\u00f3 que durante el a\u00f1o pasado la compa\u00f1\u00eda firm\u00f3 contratos con empresas que venc\u00edan a fin de a\u00f1o y que actualmente se encuentran en proceso de renovaci\u00f3n. <em>\u201cAhora estamos renovando los nuevos paquetes. Tenemos entre el 70 y 80% de empresas que quieren renovar. Nos queda un \u00faltimo porcentaje que estamos terminando de cerrar\u201d<\/em>, explic\u00f3.<\/p>\n\n\n\n<p>El ejecutivo detall\u00f3 que <strong>el modelo de negocios de la aerol\u00ednea se basa en la preventa de pasajes a empresas mediante cuponeras mensuales<\/strong>. <em>\u201cEso es lo que estamos terminando de cerrar y nos demor\u00f3 un poco la salida. Pero obviamente que sigue. Es uno de los mejores destinos que tenemos para ofrecer\u201d<\/em>, sostuvo.<\/p>\n\n\n\n<p>En paralelo, la compa\u00f1\u00eda tambi\u00e9n proyecta ampliar su red de conexiones en la regi\u00f3n. Seg\u00fan inform\u00f3 esta semana la Agencia DIB, <strong>Humming Airways planea iniciar en abril vuelos regulares desde Buenos Aires hacia Tres Arroyos y Coronel Su\u00e1rez.<\/strong><\/p>\n\n\n\n<p><strong>La presentaci\u00f3n formal del esquema de conectividad se realizar\u00e1 este viernes a las 10 en la C\u00e1mara Econ\u00f3mica de Tres Arroyos, mientras que el martes 17 est\u00e1 previsto un encuentro similar en Coronel Su\u00e1rez,<\/strong> donde se brindar\u00e1n detalles sobre horarios y log\u00edstica del servicio.<\/p>\n\n\n\n<p>De acuerdo con la planificaci\u00f3n en estudio, el nuevo corredor regional tendr\u00eda dos frecuencias semanales. <strong>Los lunes el vuelo partir\u00eda desde el Aeroparque Jorge Newbery a las 11 y regresar\u00eda cerca de las 13, mientras que los mi\u00e9rcoles la salida desde la terminal porte\u00f1a ser\u00eda a las 16.30 con retorno previsto a las 18.35.<\/strong><\/p>\n\n\n\n<p>Santiago Heidenreich e Isidro Borthaburu, representantes de la empresa, se\u00f1alaron al diario La Voz del Pueblo de Tres Arroyos que <strong>tambi\u00e9n se eval\u00faa sumar una tercera frecuencia los viernes, una decisi\u00f3n que depender\u00e1 de la respuesta de la demanda.<\/strong><\/p>\n","protected":false},"excerpt":{"rendered":"<p>La empresa Humming Airways confirm\u00f3 que trabaja para retomar en las pr\u00f3ximas semanas la conexi\u00f3n a\u00e9rea que hab\u00eda sido suspendida<\/p>\n","protected":false},"author":2,"featured_media":197552,"comment_status":"closed","ping_status":"closed","sticky":false,"template":"","format":"standard","meta":{"_jetpack_memberships_contains_paid_content":false,"footnotes":""},"categories":[5,1],"tags":[],"class_list":["post-197551","post","type-post","status-publish","format-standard","has-post-thumbnail","hentry","category-informacion-general","category-portada"],"jetpack_featured_media_url":"https:\/\/i0.wp.com\/cdnoticias.com\/wp-content\/uploads\/2026\/03\/humming-airways.jpg?fit=985%2C663&ssl=1","jetpack_sharing_enabled":true,"_links":{"self":[{"href":"https:\/\/cdnoticias.com\/index.php\/wp-json\/wp\/v2\/posts\/197551","targetHints":{"allow":["GET"]}}],"collection":[{"href":"https:\/\/cdnoticias.com\/index.php\/wp-json\/wp\/v2\/posts"}],"about":[{"href":"https:\/\/cdnoticias.com\/index.php\/wp-json\/wp\/v2\/types\/post"}],"author":[{"embeddable":true,"href":"https:\/\/cdnoticias.com\/index.php\/wp-json\/wp\/v2\/users\/2"}],"replies":[{"embeddable":true,"href":"https:\/\/cdnoticias.com\/index.php\/wp-json\/wp\/v2\/comments?post=197551"}],"version-history":[{"count":0,"href":"https:\/\/cdnoticias.com\/index.php\/wp-json\/wp\/v2\/posts\/197551\/revisions"}],"wp:featuredmedia":[{"embeddable":true,"href":"https:\/\/cdnoticias.com\/index.php\/wp-json\/wp\/v2\/media\/197552"}],"wp:attachment":[{"href":"https:\/\/cdnoticias.com\/index.php\/wp-json\/wp\/v2\/media?parent=197551"}],"wp:term":[{"taxonomy":"category","embeddable":true,"href":"https:\/\/cdnoticias.com\/index.php\/wp-json\/wp\/v2\/categories?post=197551"},{"taxonomy":"post_tag","embeddable":true,"href":"https:\/\/cdnoticias.com\/index.php\/wp-json\/wp\/v2\/tags?post=197551"}],"curies":[{"name":"wp","href":"https:\/\/api.w.org\/{rel}","templated":true}]}}