{"id":197542,"date":"2026-03-13T19:19:06","date_gmt":"2026-03-13T22:19:06","guid":{"rendered":"https:\/\/cdnoticias.com\/?p=197542"},"modified":"2026-03-14T09:32:18","modified_gmt":"2026-03-14T12:32:18","slug":"refuerzan-en-olavarria-los-controles-sobre-el-transporte-de-cargas-mineras","status":"publish","type":"post","link":"https:\/\/cdnoticias.com\/index.php\/2026\/03\/13\/refuerzan-en-olavarria-los-controles-sobre-el-transporte-de-cargas-mineras\/","title":{"rendered":"Refuerzan en Olavarr\u00eda los controles sobre el transporte de cargas mineras"},"content":{"rendered":"\n<p>El operativo se realiz\u00f3 este viernes en el Camino a la Piedra y el enlace N\u00e9stor Kirchner, con la participaci\u00f3n de \u00e1reas municipales y provinciales para fiscalizar la actividad y resguardar la infraestructura vial.<\/p>\n\n\n\n<hr class=\"wp-block-separator aligncenter has-alpha-channel-opacity\"\/>\n\n\n\n<p>El Municipio de Olavarr\u00eda contin\u00faa desarrollando <strong>operativos de control sobre el transporte de cargas mineras en distintos puntos estrat\u00e9gicos del partido, con el objetivo de fiscalizar la actividad, preservar el estado de caminos y rutas y contribuir al ordenamiento territorial en la zona serrana.<\/strong><\/p>\n\n\n\n<p>Durante la jornada de este viernes <strong>los controles se llevaron a cabo en el Camino a la Piedra y su intersecci\u00f3n con el enlace N\u00e9stor Kirchner.<\/strong> En ese sector se supervis\u00f3 el flujo de veh\u00edculos provenientes de la zona serrana y se realizaron inspecciones sobre las cargas transportadas y la documentaci\u00f3n obligatoria para circular.<\/p>\n\n\n\n<figure class=\"wp-block-image size-large\"><img data-recalc-dims=\"1\" loading=\"lazy\" decoding=\"async\" width=\"800\" height=\"600\" src=\"https:\/\/i0.wp.com\/cdnoticias.com\/wp-content\/uploads\/2026\/03\/Control-de-Cargas-1.jpeg?resize=800%2C600&#038;ssl=1\" alt=\"\" class=\"wp-image-197544\" srcset=\"https:\/\/i0.wp.com\/cdnoticias.com\/wp-content\/uploads\/2026\/03\/Control-de-Cargas-1.jpeg?resize=1024%2C768&amp;ssl=1 1024w, https:\/\/i0.wp.com\/cdnoticias.com\/wp-content\/uploads\/2026\/03\/Control-de-Cargas-1.jpeg?resize=300%2C225&amp;ssl=1 300w, https:\/\/i0.wp.com\/cdnoticias.com\/wp-content\/uploads\/2026\/03\/Control-de-Cargas-1.jpeg?resize=768%2C576&amp;ssl=1 768w, https:\/\/i0.wp.com\/cdnoticias.com\/wp-content\/uploads\/2026\/03\/Control-de-Cargas-1.jpeg?resize=1536%2C1152&amp;ssl=1 1536w, https:\/\/i0.wp.com\/cdnoticias.com\/wp-content\/uploads\/2026\/03\/Control-de-Cargas-1.jpeg?w=1600&amp;ssl=1 1600w\" sizes=\"auto, (max-width: 800px) 100vw, 800px\" \/><\/figure>\n\n\n\n<p>El operativo estuvo a cargo de personal de la Secretar\u00eda de Protecci\u00f3n Ciudadana y de la Secretar\u00eda de Desarrollo Econ\u00f3mico y Productivo, a trav\u00e9s de la Coordinaci\u00f3n de Miner\u00eda, con la participaci\u00f3n de la Polic\u00eda de la Provincia de Buenos Aires y la Subsecretar\u00eda de Miner\u00eda de la Provincia.<\/p>\n\n\n\n<p>El secretario de Protecci\u00f3n Ciudadana, El\u00edas Quintas, destac\u00f3 que este tipo de fiscalizaciones se realizan de manera permanente con el prop\u00f3sito de<strong> reforzar la protecci\u00f3n de la infraestructura vial en los caminos cercanos a la localidad de Sierras Bayas y garantizar el cumplimiento de la normativa local vinculada con la extracci\u00f3n de minerales.<\/strong><\/p>\n\n\n\n<figure class=\"wp-block-image size-large\"><img data-recalc-dims=\"1\" loading=\"lazy\" decoding=\"async\" width=\"800\" height=\"600\" src=\"https:\/\/i0.wp.com\/cdnoticias.com\/wp-content\/uploads\/2026\/03\/Control-de-Cargas-3.jpeg?resize=800%2C600&#038;ssl=1\" alt=\"\" class=\"wp-image-197545\" srcset=\"https:\/\/i0.wp.com\/cdnoticias.com\/wp-content\/uploads\/2026\/03\/Control-de-Cargas-3.jpeg?resize=1024%2C768&amp;ssl=1 1024w, https:\/\/i0.wp.com\/cdnoticias.com\/wp-content\/uploads\/2026\/03\/Control-de-Cargas-3.jpeg?resize=300%2C225&amp;ssl=1 300w, https:\/\/i0.wp.com\/cdnoticias.com\/wp-content\/uploads\/2026\/03\/Control-de-Cargas-3.jpeg?resize=768%2C576&amp;ssl=1 768w, https:\/\/i0.wp.com\/cdnoticias.com\/wp-content\/uploads\/2026\/03\/Control-de-Cargas-3.jpeg?resize=1536%2C1152&amp;ssl=1 1536w, https:\/\/i0.wp.com\/cdnoticias.com\/wp-content\/uploads\/2026\/03\/Control-de-Cargas-3.jpeg?w=1600&amp;ssl=1 1600w\" sizes=\"auto, (max-width: 800px) 100vw, 800px\" \/><\/figure>\n\n\n\n<p>Desde el \u00e1rea indicaron adem\u00e1s que los controles continuar\u00e1n desarroll\u00e1ndose en diferentes puntos del Partido de Olavarr\u00eda como parte de una pol\u00edtica sostenida orientada al control y la transparencia de la actividad. En ese marco, <strong>se busca tambi\u00e9n resguardar el patrimonio de la comunidad, particularmente los caminos rurales y las rutas provinciales y nacionales, evitando la circulaci\u00f3n de transportes con exceso de carga.<\/strong><\/p>\n","protected":false},"excerpt":{"rendered":"<p>El operativo se realiz\u00f3 este viernes en el Camino a la Piedra y el enlace N\u00e9stor Kirchner, con la participaci\u00f3n<\/p>\n","protected":false},"author":2,"featured_media":197543,"comment_status":"closed","ping_status":"closed","sticky":false,"template":"","format":"standard","meta":{"_jetpack_memberships_contains_paid_content":false,"footnotes":""},"categories":[14,1],"tags":[],"class_list":["post-197542","post","type-post","status-publish","format-standard","has-post-thumbnail","hentry","category-policiales","category-portada"],"jetpack_featured_media_url":"https:\/\/i0.wp.com\/cdnoticias.com\/wp-content\/uploads\/2026\/03\/Control-de-Cargas-2-e1773440310953.jpeg?fit=1280%2C730&ssl=1","jetpack_sharing_enabled":true,"_links":{"self":[{"href":"https:\/\/cdnoticias.com\/index.php\/wp-json\/wp\/v2\/posts\/197542","targetHints":{"allow":["GET"]}}],"collection":[{"href":"https:\/\/cdnoticias.com\/index.php\/wp-json\/wp\/v2\/posts"}],"about":[{"href":"https:\/\/cdnoticias.com\/index.php\/wp-json\/wp\/v2\/types\/post"}],"author":[{"embeddable":true,"href":"https:\/\/cdnoticias.com\/index.php\/wp-json\/wp\/v2\/users\/2"}],"replies":[{"embeddable":true,"href":"https:\/\/cdnoticias.com\/index.php\/wp-json\/wp\/v2\/comments?post=197542"}],"version-history":[{"count":0,"href":"https:\/\/cdnoticias.com\/index.php\/wp-json\/wp\/v2\/posts\/197542\/revisions"}],"wp:featuredmedia":[{"embeddable":true,"href":"https:\/\/cdnoticias.com\/index.php\/wp-json\/wp\/v2\/media\/197543"}],"wp:attachment":[{"href":"https:\/\/cdnoticias.com\/index.php\/wp-json\/wp\/v2\/media?parent=197542"}],"wp:term":[{"taxonomy":"category","embeddable":true,"href":"https:\/\/cdnoticias.com\/index.php\/wp-json\/wp\/v2\/categories?post=197542"},{"taxonomy":"post_tag","embeddable":true,"href":"https:\/\/cdnoticias.com\/index.php\/wp-json\/wp\/v2\/tags?post=197542"}],"curies":[{"name":"wp","href":"https:\/\/api.w.org\/{rel}","templated":true}]}}