{"id":197532,"date":"2026-03-14T09:32:02","date_gmt":"2026-03-14T12:32:02","guid":{"rendered":"https:\/\/cdnoticias.com\/?p=197532"},"modified":"2026-03-14T13:51:38","modified_gmt":"2026-03-14T16:51:38","slug":"mas-de-550-intervenciones-marcaron-el-trabajo-de-bomberos-olavarria-en-verano","status":"publish","type":"post","link":"https:\/\/cdnoticias.com\/index.php\/2026\/03\/14\/mas-de-550-intervenciones-marcaron-el-trabajo-de-bomberos-olavarria-en-verano\/","title":{"rendered":"M\u00e1s de 550 intervenciones marcaron el trabajo de Bomberos Olavarr\u00eda en verano"},"content":{"rendered":"\n<p>Entre diciembre y febrero el Cuerpo Activo de Bomberos Voluntarios de Olavarr\u00eda sostuvo una intensa actividad operativa, con un fuerte impacto de los incendios forestales y una alta demanda de recursos humanos y materiales.<\/p>\n\n\n\n<hr class=\"wp-block-separator aligncenter has-alpha-channel-opacity\"\/>\n\n\n\n<p>El per\u00edodo comprendido entre <strong>diciembre de 2025 y febrero de 2026<\/strong> estuvo marcado por una <strong>intensa actividad para Bomberos Voluntarios de Olavarr\u00eda<\/strong>, con un <strong>elevado n\u00famero de intervenciones y un notable protagonismo de los incendios forestales y de pastizales<\/strong>, una <strong>problem\u00e1tica recurrente durante la temporada.<\/strong><\/p>\n\n\n\n<p><\/p>\n\n\n\n<blockquote class=\"wp-block-quote is-layout-flow wp-block-quote-is-layout-flow\">\n<p>Durante estos tres meses el Cuerpo Activo debi\u00f3 responder a m\u00e1s de 550 salidas y servicios, cifra que refleja la magnitud del trabajo operativo en un contexto clim\u00e1tico complejo, con altas temperaturas, sequ\u00eda y condiciones propicias para la propagaci\u00f3n del fuego.<\/p>\n<\/blockquote>\n\n\n\n<p><\/p>\n\n\n\n<p>A pesar de que los incendios forestales concentraron gran parte de las intervenciones, <strong>el trabajo de los bomberos tambi\u00e9n incluy\u00f3 rescates, accidentes, guardias preventivas, colaboraciones con otras instituciones y servicios especiales <\/strong>en distintos puntos del Partido de Olavarr\u00eda.<\/p>\n\n\n\n<p><\/p>\n\n\n\n<blockquote class=\"wp-block-quote is-layout-flow wp-block-quote-is-layout-flow\">\n<p>Los incendios forestales representaron el mayor desaf\u00edo operativo durante el verano. Este tipo de emergencias no solo implica la intervenci\u00f3n para extinguir el fuego, sino tambi\u00e9n un despliegue log\u00edstico mucho m\u00e1s complejo que otros servicios.<\/p>\n<\/blockquote>\n\n\n\n<p><\/p>\n\n\n\n<p>A diferencia de otras salidas,<strong> los incendios forestales suelen desarrollarse en grandes superficies y en zonas alejadas del casco urbano, <\/strong>lo que obliga a movilizar varias unidades simult\u00e1neamente y a <strong>sostener el trabajo durante muchas horas.\u00a0<\/strong><\/p>\n\n\n\n<p><\/p>\n\n\n\n<p>En muchos casos, <strong>el personal debe permanecer en el lugar durante largas jornadas<\/strong> realizando <strong>tareas de control, enfriamiento y vigilancia para evitar rebrotes<\/strong>.<\/p>\n\n\n\n<p><\/p>\n\n\n\n<blockquote class=\"wp-block-quote is-layout-flow wp-block-quote-is-layout-flow\">\n<p>Un dato que permite dimensionar el esfuerzo operativo realizado durante el verano es la cantidad de horas de trabajo acumuladas por el personal. Entre diciembre de 2025 y febrero de 2026 se registraron 831.512 minutos hombre, lo que equivale a m\u00e1s de 13.800 horas de servicio destinadas a intervenciones, guardias y tareas vinculadas a emergencias.<\/p>\n<\/blockquote>\n\n\n\n<p><\/p>\n\n\n\n<p>Esta cifra refleja no solo el <strong>alto n\u00famero de salidas<\/strong>, sino tambi\u00e9n el tiempo que demandan muchos de los servicios, especialmente los incendios forestales, que suelen requerir extensas jornadas de trabajo, relevos de personal y <strong>presencia prolongada en el lugar para evitar reactivaciones del fuego.<\/strong><\/p>\n\n\n\n<p><\/p>\n\n\n\n<p><strong>M\u00e1s salidas, m\u00e1s recursos y m\u00e1s horas de trabajo<\/strong><\/p>\n\n\n\n<p>El incremento de incendios durante el verano tuvo un impacto directo en el funcionamiento cotidiano de la instituci\u00f3n. El aumento de salidas se traduce inevitablemente en<strong> mayor utilizaci\u00f3n de veh\u00edculos, mayor desgaste de equipamiento y un consumo significativo de recursos operativos. Solo durante el mes de enero se registraron m\u00e1s de 5.700 horas operativas de trabajo, <\/strong>una cifra que permite dimensionar el esfuerzo humano que implica sostener la respuesta ante cada emergencia.<\/p>\n\n\n\n<p><\/p>\n\n\n\n<p>Uno de los aspectos m\u00e1s destacados del trabajo durante el verano es que, a pesar del fuerte incremento de incendios forestales, la instituci\u00f3n continu\u00f3 atendiendo todas las dem\u00e1s emergencias que se presentan diariamente. <strong>Accidentes viales, rescates, asistencias, emergencias el\u00e9ctricas, guardias preventivas, colaboraciones con otras instituciones y servicios especiales<\/strong> forman parte de la actividad cotidiana del Cuerpo Activo. Este escenario obliga a sostener una estructura operativa preparada para responder simult\u00e1neamente a distintos tipos de emergencias.<\/p>\n\n\n\n<p><\/p>\n\n\n\n<p><em>&#8220;Detr\u00e1s de cada salida hay un equipo humano que trabaja con compromiso y vocaci\u00f3n de servicio. Las cifras del verano no solo reflejan la intensidad del trabajo operativo, sino tambi\u00e9n el esfuerzo que realizan los integrantes del Cuerpo Activo para mantener la seguridad de la comunidad. En un contexto de alta demanda, con cientos de intervenciones y miles de horas de trabajo acumuladas, Bomberos Voluntarios de Olavarr\u00eda volvi\u00f3 a demostrar los valores que sostienen su labor diaria: abnegaci\u00f3n, sacrificio, desinter\u00e9s y valor, al servicio permanente de la comunidad&#8221;<\/em> se\u00f1alaron desde Bomberos. <\/p>\n\n\n\n<p><\/p>\n","protected":false},"excerpt":{"rendered":"<p>Entre diciembre y febrero el Cuerpo Activo de Bomberos Voluntarios de Olavarr\u00eda sostuvo una intensa actividad operativa, con un fuerte<\/p>\n","protected":false},"author":6,"featured_media":196467,"comment_status":"closed","ping_status":"closed","sticky":false,"template":"","format":"standard","meta":{"_jetpack_memberships_contains_paid_content":false,"footnotes":""},"categories":[5,1],"tags":[],"class_list":["post-197532","post","type-post","status-publish","format-standard","has-post-thumbnail","hentry","category-informacion-general","category-portada"],"jetpack_featured_media_url":"https:\/\/i0.wp.com\/cdnoticias.com\/wp-content\/uploads\/2026\/03\/bomberos-incendio-00.jpg?fit=900%2C501&ssl=1","jetpack_sharing_enabled":true,"_links":{"self":[{"href":"https:\/\/cdnoticias.com\/index.php\/wp-json\/wp\/v2\/posts\/197532","targetHints":{"allow":["GET"]}}],"collection":[{"href":"https:\/\/cdnoticias.com\/index.php\/wp-json\/wp\/v2\/posts"}],"about":[{"href":"https:\/\/cdnoticias.com\/index.php\/wp-json\/wp\/v2\/types\/post"}],"author":[{"embeddable":true,"href":"https:\/\/cdnoticias.com\/index.php\/wp-json\/wp\/v2\/users\/6"}],"replies":[{"embeddable":true,"href":"https:\/\/cdnoticias.com\/index.php\/wp-json\/wp\/v2\/comments?post=197532"}],"version-history":[{"count":0,"href":"https:\/\/cdnoticias.com\/index.php\/wp-json\/wp\/v2\/posts\/197532\/revisions"}],"wp:featuredmedia":[{"embeddable":true,"href":"https:\/\/cdnoticias.com\/index.php\/wp-json\/wp\/v2\/media\/196467"}],"wp:attachment":[{"href":"https:\/\/cdnoticias.com\/index.php\/wp-json\/wp\/v2\/media?parent=197532"}],"wp:term":[{"taxonomy":"category","embeddable":true,"href":"https:\/\/cdnoticias.com\/index.php\/wp-json\/wp\/v2\/categories?post=197532"},{"taxonomy":"post_tag","embeddable":true,"href":"https:\/\/cdnoticias.com\/index.php\/wp-json\/wp\/v2\/tags?post=197532"}],"curies":[{"name":"wp","href":"https:\/\/api.w.org\/{rel}","templated":true}]}}