{"id":197529,"date":"2026-03-16T11:02:52","date_gmt":"2026-03-16T14:02:52","guid":{"rendered":"https:\/\/cdnoticias.com\/?p=197529"},"modified":"2026-03-16T12:51:19","modified_gmt":"2026-03-16T15:51:19","slug":"programa-giro-la-ruta-rosa-tendra-recoleccion-de-reciclables-los-miercoles","status":"publish","type":"post","link":"https:\/\/cdnoticias.com\/index.php\/2026\/03\/16\/programa-giro-la-ruta-rosa-tendra-recoleccion-de-reciclables-los-miercoles\/","title":{"rendered":"Programa GIRO: La ruta rosa tendr\u00e1 recolecci\u00f3n de reciclables los mi\u00e9rcoles"},"content":{"rendered":"\n<p>El cambio comenzar\u00e1 a partir de esta semana. La ruta rosa contempla los barrios Villa Floresta, Amparo Castro, Hip\u00f3lito Yrigoyen y el sector del barrio Luj\u00e1n delimitado por las calles Saavedra y avenida Urquiza.<\/p>\n\n\n\n<hr class=\"wp-block-separator aligncenter has-alpha-channel-opacity\"\/>\n\n\n\n<p>Desde el Municipio se inform\u00f3 a la comunidad acerca de una <strong>modificaci\u00f3n que se realizar\u00e1 en el Programa de Gesti\u00f3n Integral de Residuos de Olavarr\u00eda<\/strong>, con el objetivo de &#8220;<strong>optimizar recursos y de esa manera brindar un servicio m\u00e1s eficiente a la comunidad<\/strong>&#8220;.<\/p>\n\n\n\n<p><\/p>\n\n\n\n<blockquote class=\"wp-block-quote is-layout-flow wp-block-quote-is-layout-flow\">\n<p>De acuerdo con lo que se detall\u00f3, a partir de la semana del 16 de marzo la denominada \u201cRuta Rosa\u201d comenzar\u00e1 a tener la recolecci\u00f3n de materiales reciclables los d\u00edas mi\u00e9rcoles, a partir de las 18 horas. Vale recordar que hasta esa fecha lo ten\u00eda los d\u00edas lunes.<\/p>\n<\/blockquote>\n\n\n\n<p><\/p>\n\n\n\n<p>La <strong>ruta rosa<\/strong> contempla los <strong>barrios Villa Floresta, Amparo Castro, Hip\u00f3lito Yrigoyen y el sector del barrio Luj\u00e1n delimitado por las calles Saavedra y avenida Urquiza<\/strong>.<\/p>\n\n\n\n<p><\/p>\n\n\n\n<p><em>&#8220;La medida fue tomada con el objetivo de optimizar no s\u00f3lo el servicio de recolecci\u00f3n, sino tambi\u00e9n de tratamiento en la planta de clasificaci\u00f3n, ya que los d\u00edas lunes, adem\u00e1s de la ruta rosa, tambi\u00e9n se brinda el mismo servicio en id\u00e9ntico horario a la ruta Azul, que integran los barrios Mariano Moreno y Roca Merlo<\/em>&#8221; se\u00f1alaron desde el \u00e1rea. <\/p>\n\n\n\n<p><\/p>\n\n\n\n<blockquote class=\"wp-block-quote is-layout-flow wp-block-quote-is-layout-flow\">\n<p>De esta manera, adem\u00e1s, se logra tambi\u00e9n distribuir de manera equitativa las tareas en los d\u00edas de la semana, dado que en las jornadas de mi\u00e9rcoles no se prestaba dicho servicio. \u201cCon estos cambios se recibir\u00e1 una ruta nocturna cada d\u00eda de la semana, haciendo m\u00e1s eficiente la operaci\u00f3n\u201d, se expres\u00f3 desde el \u00e1rea.<\/p>\n<\/blockquote>\n\n\n\n<p><\/p>\n\n\n\n<p>Vale destacar, a la par, que<strong> a partir del pr\u00f3ximo lunes promotoras ambientales comenzar\u00e1n a recorrer la ruta rosa para informar a vecinos y vecinas acerca de la modificaci\u00f3n, <\/strong>como as\u00ed tambi\u00e9n asesorarlos acerca de los beneficios de la separaci\u00f3n de residuos en origen.<\/p>\n\n\n\n<p><\/p>\n","protected":false},"excerpt":{"rendered":"<p>El cambio comenzar\u00e1 a partir de esta semana. La ruta rosa contempla los barrios Villa Floresta, Amparo Castro, Hip\u00f3lito Yrigoyen<\/p>\n","protected":false},"author":6,"featured_media":84163,"comment_status":"closed","ping_status":"closed","sticky":false,"template":"","format":"standard","meta":{"_jetpack_memberships_contains_paid_content":false,"footnotes":""},"categories":[5,1],"tags":[],"class_list":["post-197529","post","type-post","status-publish","format-standard","has-post-thumbnail","hentry","category-informacion-general","category-portada"],"jetpack_featured_media_url":"https:\/\/i0.wp.com\/cdnoticias.com\/wp-content\/uploads\/2023\/05\/camion-giro-0.jpg?fit=800%2C445&ssl=1","jetpack_sharing_enabled":true,"_links":{"self":[{"href":"https:\/\/cdnoticias.com\/index.php\/wp-json\/wp\/v2\/posts\/197529","targetHints":{"allow":["GET"]}}],"collection":[{"href":"https:\/\/cdnoticias.com\/index.php\/wp-json\/wp\/v2\/posts"}],"about":[{"href":"https:\/\/cdnoticias.com\/index.php\/wp-json\/wp\/v2\/types\/post"}],"author":[{"embeddable":true,"href":"https:\/\/cdnoticias.com\/index.php\/wp-json\/wp\/v2\/users\/6"}],"replies":[{"embeddable":true,"href":"https:\/\/cdnoticias.com\/index.php\/wp-json\/wp\/v2\/comments?post=197529"}],"version-history":[{"count":0,"href":"https:\/\/cdnoticias.com\/index.php\/wp-json\/wp\/v2\/posts\/197529\/revisions"}],"wp:featuredmedia":[{"embeddable":true,"href":"https:\/\/cdnoticias.com\/index.php\/wp-json\/wp\/v2\/media\/84163"}],"wp:attachment":[{"href":"https:\/\/cdnoticias.com\/index.php\/wp-json\/wp\/v2\/media?parent=197529"}],"wp:term":[{"taxonomy":"category","embeddable":true,"href":"https:\/\/cdnoticias.com\/index.php\/wp-json\/wp\/v2\/categories?post=197529"},{"taxonomy":"post_tag","embeddable":true,"href":"https:\/\/cdnoticias.com\/index.php\/wp-json\/wp\/v2\/tags?post=197529"}],"curies":[{"name":"wp","href":"https:\/\/api.w.org\/{rel}","templated":true}]}}