{"id":197526,"date":"2026-03-13T18:56:31","date_gmt":"2026-03-13T21:56:31","guid":{"rendered":"https:\/\/cdnoticias.com\/?p=197526"},"modified":"2026-03-13T18:56:32","modified_gmt":"2026-03-13T21:56:32","slug":"abierta-la-inscripcion-para-talleres-en-el-museo-municipal-damaso-arce","status":"publish","type":"post","link":"https:\/\/cdnoticias.com\/index.php\/2026\/03\/13\/abierta-la-inscripcion-para-talleres-en-el-museo-municipal-damaso-arce\/","title":{"rendered":"Abierta la inscripci\u00f3n para talleres en el Museo Municipal \u201cD\u00e1maso Arce\u201d"},"content":{"rendered":"\n<p>El taller de Vi\u00f1etas comenzar\u00e1 el lunes 16 de marzo, mientras que el viernes 20 de marzo comenzar\u00e1 el taller de acuarela. C\u00f3mo anotarse.&nbsp;<\/p>\n\n\n\n<hr class=\"wp-block-separator aligncenter has-alpha-channel-opacity\"\/>\n\n\n\n<p>Se encuentran abiertas las <strong>inscripciones a Talleres que se brindan<\/strong> en el <strong>Museo Municipal \u201cD\u00e1maso Arce\u201d.<\/strong><\/p>\n\n\n\n<p><\/p>\n\n\n\n<blockquote class=\"wp-block-quote is-layout-flow wp-block-quote-is-layout-flow\">\n<p>Se trata, por un lado, del Taller VEO, Vi\u00f1etas en Olavarr\u00eda que iniciar\u00e1 sus clases el pr\u00f3ximo lunes 16 de marzo, a las 17:30 horas. Est\u00e1 destinado a personas mayores de 15 a\u00f1os y se trata de un espacio que propone el abordaje tanto del gui\u00f3n como de la ilustraci\u00f3n de una historieta, con el fin de publicarla.\u00a0<\/p>\n<\/blockquote>\n\n\n\n<p><\/p>\n\n\n\n<p>Se realiza una exploraci\u00f3n por <strong>diferentes tipos de materiales y t\u00e9cnicas,<\/strong> as\u00ed como se analizan <strong>diversos g\u00e9neros, pasando por el manga, c\u00f3mic de superh\u00e9roes, y novela gr\u00e1fica europea.<\/strong><\/p>\n\n\n\n<p><\/p>\n\n\n\n<p>Vale destacar, adem\u00e1s, que<strong> el taller cuenta con una biblioteca propia, que posee c\u00f3mics de diferentes nacionalidades a fin de explorar m\u00faltiples tipos de narrativa y dibujo. <\/strong>Se requiere <strong>concurrir con hojas blancas, cuaderno para anotar, l\u00e1piz, goma de borrar, regla o escuadra, l\u00e1pices de colores.<\/strong><\/p>\n\n\n\n<p><\/p>\n\n\n\n<blockquote class=\"wp-block-quote is-layout-flow wp-block-quote-is-layout-flow\">\n<p>Por otra parte, se encuentra tambi\u00e9n el taller de acuarela que comenzar\u00e1 el viernes 20 de marzo, a las 10 horas. Est\u00e1 destinado a personas adultas y se trabaja con la t\u00e9cnica tradicional de la acuarela, a partir de la teor\u00eda del color, la exploraci\u00f3n de diferentes soportes y medios, y t\u00e9cnicas como el retrato, el paisaje; adem\u00e1s de brindar herramientas de dibujo, tanto para quienes ya est\u00e1n experimentados en ello, como para quienes reci\u00e9n incursionan en lo gr\u00e1fico.<\/p>\n<\/blockquote>\n\n\n\n<p><\/p>\n\n\n\n<p>Materiales necesarios: <strong>hoja de gran gramaje para acuarela, pinceles de diferentes tipos (redondo, chato), set de acuarela (en pastilla o tubo), recipiente para el agua, trapos, anotador para tomar apuntes. L\u00e1piz, goma de borrar, cinta de papel.<\/strong><\/p>\n\n\n\n<p><\/p>\n\n\n\n<p>Se destaca, por \u00faltimo, que <strong>ambos talleres requieren inscripci\u00f3n previa. <\/strong>Quienes est\u00e9n interesados podr\u00e1n hacerlo personalmente en la sede del MDA, ubicada San Mart\u00edn 2862 de martes a viernes de 8 a 15 horas, o bien comunic\u00e1ndose por correo electr\u00f3nico a museo.damasoarce@olavarria.gov.ar<\/p>\n\n\n\n<p><\/p>\n","protected":false},"excerpt":{"rendered":"<p>El taller de Vi\u00f1etas comenzar\u00e1 el lunes 16 de marzo, mientras que el viernes 20 de marzo comenzar\u00e1 el taller<\/p>\n","protected":false},"author":6,"featured_media":12040,"comment_status":"closed","ping_status":"closed","sticky":false,"template":"","format":"standard","meta":{"_jetpack_memberships_contains_paid_content":false,"footnotes":""},"categories":[9,1],"tags":[],"class_list":["post-197526","post","type-post","status-publish","format-standard","has-post-thumbnail","hentry","category-cultura","category-portada"],"jetpack_featured_media_url":"https:\/\/i0.wp.com\/cdnoticias.com\/wp-content\/uploads\/2021\/01\/Museo-Damaso-Arce-1024x678-1024x678.jpg?fit=1024%2C678&ssl=1","jetpack_sharing_enabled":true,"_links":{"self":[{"href":"https:\/\/cdnoticias.com\/index.php\/wp-json\/wp\/v2\/posts\/197526","targetHints":{"allow":["GET"]}}],"collection":[{"href":"https:\/\/cdnoticias.com\/index.php\/wp-json\/wp\/v2\/posts"}],"about":[{"href":"https:\/\/cdnoticias.com\/index.php\/wp-json\/wp\/v2\/types\/post"}],"author":[{"embeddable":true,"href":"https:\/\/cdnoticias.com\/index.php\/wp-json\/wp\/v2\/users\/6"}],"replies":[{"embeddable":true,"href":"https:\/\/cdnoticias.com\/index.php\/wp-json\/wp\/v2\/comments?post=197526"}],"version-history":[{"count":0,"href":"https:\/\/cdnoticias.com\/index.php\/wp-json\/wp\/v2\/posts\/197526\/revisions"}],"wp:featuredmedia":[{"embeddable":true,"href":"https:\/\/cdnoticias.com\/index.php\/wp-json\/wp\/v2\/media\/12040"}],"wp:attachment":[{"href":"https:\/\/cdnoticias.com\/index.php\/wp-json\/wp\/v2\/media?parent=197526"}],"wp:term":[{"taxonomy":"category","embeddable":true,"href":"https:\/\/cdnoticias.com\/index.php\/wp-json\/wp\/v2\/categories?post=197526"},{"taxonomy":"post_tag","embeddable":true,"href":"https:\/\/cdnoticias.com\/index.php\/wp-json\/wp\/v2\/tags?post=197526"}],"curies":[{"name":"wp","href":"https:\/\/api.w.org\/{rel}","templated":true}]}}