{"id":197521,"date":"2026-03-13T17:30:09","date_gmt":"2026-03-13T20:30:09","guid":{"rendered":"https:\/\/cdnoticias.com\/?p=197521"},"modified":"2026-03-13T17:30:11","modified_gmt":"2026-03-13T20:30:11","slug":"unicen-comenzo-con-sus-diversas-actividades-a-50-anos-del-golpe-de-estado","status":"publish","type":"post","link":"https:\/\/cdnoticias.com\/index.php\/2026\/03\/13\/unicen-comenzo-con-sus-diversas-actividades-a-50-anos-del-golpe-de-estado\/","title":{"rendered":"UNICEN comenz\u00f3 con sus diversas actividades a 50 a\u00f1os del Golpe de Estado"},"content":{"rendered":"\n<p>El cronograma continuar\u00e1 durante toda la pr\u00f3xima semana.\u00a0&#8220;Se invita a toda la comunidad universitaria y el resto de la sociedad a participar, reflexionar y convocarse en torno a espacios de debate y construcci\u00f3n de memoria&#8221; indicaron desde la instituci\u00f3n.<\/p>\n\n\n\n<hr class=\"wp-block-separator aligncenter has-alpha-channel-opacity\"\/>\n\n\n\n<p><\/p>\n\n\n\n<p>A <strong>50 a\u00f1os del Golpe de Estado en nuestro pa\u00eds, la UNICEN reafirm\u00f3 su compromiso con los derechos humanos<\/strong> a trav\u00e9s de <strong>distintas actividades y propuestas enmarcadas en la agenda de Marzo por la Memoria<\/strong>, una iniciativa que se impulsa a\u00f1o a a\u00f1o en todas las sedes de la Universidad Nacional del Centro de la Provincia de Buenos Aires, enmarcadas en el D\u00eda Nacional de la Memoria por la Verdad y la Justicia.<\/p>\n\n\n\n<p><\/p>\n\n\n\n<blockquote class=\"wp-block-quote is-layout-flow wp-block-quote-is-layout-flow\">\n<p>&#8220;A trav\u00e9s de cada una de las propuestas se invita a toda la comunidad universitaria y el resto de la sociedad a participar, reflexionar y convocarse en torno a espacios de debate y construcci\u00f3n de memoria&#8221; indicaron desde la instituci\u00f3n. <\/p>\n<\/blockquote>\n\n\n\n<p><\/p>\n\n\n\n<p>Este a\u00f1o, cuando se cumple medio siglo del golpe de Estado que instaur\u00f3 en la Argentina la dictadura c\u00edvico-militar,<strong> se impulsa la campa\u00f1a \u201cFlorecer\u00e1n Pa\u00f1uelos\u201d, una iniciativa de Abuelas de Plazas de Mayo y otros organismos de derechos humanos de nuestro pa\u00eds <\/strong>que invitan a i<strong>ntervenir y visibilizar pa\u00f1uelos.<\/strong><\/p>\n\n\n\n<p><\/p>\n\n\n\n<p>En la sede UNICEN Olavarr\u00eda, las actividades son organizadas por la Facultad de Ciencias Sociales, la Facultad de Ingenier\u00eda, la Facultad de Ciencias de la Salud, el Centro Cultural Universitario, la Escuela Nacional Adolfo P\u00e9rez Esquivel y el Jard\u00edn Maternal Upa La L\u00e1, en articulaci\u00f3n con el \u00c1rea de Derechos Humanos UNICEN, Cultura UNICEN, INCAA UNICEN, Radio Universidad 90.1, Agencia Comunica y el Centro de Estudiantes de FACSO.<\/p>\n\n\n\n<p><\/p>\n\n\n\n<p><strong>Cronograma de actividades<\/strong><\/p>\n\n\n\n<p><strong>Viernes 13 de marzo<\/strong><\/p>\n\n\n\n<ul class=\"wp-block-list\">\n<li><strong>Jornada de intervenci\u00f3n de pa\u00f1uelos blancos<\/strong><\/li>\n<\/ul>\n\n\n\n<p>Horario: 13 horas.<\/p>\n\n\n\n<p>Lugar: Hall del Edificio de Aulas Comunes, Complejo Universitario Olavarr\u00eda (Avenida del Valle 5737)<\/p>\n\n\n\n<p>En el marco de la campa\u00f1a nacional impulsada por Abuelas de Plaza de Mayo \u201cFlorecer\u00e1n pa\u00f1uelos\u201d, se confeccionar\u00e1n e intervendr\u00e1n pa\u00f1uelos con frases vinculadas a Memoria, Verdad y Justicia; nombres de personas desaparecidas; s\u00edmbolos, dibujos, flores, bordados, pinturas y t\u00e9cnicas mixtas.<\/p>\n\n\n\n<p>La iniciativa invita a participar a docentes, nodocentes, estudiantes y graduados\/as de la comunidad universitaria y p\u00fablico interesado. Organiza: Nodocentes UNICEN sede Olavarr\u00eda.<\/p>\n\n\n\n<ul class=\"wp-block-list\">\n<li><strong>Cine M\u00f3vil UNICEN \u201cEl agente secreto\u201d<\/strong><\/li>\n<\/ul>\n\n\n\n<p>Horario: 19:30 horas.<\/p>\n\n\n\n<p>Lugar: Auditorium de la Facultad de Ingenier\u00eda, Complejo Universitario Olavarr\u00eda (Avenida del Valle 5737)<\/p>\n\n\n\n<p>En el marco del Programa Cine M\u00f3vil UNICEN, se proyectar\u00e1 la pel\u00edcula \u201cEl agente secreto\u201d, dirigida por Kleber Mendon\u00e7a Filho y protagonizada por Wagner Moura. La funci\u00f3n ser\u00e1 con entrada gratuita.<\/p>\n\n\n\n<p>Organizan: Espacio INCAA UNICEN, Cultura UNICEN, \u00c1rea de Derechos Humanos de UNICEN, Facultad de Ciencias Sociales, Facultad de Ciencias de la Salud, Facultad de Ingenier\u00eda, Jard\u00edn Maternal Upa La L\u00e1 y Escuela Nacional Adolfo P\u00e9rez Esquivel.<\/p>\n\n\n\n<p><strong>Lunes 23 de marzo<\/strong><\/p>\n\n\n\n<ul class=\"wp-block-list\">\n<li><strong>Participaci\u00f3n en la muestra \u201cLos caminos de la Memoria. 50 a\u00f1os de lucha olavarriense por la verdad y la justicia\u201d<\/strong><\/li>\n<\/ul>\n\n\n\n<p>Lugar: Centro Cultural San Jos\u00e9 (Riobamba 2949)<\/p>\n\n\n\n<p>FACSO participar\u00e1 en esta muestra que impulsa la Municipalidad de Olavarr\u00eda, aportando producciones y materiales sobre el Juicio Monte Pelloni que se realiz\u00f3 en la unidad acad\u00e9mica durante el per\u00edodo septiembre-diciembre de 2014.<\/p>\n\n\n\n<p>En este sentido, se exhibir\u00e1 la Muestra Itinerante \u201cJuicio Monte Pelloni\u201d, compuesta por fotograf\u00edas tomadas durante el juicio; material arqueol\u00f3gico perteneciente al proyecto de investigaci\u00f3n \u201cMonte Pelloni &#8211; Ex Centro Clandestino de Detenci\u00f3n en la \u00faltima dictadura c\u00edvico-militar (2013-2014)\u201d, dirigido por el Dr. Rafael Curtoni y la Dra. Gabriela Chaparro, docentes investigadores INCUAPA CONICET UNICEN; y el sitio web Espacio de Memoria Monte Pelloni que re\u00fane m\u00faltiples proyectos cient\u00edficos y acad\u00e9micos, desarrollados por estudiantes, graduados\/as e investigadores\/as del CONICET sobre este apartado de la historia local.<\/p>\n\n\n\n<p>Organiza: Municipalidad de Olavarr\u00eda.<\/p>\n\n\n\n<p><strong>Mi\u00e9rcoles 25 de marzo<\/strong><\/p>\n\n\n\n<ul class=\"wp-block-list\">\n<li><strong>Visita al Espacio para la Memoria y Promoci\u00f3n de los Derechos Humanos y ex Centro Clandestino de Detenci\u00f3n Monte Pelloni<\/strong><\/li>\n<\/ul>\n\n\n\n<p>Ingresantes de la FACSO participar\u00e1n de una jornada de reflexi\u00f3n y aprendizaje situada en el ex Centro Clandestino de Detenci\u00f3n &#8220;Monte Pelloni&#8221;. Acompa\u00f1ar\u00e1n el recorrido Carmelo Vinci, integrante de la Comisi\u00f3n por la Memoria Local y la Dra. Gabriela Chaparro, docente investigadora de la FACSO.<\/p>\n\n\n\n<p>Organiza: Centro de Estudiantes de la Facultad de Ciencias Sociales<\/p>\n\n\n\n<ul class=\"wp-block-list\">\n<li><strong>Memoria en Movimiento: Intervenci\u00f3n Colectiva en los pasillos<\/strong><\/li>\n<\/ul>\n\n\n\n<p>Horario: 12 horas<\/p>\n\n\n\n<p>Lugar: Hall del edificio central de la Facultad de Ciencias Sociales, Complejo Universitario (Avenida del Valle 5737).<\/p>\n\n\n\n<p>En el marco de la campa\u00f1a nacional impulsada por Abuelas de Plaza de Mayo \u201cFlorecer\u00e1n pa\u00f1uelos\u201d, se invita a toda la comunidad universitaria a intervenir pa\u00f1uelos en defensa de la Memoria, Verdad y Justicia y en conmemoraci\u00f3n de los 50 a\u00f1os del golpe de Estado.<\/p>\n\n\n\n<p>El Centro de Estudiantes tambi\u00e9n propone la elaboraci\u00f3n de carteles colaborativos para que quienes transitan los pasillos puedan intervenirlos con mensajes, dibujos o reflexiones.<\/p>\n\n\n\n<p>Organizan: Centro de Estudiantes, Departamento de Antropolog\u00eda, Departamento de Comunicaci\u00f3n y Periodismo, Departamento de Educaci\u00f3n y Departamento de Arqueolog\u00eda de la Facultad de Ciencias Sociales.<\/p>\n\n\n\n<p><strong>Jueves 26 de marzo<\/strong><\/p>\n\n\n\n<ul class=\"wp-block-list\">\n<li><strong>Taller Origami<\/strong><\/li>\n<\/ul>\n\n\n\n<p>Horario: a confirmar<\/p>\n\n\n\n<p>Lugar: Hall de la Facultad de Ingenier\u00eda, Complejo Universitario Olavarr\u00eda (Avenida del Valle 5737)<\/p>\n\n\n\n<p>Organiza: Facultad de Ingenier\u00eda<\/p>\n\n\n\n<p><strong>Mes de marzo<\/strong><\/p>\n\n\n\n<ul class=\"wp-block-list\">\n<li><strong>Muestra fotogr\u00e1fica \u201cVolver a las islas, justicia y soberan\u00eda\u201d de la Comisi\u00f3n Provincial de la Memoria (CPM)<\/strong><\/li>\n<\/ul>\n\n\n\n<p>Lugar: Pasillos de la Facultad de Ciencias Sociales, Complejo Universitario Olavarr\u00eda (Avenida del Valle 5737)<\/p>\n\n\n\n<p>La muestra exhibe fotograf\u00edas de los archivos de T\u00e9lam y del Centro de ex combatientes Islas Malvinas La Plata (CECIM) del reclutamiento de los soldados, la guerra, la vuelta, y los reclamos durante los a\u00f1os posteriores. Tambi\u00e9n la integran archivos de la Direcci\u00f3n de inteligencia de la Polic\u00eda de la Provincia de Buenos Aires (DIPPBA) y de las Fuerzas Armadas que dan cuenta de la estrategia de la dictadura militar para encubrir lo ocurrido en las Islas as\u00ed como tambi\u00e9n de la resistencia de los que siguieron inscribiendo la cuesti\u00f3n Malvinas como parte de los reclamos por la memoria, verdad y justicia.<\/p>\n\n\n\n<p>Esta presentaci\u00f3n forma parte del Pasillo Cultural UNICEN, un espacio articulado entre las facultades de Derecho, Arte, Exactas, Humanas y Sociales que se lleva adelante desde el a\u00f1o 2023.<\/p>\n\n\n\n<p>Organiza: Facultad de Ciencias Sociales.<\/p>\n\n\n\n<ul class=\"wp-block-list\">\n<li><strong>Columna radial \u201cMemoria P\u00fablica. Dictadura y democracia, 50 a\u00f1os despu\u00e9s\u201d<\/strong><\/li>\n<\/ul>\n\n\n\n<p>Radio Universidad lanza esta columna dedicada a analizar el golpe de Estado de 1976 y sus consecuencias estructurales a medio siglo de distancia, planteado como un espacio de an\u00e1lisis hist\u00f3rico y pol\u00edtico. Abordar\u00e1 el terrorismo de Estado, el proyecto econ\u00f3mico, las complicidades civiles, el rol de universidades y medios, las resistencias sociales y los procesos judiciales, incluyendo causas locales.<\/p>\n\n\n\n<p>Se transmitir\u00e1 por Radio Universidad FM 90.1 a partir del lunes 16 de marzo a las 11 horas durante el programa El Colectivo, tendr\u00e1 una periodicidad quincenal y estar\u00e1 a cargo de la Lic. Soledad Restivo.<\/p>\n\n\n\n<p>Organiza: Radio Universidad<\/p>\n\n\n\n<ul class=\"wp-block-list\">\n<li><strong>Talleres \u201cPeriodismo, Memoria y Democracia: Narrar a 50 a\u00f1os del Golpe\u201d<\/strong><\/li>\n<\/ul>\n\n\n\n<p>Se propone un espacio de trabajo con estudiantes secundarios que tiene como objetivo contribuir a la construcci\u00f3n de una mirada period\u00edstica con perspectiva de Derechos Humanos, promoviendo una reflexi\u00f3n cr\u00edtica sobre el rol de los medios en la construcci\u00f3n de la memoria colectiva a 50 a\u00f1os del golpe de Estado en la Argentina.<\/p>\n\n\n\n<p>Estar\u00e1 a cargo de integrantes de la Agencia Comunica, Lic. Fernanda Alvarez (Coordinadora), Milena Galiano, Camila Sosa y Roc\u00edo Vergara.<\/p>\n\n\n\n<p>Organiza: Agencia Comunica.<\/p>\n\n\n\n<ul class=\"wp-block-list\">\n<li><strong>Intervenci\u00f3n \u201cSus trayectorias, nuestra memoria\u201d. Estudiantes y proyectos de vida interrumpidos por la \u00faltima dictadura c\u00edvico-militar (1976\u20131983)<\/strong><\/li>\n<\/ul>\n\n\n\n<p>Esta intervenci\u00f3n propone detenernos en las trayectorias de estudiantes cuyas vidas y recorridos educativos fueron interrumpidos por la \u00faltima dictadura c\u00edvico-militar iniciada con el Golpe de Estado en Argentina de 1976. Porque detr\u00e1s de cada nombre hay una historia de estudio, de encuentros, de discusiones y de futuros posibles; trayectorias que no pudieron continuar, pero que forman parte de la memoria de nuestras instituciones y de la historia de la educaci\u00f3n p\u00fablica en Argentina.<\/p>\n\n\n\n<p>Esta propuesta, que se realizar\u00e1 en las unidades acad\u00e9micas de la sede Olavarr\u00eda, busca recuperar esas presencias y devolverlas simb\u00f3licamente al espacio universitario, como parte de nuestra comunidad acad\u00e9mica.<\/p>\n\n\n\n<p>Organizan: Facultad de Ciencias de la Salud, Facultad de Ingenier\u00eda y Facultad de Ciencias Sociales.<\/p>\n\n\n\n<p><strong>Actividades en el Centro Cultural Universitario<\/strong><\/p>\n\n\n\n<p>El Centro Cultural Universitario llevar\u00e1 adelante distintas actividades bajo la propuesta \u201cLetras Prohibidas\u201d: Hace 50 a\u00f1os el golpe c\u00edvico-militar del 24 de marzo de 1976 en Argentina, implement\u00f3 una estricta censura. Se prohibieron libros por considerarlos subversivos y canciones por sus letras de protesta o cr\u00edtica social eliminando la libertad de expresi\u00f3n.<\/p>\n\n\n\n<ul class=\"wp-block-list\">\n<li><strong>Cuentos prohibidos<\/strong><\/li>\n<\/ul>\n\n\n\n<p>D\u00eda: mi\u00e9rcoles 25<\/p>\n\n\n\n<p>Horario: de 9 a 10 horas y de 14 a 15 horas<\/p>\n\n\n\n<p>Lugar: Centro Cultural Universitario (San Mart\u00edn 1955)<\/p>\n\n\n\n<p>Se trata de una actividad destinada a escuelas primarias que tiene como objetivo que los\/as estudiantes puedan reflexionar, escuchar un cuento y ver libros de autores que fueron prohibidos durante la \u00faltima dictadura c\u00edvico militar.<\/p>\n\n\n\n<p>Organizan: Centro Cultural Universitario y Biblioteca Popular Coty Laborde<\/p>\n\n\n\n<ul class=\"wp-block-list\">\n<li><strong>Canciones prohibidas<\/strong><\/li>\n<\/ul>\n\n\n\n<p>D\u00eda: jueves 26<\/p>\n\n\n\n<p>Lugar: Centro Cultural Universitario (San Mart\u00edn 1955)<\/p>\n\n\n\n<p>Estudiantes de 2\u00b0 y 4\u00b0 a\u00f1o de la Escuela Nacional Adolfo P\u00e9rez Esquivel reflexionar\u00e1n a partir de canciones prohibidas durante la \u00e9poca y bordar\u00e1n pa\u00f1uelos en el marco de la Campa\u00f1a Nacional de Abuelas de Plaza de Mayo \u201cFlorecer\u00e1n Pa\u00f1uelos\u201d.<\/p>\n\n\n\n<p>Organizan: Centro Cultural Universitario y Dpto. de Arte de la Escuela Nacional Adolfo P\u00e9rez Esquivel<\/p>\n\n\n\n<ul class=\"wp-block-list\">\n<li><strong>Ensayo Abierto del Coro Universitario UNICEN de Olavarr\u00eda<\/strong><\/li>\n<\/ul>\n\n\n\n<p>D\u00eda: jueves 26<\/p>\n\n\n\n<p>Horario: de 20 a 21 horas<\/p>\n\n\n\n<p>Lugar: Centro Cultural Universitario (San Mart\u00edn 1955)<\/p>\n\n\n\n<p>El Coro Universitario UNICEN de Olavarr\u00eda propone un ensayo abierto en el cual interpretar\u00e1n canciones prohibidas. La actividad es abierta al p\u00fablico en general.<\/p>\n\n\n\n<p>Organizan: Centro Cultural Universitario y \u00c1rea de Cultura UNCEN<\/p>\n\n\n\n<p><strong>Actividades del Jard\u00edn Maternal Upa La L\u00e1<\/strong><\/p>\n\n\n\n<p>Por su parte el Jard\u00edn Maternal Upa La L\u00e1 llevar\u00e1 adelante distintas propuestas bajo la consigna<strong> \u201cMarzo por la Identidad\u201d.<\/strong><\/p>\n\n\n\n<ul class=\"wp-block-list\">\n<li>Entre las actividades propuestas se elaborar\u00e1n materiales con las producciones de los\/as ni\u00f1os\/as y sus familias sobre la tem\u00e1tica; y se realizar\u00e1n actividades a partir del relato de los cuentos \u201cEl pa\u00f1uelo que abraza\u201d y \u201cUna hero\u00edna con pa\u00f1uelo\u201c.<\/li>\n<\/ul>\n","protected":false},"excerpt":{"rendered":"<p>El cronograma continuar\u00e1 durante toda la pr\u00f3xima semana.\u00a0&#8220;Se invita a toda la comunidad universitaria y el resto de la sociedad<\/p>\n","protected":false},"author":6,"featured_media":113287,"comment_status":"closed","ping_status":"closed","sticky":false,"template":"","format":"standard","meta":{"_jetpack_memberships_contains_paid_content":false,"footnotes":""},"categories":[5,1],"tags":[],"class_list":["post-197521","post","type-post","status-publish","format-standard","has-post-thumbnail","hentry","category-informacion-general","category-portada"],"jetpack_featured_media_url":"https:\/\/i0.wp.com\/cdnoticias.com\/wp-content\/uploads\/2024\/04\/jornada-memoria-justicia-escolar5.jpg?fit=900%2C506&ssl=1","jetpack_sharing_enabled":true,"_links":{"self":[{"href":"https:\/\/cdnoticias.com\/index.php\/wp-json\/wp\/v2\/posts\/197521","targetHints":{"allow":["GET"]}}],"collection":[{"href":"https:\/\/cdnoticias.com\/index.php\/wp-json\/wp\/v2\/posts"}],"about":[{"href":"https:\/\/cdnoticias.com\/index.php\/wp-json\/wp\/v2\/types\/post"}],"author":[{"embeddable":true,"href":"https:\/\/cdnoticias.com\/index.php\/wp-json\/wp\/v2\/users\/6"}],"replies":[{"embeddable":true,"href":"https:\/\/cdnoticias.com\/index.php\/wp-json\/wp\/v2\/comments?post=197521"}],"version-history":[{"count":0,"href":"https:\/\/cdnoticias.com\/index.php\/wp-json\/wp\/v2\/posts\/197521\/revisions"}],"wp:featuredmedia":[{"embeddable":true,"href":"https:\/\/cdnoticias.com\/index.php\/wp-json\/wp\/v2\/media\/113287"}],"wp:attachment":[{"href":"https:\/\/cdnoticias.com\/index.php\/wp-json\/wp\/v2\/media?parent=197521"}],"wp:term":[{"taxonomy":"category","embeddable":true,"href":"https:\/\/cdnoticias.com\/index.php\/wp-json\/wp\/v2\/categories?post=197521"},{"taxonomy":"post_tag","embeddable":true,"href":"https:\/\/cdnoticias.com\/index.php\/wp-json\/wp\/v2\/tags?post=197521"}],"curies":[{"name":"wp","href":"https:\/\/api.w.org\/{rel}","templated":true}]}}