{"id":197518,"date":"2026-03-13T18:30:40","date_gmt":"2026-03-13T21:30:40","guid":{"rendered":"https:\/\/cdnoticias.com\/?p=197518"},"modified":"2026-03-13T20:30:25","modified_gmt":"2026-03-13T23:30:25","slug":"mercados-bonaerenses-llega-al-parque-mitre-este-sabado","status":"publish","type":"post","link":"https:\/\/cdnoticias.com\/index.php\/2026\/03\/13\/mercados-bonaerenses-llega-al-parque-mitre-este-sabado\/","title":{"rendered":"Mercados bonaerenses llega al Parque Mitre este s\u00e1bado\u00a0"},"content":{"rendered":"\n<p>Ser\u00e1 en Necochea y Brown a partir de las 9:00 horas. Contar\u00e1 con la participaci\u00f3n de productores locales.<\/p>\n\n\n\n<hr class=\"wp-block-separator aligncenter has-alpha-channel-opacity\"\/>\n\n\n\n<p>Este <strong>s\u00e1bado 14 de marzo<\/strong> se llevar\u00e1 a cabo una<strong> nueva edici\u00f3n del programa \u201cMercados Bonaerenses\u201d,<\/strong> en <strong>Parque Mitre, <\/strong>espec\u00edficamente en las calles<strong> Necochea y Brown.<\/strong><\/p>\n\n\n\n<p><\/p>\n\n\n\n<blockquote class=\"wp-block-quote is-layout-flow wp-block-quote-is-layout-flow\">\n<p>La feria \u2013que se desarrollar\u00e1 de 09:00 a 13:00 horas- contar\u00e1 con la participaci\u00f3n de productores locales, entre los cuales se podr\u00e1n encontrar elaboraciones como: panificados dulces y salados, bebidas, quesos, plantas y plantines, miel, verduras y productos sin TACC, alfajores artesanales, huevos, alimentos agroecol\u00f3gicos, productos de pasteler\u00eda, dulces artesanales e infusiones.<\/p>\n<\/blockquote>\n\n\n\n<p><\/p>\n\n\n\n<p>Es importante destacar que esta vez <strong>no se dispondr\u00e1n los camiones de pastas, l\u00e1cteos y pescados. <\/strong>Se solicita a los asistentes<strong> llevar bolsas para sus compras.<\/strong><\/p>\n\n\n\n<p><\/p>\n\n\n\n<p>El Programa \u201cMercados Bonaerenses\u201d pertenece al Ministerio de Desarrollo Agrario de la Provincia de Buenos Aires. Mediante dicha iniciativa se promociona la producci\u00f3n y el consumo de alimentos bonaerenses acercando a productores, productoras, consumidores y consumidoras a trav\u00e9s de una red de ferias y mercados en toda la provincia de Buenos Aires.<\/p>\n","protected":false},"excerpt":{"rendered":"<p>Ser\u00e1 en Necochea y Brown a partir de las 9:00 horas. Contar\u00e1 con la participaci\u00f3n de productores locales. Este s\u00e1bado<\/p>\n","protected":false},"author":6,"featured_media":134871,"comment_status":"closed","ping_status":"closed","sticky":false,"template":"","format":"standard","meta":{"_jetpack_memberships_contains_paid_content":false,"footnotes":""},"categories":[5,1],"tags":[],"class_list":["post-197518","post","type-post","status-publish","format-standard","has-post-thumbnail","hentry","category-informacion-general","category-portada"],"jetpack_featured_media_url":"https:\/\/i0.wp.com\/cdnoticias.com\/wp-content\/uploads\/2025\/01\/mercados-bonaerenses-enero-2025-6.jpg?fit=1072%2C596&ssl=1","jetpack_sharing_enabled":true,"_links":{"self":[{"href":"https:\/\/cdnoticias.com\/index.php\/wp-json\/wp\/v2\/posts\/197518","targetHints":{"allow":["GET"]}}],"collection":[{"href":"https:\/\/cdnoticias.com\/index.php\/wp-json\/wp\/v2\/posts"}],"about":[{"href":"https:\/\/cdnoticias.com\/index.php\/wp-json\/wp\/v2\/types\/post"}],"author":[{"embeddable":true,"href":"https:\/\/cdnoticias.com\/index.php\/wp-json\/wp\/v2\/users\/6"}],"replies":[{"embeddable":true,"href":"https:\/\/cdnoticias.com\/index.php\/wp-json\/wp\/v2\/comments?post=197518"}],"version-history":[{"count":0,"href":"https:\/\/cdnoticias.com\/index.php\/wp-json\/wp\/v2\/posts\/197518\/revisions"}],"wp:featuredmedia":[{"embeddable":true,"href":"https:\/\/cdnoticias.com\/index.php\/wp-json\/wp\/v2\/media\/134871"}],"wp:attachment":[{"href":"https:\/\/cdnoticias.com\/index.php\/wp-json\/wp\/v2\/media?parent=197518"}],"wp:term":[{"taxonomy":"category","embeddable":true,"href":"https:\/\/cdnoticias.com\/index.php\/wp-json\/wp\/v2\/categories?post=197518"},{"taxonomy":"post_tag","embeddable":true,"href":"https:\/\/cdnoticias.com\/index.php\/wp-json\/wp\/v2\/tags?post=197518"}],"curies":[{"name":"wp","href":"https:\/\/api.w.org\/{rel}","templated":true}]}}