{"id":197515,"date":"2026-03-13T18:00:02","date_gmt":"2026-03-13T21:00:02","guid":{"rendered":"https:\/\/cdnoticias.com\/?p=197515"},"modified":"2026-03-13T19:19:31","modified_gmt":"2026-03-13T22:19:31","slug":"este-sabado-puesto-de-vacunacion-antirrabica-en-la-plaza-manuel-belgrano","status":"publish","type":"post","link":"https:\/\/cdnoticias.com\/index.php\/2026\/03\/13\/este-sabado-puesto-de-vacunacion-antirrabica-en-la-plaza-manuel-belgrano\/","title":{"rendered":"Este s\u00e1bado, puesto de vacunaci\u00f3n antirr\u00e1bica en la plaza Manuel Belgrano"},"content":{"rendered":"\n<p>La medida preventiva se tom\u00f3 ante la detecci\u00f3n de un caso positivo en un murci\u00e9lago.<\/p>\n\n\n\n<hr class=\"wp-block-separator aligncenter has-alpha-channel-opacity\"\/>\n\n\n\n<p>Este <strong>s\u00e1bado <\/strong>se dispondr\u00e1 en la <strong>plaza Manuel Belgrano del barrio San Vicente un puesto de vacunaci\u00f3n antirr\u00e1bica, <\/strong>como <strong>medida preventiva ante la detecci\u00f3n de un caso positivo en un murci\u00e9lago.<\/strong><\/p>\n\n\n\n<p><\/p>\n\n\n\n<blockquote class=\"wp-block-quote is-layout-flow wp-block-quote-is-layout-flow\">\n<p>Las tareas ser\u00e1n llevadas a cabo desde la Direcci\u00f3n Veterinaria de la Municipalidad, en el horario de 9:30 a 12:30 horas, en el espacio p\u00fablico ubicado sobre Moreno entre Buchardo y Azopardo.<\/p>\n<\/blockquote>\n\n\n\n<p><\/p>\n\n\n\n<p>Se solicita<strong> acercar a los perros, de forma obligatoria, con correa, collar y el agregado de bozal<\/strong> para aquellas razas y sus cruzas de los denominados perros potencialmente peligrosos.\u00a0<\/p>\n\n\n\n<p><\/p>\n\n\n\n<p>En cuanto a<strong> los felinos deben concurrir en transportadoras, mochilas-bolsos destinados para tal fin, no sueltos ni en cajas<\/strong>, a fin de <strong>prevenir posibles escapes.<\/strong><\/p>\n\n\n\n<p><\/p>\n\n\n\n<p>La vacuna<strong> se aplica de forma gratuita a todos los gatos y perros mayores de tres (3) meses<\/strong>. Asimismo, se aclar\u00f3 que<strong> no se vacuna a hembras pre\u00f1adas o en lactancia, o animales que presenten s\u00edntomas de enfermedad.<\/strong><\/p>\n\n\n\n<p><\/p>\n","protected":false},"excerpt":{"rendered":"<p>La medida preventiva se tom\u00f3 ante la detecci\u00f3n de un caso positivo en un murci\u00e9lago. Este s\u00e1bado se dispondr\u00e1 en<\/p>\n","protected":false},"author":6,"featured_media":196957,"comment_status":"closed","ping_status":"closed","sticky":false,"template":"","format":"standard","meta":{"_jetpack_memberships_contains_paid_content":false,"footnotes":""},"categories":[5,1],"tags":[],"class_list":["post-197515","post","type-post","status-publish","format-standard","has-post-thumbnail","hentry","category-informacion-general","category-portada"],"jetpack_featured_media_url":"https:\/\/i0.wp.com\/cdnoticias.com\/wp-content\/uploads\/2026\/03\/vacunacion-antirrabica1.jpg?fit=894%2C594&ssl=1","jetpack_sharing_enabled":true,"_links":{"self":[{"href":"https:\/\/cdnoticias.com\/index.php\/wp-json\/wp\/v2\/posts\/197515","targetHints":{"allow":["GET"]}}],"collection":[{"href":"https:\/\/cdnoticias.com\/index.php\/wp-json\/wp\/v2\/posts"}],"about":[{"href":"https:\/\/cdnoticias.com\/index.php\/wp-json\/wp\/v2\/types\/post"}],"author":[{"embeddable":true,"href":"https:\/\/cdnoticias.com\/index.php\/wp-json\/wp\/v2\/users\/6"}],"replies":[{"embeddable":true,"href":"https:\/\/cdnoticias.com\/index.php\/wp-json\/wp\/v2\/comments?post=197515"}],"version-history":[{"count":0,"href":"https:\/\/cdnoticias.com\/index.php\/wp-json\/wp\/v2\/posts\/197515\/revisions"}],"wp:featuredmedia":[{"embeddable":true,"href":"https:\/\/cdnoticias.com\/index.php\/wp-json\/wp\/v2\/media\/196957"}],"wp:attachment":[{"href":"https:\/\/cdnoticias.com\/index.php\/wp-json\/wp\/v2\/media?parent=197515"}],"wp:term":[{"taxonomy":"category","embeddable":true,"href":"https:\/\/cdnoticias.com\/index.php\/wp-json\/wp\/v2\/categories?post=197515"},{"taxonomy":"post_tag","embeddable":true,"href":"https:\/\/cdnoticias.com\/index.php\/wp-json\/wp\/v2\/tags?post=197515"}],"curies":[{"name":"wp","href":"https:\/\/api.w.org\/{rel}","templated":true}]}}