{"id":197512,"date":"2026-03-14T20:06:33","date_gmt":"2026-03-14T23:06:33","guid":{"rendered":"https:\/\/cdnoticias.com\/?p=197512"},"modified":"2026-03-14T20:06:35","modified_gmt":"2026-03-14T23:06:35","slug":"blanca-grande-celebra-sus-113-anos-con-una-gran-fiesta","status":"publish","type":"post","link":"https:\/\/cdnoticias.com\/index.php\/2026\/03\/14\/blanca-grande-celebra-sus-113-anos-con-una-gran-fiesta\/","title":{"rendered":"Blanca Grande celebra sus 113 a\u00f1os con una gran fiesta"},"content":{"rendered":"\n<p>Ser\u00e1 este domingo 15 de marzo con las presentaciones en vivo de Nicol\u00e1s Centineo y Los Kumbieros. Asimismo, habr\u00e1 emprendedores y artesanos.&nbsp;<\/p>\n\n\n\n<hr class=\"wp-block-separator aligncenter has-alpha-channel-opacity\"\/>\n\n\n\n<p>Este <strong>domingo 15 de marzo <\/strong>se realizar\u00e1 nueva edici\u00f3n de<strong> Blanca Grande Renace, para celebrar los 113 a\u00f1os de fundaci\u00f3n del pueblo, <\/strong>en el marco de una propuesta organizada desde distintas \u00e1reas municipales junto a las instituciones de la localidad.<\/p>\n\n\n\n<p><\/p>\n\n\n\n<p>El cronograma de actividades alusivas <strong>se iniciar\u00e1 desde las 12 horas con el acto protocolar en la plaza Antonio Spicoli,<\/strong> ubicada sobre las <strong>calles Fresnos y Sauces.<\/strong><\/p>\n\n\n\n<p><\/p>\n\n\n\n<blockquote class=\"wp-block-quote is-layout-flow wp-block-quote-is-layout-flow\">\n<p>A partir del mediod\u00eda tambi\u00e9n se habilitar\u00e1n los puestos gastron\u00f3micos, que estar\u00e1n a cargo de instituciones de la localidad. El objetivo es poder compartir en el lugar un almuerzo campestre, que estar\u00e1 acompa\u00f1ado de distintas presentaciones art\u00edsticas y musicales.<\/p>\n<\/blockquote>\n\n\n\n<p><\/p>\n\n\n\n<p>En ese sentido, a partir de la articulaci\u00f3n con la Subsecretar\u00eda de Cultura,<strong> se llevar\u00e1 a cabo la participaci\u00f3n de un grupo de danzas alemanas, como as\u00ed tambi\u00e9n las presentaciones en vivo de Nicol\u00e1s Centineo y Los Kumbieros.<\/strong> Durante toda la jornada se contar\u00e1 adem\u00e1s con un <strong>paseo de artesanos y emprendedores.<\/strong><\/p>\n\n\n\n<p><\/p>\n","protected":false},"excerpt":{"rendered":"<p>Ser\u00e1 este domingo 15 de marzo con las presentaciones en vivo de Nicol\u00e1s Centineo y Los Kumbieros. Asimismo, habr\u00e1 emprendedores<\/p>\n","protected":false},"author":6,"featured_media":168389,"comment_status":"closed","ping_status":"closed","sticky":false,"template":"","format":"standard","meta":{"_jetpack_memberships_contains_paid_content":false,"footnotes":""},"categories":[9,1],"tags":[],"class_list":["post-197512","post","type-post","status-publish","format-standard","has-post-thumbnail","hentry","category-cultura","category-portada"],"jetpack_featured_media_url":"https:\/\/i0.wp.com\/cdnoticias.com\/wp-content\/uploads\/2025\/04\/aniversario-blanca-grande-112-anos-09.jpeg?fit=1000%2C750&ssl=1","jetpack_sharing_enabled":true,"_links":{"self":[{"href":"https:\/\/cdnoticias.com\/index.php\/wp-json\/wp\/v2\/posts\/197512","targetHints":{"allow":["GET"]}}],"collection":[{"href":"https:\/\/cdnoticias.com\/index.php\/wp-json\/wp\/v2\/posts"}],"about":[{"href":"https:\/\/cdnoticias.com\/index.php\/wp-json\/wp\/v2\/types\/post"}],"author":[{"embeddable":true,"href":"https:\/\/cdnoticias.com\/index.php\/wp-json\/wp\/v2\/users\/6"}],"replies":[{"embeddable":true,"href":"https:\/\/cdnoticias.com\/index.php\/wp-json\/wp\/v2\/comments?post=197512"}],"version-history":[{"count":0,"href":"https:\/\/cdnoticias.com\/index.php\/wp-json\/wp\/v2\/posts\/197512\/revisions"}],"wp:featuredmedia":[{"embeddable":true,"href":"https:\/\/cdnoticias.com\/index.php\/wp-json\/wp\/v2\/media\/168389"}],"wp:attachment":[{"href":"https:\/\/cdnoticias.com\/index.php\/wp-json\/wp\/v2\/media?parent=197512"}],"wp:term":[{"taxonomy":"category","embeddable":true,"href":"https:\/\/cdnoticias.com\/index.php\/wp-json\/wp\/v2\/categories?post=197512"},{"taxonomy":"post_tag","embeddable":true,"href":"https:\/\/cdnoticias.com\/index.php\/wp-json\/wp\/v2\/tags?post=197512"}],"curies":[{"name":"wp","href":"https:\/\/api.w.org\/{rel}","templated":true}]}}