{"id":197503,"date":"2026-03-13T19:27:25","date_gmt":"2026-03-13T22:27:25","guid":{"rendered":"https:\/\/cdnoticias.com\/?p=197503"},"modified":"2026-03-13T19:27:27","modified_gmt":"2026-03-13T22:27:27","slug":"ceco-gran-marco-de-publico-en-el-encuentro-de-mujeres","status":"publish","type":"post","link":"https:\/\/cdnoticias.com\/index.php\/2026\/03\/13\/ceco-gran-marco-de-publico-en-el-encuentro-de-mujeres\/","title":{"rendered":"CECO: Gran marco de p\u00fablico en el encuentro de Mujeres"},"content":{"rendered":"\n<p>La actividad fue organizada por la Secretar\u00eda de la Mujer de FAECyS en conmemoraci\u00f3n del 8M D\u00eda de la mujer Trabajadora.<\/p>\n\n\n\n<hr class=\"wp-block-separator aligncenter has-alpha-channel-opacity\"\/>\n\n\n\n<p>Con una gran concurrencia, se realiz\u00f3 este jueves 12 el<strong> Encuentro de Mujeres de Comercio y Servicios en conmemoraci\u00f3n del 8M Dia de la mujer trabajadora<\/strong>. La actividad cont\u00f3 con destacadas presencias y se desarroll\u00f3 en la sede del <strong>Centro Empleados de Comercio Olavarr\u00eda (CECO).<\/strong><\/p>\n\n\n\n<p><\/p>\n\n\n\n<p>La bienvenida estuvo a cargo de la Secretaria de la mujer del CECO, <strong>Viviana G\u00f3mez<\/strong> y del Secretario General del CECO<strong> Miguel Santell\u00e1n<\/strong> quien brind\u00f3 unas palabras a quienes se acercaron y destac\u00f3:\u00a0 \u201c<strong><em>En un contexto nacional donde las pol\u00edticas liberales del gobierno nacional profundizan las desigualdades, son las mujeres las que m\u00e1s sufren el ajuste: las que cobran menos, las que m\u00e1s trabajan en negro, las que tienen que elegir entre cuidar a sus hijos o salir a buscar el pan. Por eso, desde el CECO queremos poner en valor su rol y decir bien fuerte: sin mujeres no hay comercio, ni econom\u00eda, ni patria que funcione\u201d.<\/em><\/strong><\/p>\n\n\n\n<p><\/p>\n\n\n\n<blockquote class=\"wp-block-quote is-layout-flow wp-block-quote-is-layout-flow\">\n<p>Del encuentro participaron trabajadoras y afiliadas mercantiles de Olavarr\u00eda, Azul, Bol\u00edvar y Benito Ju\u00e1rez, mujeres sindicalistas de nuestra ciudad y miembros de la Comisi\u00f3n Directiva del CECO. Tambi\u00e9n form\u00f3 parte la Secretaria General del CEC de Cinco Saltos, Subsecretaria de la Mujer de FAECyS, Jeannette Rubilar.<\/p>\n<\/blockquote>\n\n\n\n<p><\/p>\n\n\n\n<figure class=\"wp-block-image aligncenter size-full\"><img data-recalc-dims=\"1\" loading=\"lazy\" decoding=\"async\" width=\"800\" height=\"536\" src=\"https:\/\/i0.wp.com\/cdnoticias.com\/wp-content\/uploads\/2026\/03\/ceco-encuentro-mujeres2.png?resize=800%2C536&#038;ssl=1\" alt=\"\" class=\"wp-image-197505\" srcset=\"https:\/\/i0.wp.com\/cdnoticias.com\/wp-content\/uploads\/2026\/03\/ceco-encuentro-mujeres2.png?w=880&amp;ssl=1 880w, https:\/\/i0.wp.com\/cdnoticias.com\/wp-content\/uploads\/2026\/03\/ceco-encuentro-mujeres2.png?resize=300%2C201&amp;ssl=1 300w, https:\/\/i0.wp.com\/cdnoticias.com\/wp-content\/uploads\/2026\/03\/ceco-encuentro-mujeres2.png?resize=768%2C515&amp;ssl=1 768w, https:\/\/i0.wp.com\/cdnoticias.com\/wp-content\/uploads\/2026\/03\/ceco-encuentro-mujeres2.png?resize=272%2C182&amp;ssl=1 272w\" sizes=\"auto, (max-width: 800px) 100vw, 800px\" \/><\/figure>\n\n\n\n<p><\/p>\n\n\n\n<p>Maria Delia Dignani, Secretaria General del Centro de Empleados de Comercio de San Nicol\u00e1s y Secretaria de la Mujer de FAECyS realiz\u00f3 una exposici\u00f3n <strong>sobre las implicancias para las mujeres trabajadoras que traer\u00e1 la reforma laboral aprobada por el gobierno nacional.\u00a0<\/strong><\/p>\n\n\n\n<p><\/p>\n\n\n\n<blockquote class=\"wp-block-quote is-layout-flow wp-block-quote-is-layout-flow\">\n<p>En su an\u00e1lisis explic\u00f3: \u201cLas mujeres resultaron las mas afectadas por la reforma laboral de Milei,\u00a0 una reforma que viene a poner en riesgo derechos que conquistamos y venimos reclamando hace 90 a\u00f1os \u201d.<\/p>\n<\/blockquote>\n\n\n\n<p><\/p>\n\n\n\n<p>El cierre de la actividad estuvo a cargo de la<strong> Licenciada en Comunicaci\u00f3n Social especializada en estudios de g\u00e9nero y diversidades Ver\u00f3nica Luchessi, <\/strong>quien realiz\u00f3 una presentaci\u00f3n sobre las <strong>violencias y acoso en el trabajo y las herramientas para la prevenci\u00f3n y la atenci\u00f3n de casos<\/strong> brindando una serie de herramientas para la detecci\u00f3n temprana de las situaciones de acoso y violencia, de las que son v\u00edctimas mayoritariamente las mujeres.<\/p>\n\n\n\n<p><\/p>\n\n\n\n<figure class=\"wp-block-image aligncenter size-full\"><img data-recalc-dims=\"1\" loading=\"lazy\" decoding=\"async\" width=\"800\" height=\"493\" src=\"https:\/\/i0.wp.com\/cdnoticias.com\/wp-content\/uploads\/2026\/03\/ceco-encuentro-mujeres1.png?resize=800%2C493&#038;ssl=1\" alt=\"\" class=\"wp-image-197506\" srcset=\"https:\/\/i0.wp.com\/cdnoticias.com\/wp-content\/uploads\/2026\/03\/ceco-encuentro-mujeres1.png?w=844&amp;ssl=1 844w, https:\/\/i0.wp.com\/cdnoticias.com\/wp-content\/uploads\/2026\/03\/ceco-encuentro-mujeres1.png?resize=300%2C185&amp;ssl=1 300w, https:\/\/i0.wp.com\/cdnoticias.com\/wp-content\/uploads\/2026\/03\/ceco-encuentro-mujeres1.png?resize=768%2C473&amp;ssl=1 768w\" sizes=\"auto, (max-width: 800px) 100vw, 800px\" \/><\/figure>\n\n\n\n<p><\/p>\n","protected":false},"excerpt":{"rendered":"<p>La actividad fue organizada por la Secretar\u00eda de la Mujer de FAECyS en conmemoraci\u00f3n del 8M D\u00eda de la mujer<\/p>\n","protected":false},"author":6,"featured_media":197504,"comment_status":"closed","ping_status":"closed","sticky":false,"template":"","format":"standard","meta":{"_jetpack_memberships_contains_paid_content":false,"footnotes":""},"categories":[3,1],"tags":[],"class_list":["post-197503","post","type-post","status-publish","format-standard","has-post-thumbnail","hentry","category-genero","category-portada"],"jetpack_featured_media_url":"https:\/\/i0.wp.com\/cdnoticias.com\/wp-content\/uploads\/2026\/03\/ceco-encuentro-mujeres3.jpg?fit=900%2C513&ssl=1","jetpack_sharing_enabled":true,"_links":{"self":[{"href":"https:\/\/cdnoticias.com\/index.php\/wp-json\/wp\/v2\/posts\/197503","targetHints":{"allow":["GET"]}}],"collection":[{"href":"https:\/\/cdnoticias.com\/index.php\/wp-json\/wp\/v2\/posts"}],"about":[{"href":"https:\/\/cdnoticias.com\/index.php\/wp-json\/wp\/v2\/types\/post"}],"author":[{"embeddable":true,"href":"https:\/\/cdnoticias.com\/index.php\/wp-json\/wp\/v2\/users\/6"}],"replies":[{"embeddable":true,"href":"https:\/\/cdnoticias.com\/index.php\/wp-json\/wp\/v2\/comments?post=197503"}],"version-history":[{"count":0,"href":"https:\/\/cdnoticias.com\/index.php\/wp-json\/wp\/v2\/posts\/197503\/revisions"}],"wp:featuredmedia":[{"embeddable":true,"href":"https:\/\/cdnoticias.com\/index.php\/wp-json\/wp\/v2\/media\/197504"}],"wp:attachment":[{"href":"https:\/\/cdnoticias.com\/index.php\/wp-json\/wp\/v2\/media?parent=197503"}],"wp:term":[{"taxonomy":"category","embeddable":true,"href":"https:\/\/cdnoticias.com\/index.php\/wp-json\/wp\/v2\/categories?post=197503"},{"taxonomy":"post_tag","embeddable":true,"href":"https:\/\/cdnoticias.com\/index.php\/wp-json\/wp\/v2\/tags?post=197503"}],"curies":[{"name":"wp","href":"https:\/\/api.w.org\/{rel}","templated":true}]}}