{"id":197500,"date":"2026-03-13T19:44:50","date_gmt":"2026-03-13T22:44:50","guid":{"rendered":"https:\/\/cdnoticias.com\/?p=197500"},"modified":"2026-03-13T19:44:52","modified_gmt":"2026-03-13T22:44:52","slug":"junto-a-militantes-y-afiliados-la-ucr-celebro-el-dia-del-militante-radical","status":"publish","type":"post","link":"https:\/\/cdnoticias.com\/index.php\/2026\/03\/13\/junto-a-militantes-y-afiliados-la-ucr-celebro-el-dia-del-militante-radical\/","title":{"rendered":"Junto a militantes y afiliados, la UCR celebr\u00f3 el D\u00eda del Militante Radical"},"content":{"rendered":"\n<p>La actividad se llev\u00f3 adelante este jueves en las instalaciones del Comit\u00e9 Radical, donde se desarroll\u00f3 una jornada que tuvo la emoci\u00f3n como principal protagonista.&nbsp;<\/p>\n\n\n\n<hr class=\"wp-block-separator aligncenter has-alpha-channel-opacity\"\/>\n\n\n\n<p>Este<strong> jueves 12 de marzo,<\/strong> la <strong>Uni\u00f3n C\u00edvica Radical de Olavarr\u00eda celebr\u00f3 y conmemor\u00f3 el D\u00eda del Militante Radical en honor al 99\u00b0 aniversario del nacimiento de Ra\u00fal Alfons\u00edn.\u00a0<\/strong><\/p>\n\n\n\n<p><\/p>\n\n\n\n<p>La actividad se llev\u00f3 adelante durante la tarde &#8211; noche en las instalaciones del Comit\u00e9 Radical y cont\u00f3 con la <strong>presencia de autoridades partidarias, militantes, afiliados y allegados,<\/strong> quienes compartieron una jornada que tuvo la emoci\u00f3n como principal protagonista.\u00a0&#8220;Cada uno de los presentes tuvo la posibilidad de expresar sus sentimientos, manifestar sus deseos y tambi\u00e9n compartir an\u00e9cdotas sobre sus inicios en el partido y lo que los motiv\u00f3 a involucrarse y comenzar a militar&#8221; indicaron desde el partido. <\/p>\n\n\n\n<p><\/p>\n\n\n\n<p>Al respecto, el<strong> concejal Francisco Gonz\u00e1lez<\/strong> manifest\u00f3 que <em>\u201c<\/em><strong><em>vivimos una jornada de encuentro, de mucha reflexi\u00f3n, que nos invit\u00f3 a recordar con diferentes actividades qu\u00e9 nos motiv\u00f3 sumarnos y por qu\u00e9 somos militantes radicales al recordar esos inicios de nuestra participaci\u00f3n y momentos hist\u00f3ricos fundamentales de la historia de nuestro partido\u201d<\/em>.\u00a0<\/strong><\/p>\n\n\n\n<p><\/p>\n\n\n\n<p>En esta misma l\u00ednea, expres\u00f3 que <em>\u201cfue un muy lindo encuentro que nos ha servido para volver a encontrarnos y volver a sentir la identidad que tanto nos convoca\u201d<\/em>.&nbsp;<\/p>\n\n\n\n<p><\/p>\n\n\n\n<p>Por su parte, la <strong>presidente del espacio, Bel\u00e9n Vergel<\/strong>, se\u00f1al\u00f3: <em>\u201cComo militante radical, me gustar\u00eda invitar a que se sumen a mantener vivas nuestras banderas, honrar los principios que nos dieron origen y seguir trabajando, con esperanza, por una sociedad m\u00e1s justa, democr\u00e1tica e igualitaria. Quiero personalmente reconocer a quienes, con convicci\u00f3n y compromiso, sostienen la militancia cotidiana, caminando, pregonando y luchando por estas ideas\u201d<\/em>. <\/p>\n\n\n\n<p><\/p>\n","protected":false},"excerpt":{"rendered":"<p>La actividad se llev\u00f3 adelante este jueves en las instalaciones del Comit\u00e9 Radical, donde se desarroll\u00f3 una jornada que tuvo<\/p>\n","protected":false},"author":6,"featured_media":197501,"comment_status":"closed","ping_status":"closed","sticky":false,"template":"","format":"standard","meta":{"_jetpack_memberships_contains_paid_content":false,"footnotes":""},"categories":[4,1],"tags":[],"class_list":["post-197500","post","type-post","status-publish","format-standard","has-post-thumbnail","hentry","category-politica","category-portada"],"jetpack_featured_media_url":"https:\/\/i0.wp.com\/cdnoticias.com\/wp-content\/uploads\/2026\/03\/ucr-pancho-vergel.jpg?fit=886%2C569&ssl=1","jetpack_sharing_enabled":true,"_links":{"self":[{"href":"https:\/\/cdnoticias.com\/index.php\/wp-json\/wp\/v2\/posts\/197500","targetHints":{"allow":["GET"]}}],"collection":[{"href":"https:\/\/cdnoticias.com\/index.php\/wp-json\/wp\/v2\/posts"}],"about":[{"href":"https:\/\/cdnoticias.com\/index.php\/wp-json\/wp\/v2\/types\/post"}],"author":[{"embeddable":true,"href":"https:\/\/cdnoticias.com\/index.php\/wp-json\/wp\/v2\/users\/6"}],"replies":[{"embeddable":true,"href":"https:\/\/cdnoticias.com\/index.php\/wp-json\/wp\/v2\/comments?post=197500"}],"version-history":[{"count":0,"href":"https:\/\/cdnoticias.com\/index.php\/wp-json\/wp\/v2\/posts\/197500\/revisions"}],"wp:featuredmedia":[{"embeddable":true,"href":"https:\/\/cdnoticias.com\/index.php\/wp-json\/wp\/v2\/media\/197501"}],"wp:attachment":[{"href":"https:\/\/cdnoticias.com\/index.php\/wp-json\/wp\/v2\/media?parent=197500"}],"wp:term":[{"taxonomy":"category","embeddable":true,"href":"https:\/\/cdnoticias.com\/index.php\/wp-json\/wp\/v2\/categories?post=197500"},{"taxonomy":"post_tag","embeddable":true,"href":"https:\/\/cdnoticias.com\/index.php\/wp-json\/wp\/v2\/tags?post=197500"}],"curies":[{"name":"wp","href":"https:\/\/api.w.org\/{rel}","templated":true}]}}