{"id":197492,"date":"2026-03-13T15:27:28","date_gmt":"2026-03-13T18:27:28","guid":{"rendered":"https:\/\/cdnoticias.com\/?p=197492"},"modified":"2026-03-13T18:00:23","modified_gmt":"2026-03-13T21:00:23","slug":"hcd-se-constituyo-la-comision-especial-para-analizar-la-concesion-del-servicio-electrico","status":"publish","type":"post","link":"https:\/\/cdnoticias.com\/index.php\/2026\/03\/13\/hcd-se-constituyo-la-comision-especial-para-analizar-la-concesion-del-servicio-electrico\/","title":{"rendered":"HCD: se constituy\u00f3 la comisi\u00f3n especial para analizar la concesi\u00f3n del servicio el\u00e9ctrico"},"content":{"rendered":"<p>Federico Aguilera dijo que se impulsar\u00e1n pedidos de informe y citaciones representantes del Ejecutivo y Coopelectric. Marcelo Petehs se\u00f1al\u00f3 \u201cnos va a permitir hacer un estudio exhaustivo del expediente\u201d.<!--more--><\/p>\n<hr \/>\n<p>\u00a0<\/p>\n\n\n<p><strong>Este viernes <\/strong>a las 10 de la ma\u00f1ana se reuni\u00f3 en el <strong>Concejo Deliberante<\/strong> la <strong>comisi\u00f3n especial para analizar la concesi\u00f3n del servicio el\u00e9ctrico<\/strong>. Qued\u00f3 integrada por ocho miembros y a cargo de la <strong>presidencia est\u00e1 Federico Aguilera<\/strong> mientras que<strong> la secretaria es Luc\u00eda Palacios<\/strong>, ambos concejales de Uni\u00f3n por la Patria.<\/p>\n\n\n\n<p><\/p>\n\n\n\n<p><a href=\"https:\/\/cdnoticias.com\/index.php\/2026\/03\/10\/hcd-el-viernes-se-pondra-en-marcha-la-comision-especial-por-la-concesion-de-coopelectric\/\" target=\"_blank\" rel=\"noreferrer noopener\">Tal como se hab\u00eda informado<\/a>, la convocatoria se realiza en el marco del<strong> decreto N\u00b0 148\/25<\/strong>, mediante el cual se dispuso la creaci\u00f3n de este espacio de trabajo legislativo orientado a analizar la situaci\u00f3n del servicio brindado por la Cooperativa Limitada de Consumo de Electricidad y Servicios Anexos de Olavarr\u00eda (Coopelectric).<\/p>\n\n\n\n<p><\/p>\n\n\n\n<p><strong>Central de Noticias <\/strong>estuvo en el Legislativo donde al cierre de la reuni\u00f3n expusieron dos de los miembros, <strong>Federico Aguilera y Marcelo Petehs (Por M\u00e1s Libertad)<\/strong>. \u201cSe conform\u00f3 de manera oficial la comisi\u00f3n que va a empezar a trabajar<strong> todos los viernes a la misma hora y est\u00e1 constituida por todos los bloques pol\u00edticos<\/strong> que forman parte del Concejo Deliberante con un representante de distintos bloques. En este caso concreto est\u00e1 Marcelo, que me acompa\u00f1a en este momento. Est\u00e1 tambi\u00e9n conformado por <strong>Hilario Galli (Pro), por Francisco Gonz\u00e1lez (UCR), por Nicol\u00e1s Zampini (LLA)<\/strong> y otros compa\u00f1eros de mi bloque que son <strong>Luc\u00eda Palacios, Bel\u00e9n Abram y Gast\u00f3n Sarachu\u201d<\/strong> indic\u00f3 Aguilera.<\/p>\n\n\n\n<p><\/p>\n\n\n\n<blockquote class=\"wp-block-quote is-layout-flow wp-block-quote-is-layout-flow\">\n<p>Explic\u00f3 que \u201chemos constituido una metodolog\u00eda de trabajo que tiene que ver con llevar adelante el pedido de informaci\u00f3n tanto al Ejecutivo como a la cooperativa y llevar adelante una serie de citaciones a diferentes funcionarios y tambi\u00e9n a integrantes de la cooperativa para que puedan responder consultas y diferentes dudas\u201d.<\/p>\n<\/blockquote>\n\n\n\n<p><\/p>\n\n\n\n<p>Uno de los aspectos con que se especulaba para la comisi\u00f3n es que, en su desarrollo, tambi\u00e9n se sume lo referido al servicio de obras sanitarias sobre la que <a href=\"https:\/\/cdnoticias.com\/index.php\/2026\/03\/11\/audiencia-publica-del-agua-coopelectric-mantuvo-el-pedido-de-suba-del-107\/\" target=\"_blank\" rel=\"noreferrer noopener\">el HCD analiza actualmente la suba tarifaria<\/a>. Consultado sobre ese tema Aguilera dijo<strong> \u201cvamos a arrancar exclusivamente con lo que tiene que ver con el servicio el\u00e9ctrico<\/strong> que es lo que establece la ordenanza y lo que fue pedido en la nota de la cooperativa al Concejo Deliberante. Luego en el d\u00eda y vuelta de las discusiones, de las charlas, de las citaciones <strong>veremos si es necesario ampliar la discusi\u00f3n a otros servicios\u201d.<\/strong><\/p>\n\n\n\n<p><\/p>\n\n\n\n<figure class=\"wp-block-image size-full\"><img data-recalc-dims=\"1\" loading=\"lazy\" decoding=\"async\" width=\"800\" height=\"445\" src=\"https:\/\/i0.wp.com\/cdnoticias.com\/wp-content\/uploads\/2026\/03\/hcd-comision-especial-federico-aguilera-marcelo-petehs-00.jpg?resize=800%2C445&#038;ssl=1\" alt=\"\" class=\"wp-image-197493\" srcset=\"https:\/\/i0.wp.com\/cdnoticias.com\/wp-content\/uploads\/2026\/03\/hcd-comision-especial-federico-aguilera-marcelo-petehs-00.jpg?w=1000&amp;ssl=1 1000w, https:\/\/i0.wp.com\/cdnoticias.com\/wp-content\/uploads\/2026\/03\/hcd-comision-especial-federico-aguilera-marcelo-petehs-00.jpg?resize=300%2C167&amp;ssl=1 300w, https:\/\/i0.wp.com\/cdnoticias.com\/wp-content\/uploads\/2026\/03\/hcd-comision-especial-federico-aguilera-marcelo-petehs-00.jpg?resize=768%2C427&amp;ssl=1 768w, https:\/\/i0.wp.com\/cdnoticias.com\/wp-content\/uploads\/2026\/03\/hcd-comision-especial-federico-aguilera-marcelo-petehs-00.jpg?resize=800%2C445&amp;ssl=1 800w\" sizes=\"auto, (max-width: 800px) 100vw, 800px\" \/><\/figure>\n\n\n\n<p><\/p>\n\n\n\n<p><strong>Marcelo Petehs <\/strong>se\u00f1al\u00f3 sobre el funcionamiento de la comisi\u00f3n especial que \u201cya tenemos el antecedente de cuando estuvimos funcionando con Los Palmares.<strong> Creemos que nos va a permitir hacer un estudio exhaustivo del expediente\u201d<\/strong>. Estim\u00f3 que \u201cnos va a llevar un buen tiempo, solicitar toda la informaci\u00f3n que sea necesaria para poder despu\u00e9s terminar como conclusi\u00f3n final,<strong> un dictamen que sabemos que no es vinculante, pero que es la funci\u00f3n que tenemos nosotros como legisladores\u201d<\/strong>.<\/p>\n\n\n\n<p><\/p>\n\n\n\n<p>El concejal de Por M\u00e1s Libertad advirti\u00f3 que<strong> \u201cen realidad lo que no sabemos es c\u00f3mo va a terminar.<\/strong> Es decir, es un contrato entre dos partes. Por un lado, el municipio y por el otro lado una empresa prestataria. Y bueno, nosotros simplemente vamos a hacer, un dictamen no vinculante. As\u00ed que despu\u00e9s se ver\u00e1 con el tiempo y el transcurso de la comisi\u00f3n en qu\u00e9 termina todo este proceso\u201d.<\/p>\n\n\n\n<p><\/p>\n\n\n\n<h2 class=\"wp-block-heading\">El decreto<\/h2>\n\n\n\n<p><\/p>\n\n\n\n<p>Seg\u00fan lo establecido en el decreto 148\/25, la Comisi\u00f3n Especial estar\u00e1 integrada por<strong> ocho concejales, respetando la proporcionalidad y representaci\u00f3n pol\u00edtica<\/strong> de los bloques que conforman el cuerpo deliberativo. Adem\u00e1s, contar\u00e1 con la figura de <strong>un presidente y un secretario<\/strong>.<\/p>\n\n\n\n<p><\/p>\n\n\n\n<p>El espacio tendr\u00e1 como objetivo<strong> recabar informaci\u00f3n, analizar la concesi\u00f3n y evaluar <\/strong>distintos aspectos vinculados a la prestaci\u00f3n del servicio el\u00e9ctrico en el partido de Olavarr\u00eda.<\/p>\n\n\n\n<p><\/p>\n\n\n\n<p>De acuerdo a lo dispuesto, <strong>la comisi\u00f3n tendr\u00e1 una duraci\u00f3n inicial de 45 d\u00edas<\/strong>, con<strong> posibilidad de pr\u00f3rroga<\/strong> en caso de que se considere necesario para el desarrollo de su tarea.<\/p>\n\n\n\n<p><\/p>\n","protected":false},"excerpt":{"rendered":"<p>Federico Aguilera dijo que se impulsar\u00e1n pedidos de informe y citaciones representantes del Ejecutivo y Coopelectric. Marcelo Petehs se\u00f1al\u00f3 \u201cnos<\/p>\n","protected":false},"author":4,"featured_media":197494,"comment_status":"closed","ping_status":"closed","sticky":false,"template":"","format":"standard","meta":{"_jetpack_memberships_contains_paid_content":false,"footnotes":""},"categories":[4,1],"tags":[],"class_list":["post-197492","post","type-post","status-publish","format-standard","has-post-thumbnail","hentry","category-politica","category-portada"],"jetpack_featured_media_url":"https:\/\/i0.wp.com\/cdnoticias.com\/wp-content\/uploads\/2026\/03\/hcd-comision-especial-federico-aguilera-marcelo-petehs.jpg?fit=1000%2C557&ssl=1","jetpack_sharing_enabled":true,"_links":{"self":[{"href":"https:\/\/cdnoticias.com\/index.php\/wp-json\/wp\/v2\/posts\/197492","targetHints":{"allow":["GET"]}}],"collection":[{"href":"https:\/\/cdnoticias.com\/index.php\/wp-json\/wp\/v2\/posts"}],"about":[{"href":"https:\/\/cdnoticias.com\/index.php\/wp-json\/wp\/v2\/types\/post"}],"author":[{"embeddable":true,"href":"https:\/\/cdnoticias.com\/index.php\/wp-json\/wp\/v2\/users\/4"}],"replies":[{"embeddable":true,"href":"https:\/\/cdnoticias.com\/index.php\/wp-json\/wp\/v2\/comments?post=197492"}],"version-history":[{"count":0,"href":"https:\/\/cdnoticias.com\/index.php\/wp-json\/wp\/v2\/posts\/197492\/revisions"}],"wp:featuredmedia":[{"embeddable":true,"href":"https:\/\/cdnoticias.com\/index.php\/wp-json\/wp\/v2\/media\/197494"}],"wp:attachment":[{"href":"https:\/\/cdnoticias.com\/index.php\/wp-json\/wp\/v2\/media?parent=197492"}],"wp:term":[{"taxonomy":"category","embeddable":true,"href":"https:\/\/cdnoticias.com\/index.php\/wp-json\/wp\/v2\/categories?post=197492"},{"taxonomy":"post_tag","embeddable":true,"href":"https:\/\/cdnoticias.com\/index.php\/wp-json\/wp\/v2\/tags?post=197492"}],"curies":[{"name":"wp","href":"https:\/\/api.w.org\/{rel}","templated":true}]}}