{"id":197489,"date":"2026-03-14T11:34:57","date_gmt":"2026-03-14T14:34:57","guid":{"rendered":"https:\/\/cdnoticias.com\/?p=197489"},"modified":"2026-03-14T11:34:59","modified_gmt":"2026-03-14T14:34:59","slug":"se-viene-una-nueva-edicion-de-la-fiesta-de-san-patricio","status":"publish","type":"post","link":"https:\/\/cdnoticias.com\/index.php\/2026\/03\/14\/se-viene-una-nueva-edicion-de-la-fiesta-de-san-patricio\/","title":{"rendered":"Se viene una nueva edici\u00f3n de la Fiesta de San Patricio"},"content":{"rendered":"<p>El pr\u00f3ximo 21 de marzo sobre la avenida Almirante Brown entre las calles Belgrano y Necochea. Organizan cerveceros artesanales de Olavarr\u00eda con el acompa\u00f1amiento del Municipio.<!--more--><\/p>\n<hr \/>\n<p>\u00a0<\/p>\n\n\n<p><strong>En la noche del pr\u00f3ximo s\u00e1bado 21 de marzo<\/strong> se llevar\u00e1 a cabo en el <strong>Parque Mitre <\/strong>una <strong>nueva edici\u00f3n de la fiesta de San Patricio<\/strong>, evento organizado por <strong>cerveceros artesanales de Olavarr\u00eda<\/strong>, con el acompa\u00f1amiento del Municipio, con el objetivo de seguir <strong>promoviendo espacios que desarrollen la actividad y visibilidad de distintos emprendimientos<\/strong> locales, adem\u00e1s de brindar a la comunidad en general una propuesta m\u00e1s que atractiva.<\/p>\n\n\n\n<p><\/p>\n\n\n\n<blockquote class=\"wp-block-quote is-layout-flow wp-block-quote-is-layout-flow\">\n<p>Se llevar\u00e1 a cabo a partir de las 19 horas sobre la avenida Almirante Brown, en el sector comprendido entre las calles Belgrano y Necochea.<\/p>\n<\/blockquote>\n\n\n\n<p><\/p>\n\n\n\n<p>La <strong>Secretar\u00eda de Protecci\u00f3n Ciudadana<\/strong> dispondr\u00e1 <strong>un operativo de tr\u00e1nsito<\/strong> para garantizar la segura circulaci\u00f3n por el sector, tanto de rodados como de personas que se acerquen a disfrutar de la propuesta.<\/p>\n\n\n\n<p><\/p>\n\n\n\n<p>Vale destacar, a la par, que la Fiesta de San Patricio cuenta tambi\u00e9n con la participaci\u00f3n de la <strong>Secretar\u00eda de Desarrollo Econ\u00f3mico y Productivo y la Subsecretar\u00eda de Cultura<\/strong>, \u00e1reas que vienen sosteniendo encuentros con los organizadores para realizar un evento que tendr\u00e1 adem\u00e1s<strong> propuestas gastron\u00f3micas y m\u00fasica en vivo<\/strong>, con el objetivo de <strong>celebrar en comunidad la fiesta del santo patrono de la cerveza<\/strong>.<\/p>\n\n\n\n<p><\/p>\n\n\n\n<blockquote class=\"wp-block-quote is-layout-flow wp-block-quote-is-layout-flow\">\n<p>Desde la Secretar\u00eda de Desarrollo Econ\u00f3mico se destac\u00f3 que el festejo se enmarca en la continuidad de la pol\u00edtica de fortalecimiento de este sector productivo local. \u201cLo que buscamos con este tipo de eventos es fomentar el crecimiento y estrechar v\u00ednculos con la comunidad productiva local. Vamos a acompa\u00f1ar esta iniciativa de la Asociaci\u00f3n de Cerveceros y aportar nuestra estructura log\u00edstica para que el evento se desarrolle de la mejor manera\u201d, se se\u00f1al\u00f3.<\/p>\n<\/blockquote>\n\n\n\n<p><\/p>\n\n\n\n<p>En ese sentido, por \u00faltimo, se explic\u00f3 que este tipo de propuestas no solo convoca a la comunidad permitiendo el disfrute, sino tambi\u00e9n <strong>moviliza distintos sectores econ\u00f3micos de la ciudad<\/strong>, como proveedores gastron\u00f3micos, fletes, sonido, personal de asistencia, entre otros rubros.<\/p>\n\n\n\n<p><\/p>\n","protected":false},"excerpt":{"rendered":"<p>El pr\u00f3ximo 21 de marzo sobre la avenida Almirante Brown entre las calles Belgrano y Necochea. Organizan cerveceros artesanales de<\/p>\n","protected":false},"author":4,"featured_media":166664,"comment_status":"closed","ping_status":"closed","sticky":false,"template":"","format":"standard","meta":{"_jetpack_memberships_contains_paid_content":false,"footnotes":""},"categories":[9,1],"tags":[],"class_list":["post-197489","post","type-post","status-publish","format-standard","has-post-thumbnail","hentry","category-cultura","category-portada"],"jetpack_featured_media_url":"https:\/\/i0.wp.com\/cdnoticias.com\/wp-content\/uploads\/2025\/03\/festival-cervecero-san-patricio.png?fit=880%2C513&ssl=1","jetpack_sharing_enabled":true,"_links":{"self":[{"href":"https:\/\/cdnoticias.com\/index.php\/wp-json\/wp\/v2\/posts\/197489","targetHints":{"allow":["GET"]}}],"collection":[{"href":"https:\/\/cdnoticias.com\/index.php\/wp-json\/wp\/v2\/posts"}],"about":[{"href":"https:\/\/cdnoticias.com\/index.php\/wp-json\/wp\/v2\/types\/post"}],"author":[{"embeddable":true,"href":"https:\/\/cdnoticias.com\/index.php\/wp-json\/wp\/v2\/users\/4"}],"replies":[{"embeddable":true,"href":"https:\/\/cdnoticias.com\/index.php\/wp-json\/wp\/v2\/comments?post=197489"}],"version-history":[{"count":0,"href":"https:\/\/cdnoticias.com\/index.php\/wp-json\/wp\/v2\/posts\/197489\/revisions"}],"wp:featuredmedia":[{"embeddable":true,"href":"https:\/\/cdnoticias.com\/index.php\/wp-json\/wp\/v2\/media\/166664"}],"wp:attachment":[{"href":"https:\/\/cdnoticias.com\/index.php\/wp-json\/wp\/v2\/media?parent=197489"}],"wp:term":[{"taxonomy":"category","embeddable":true,"href":"https:\/\/cdnoticias.com\/index.php\/wp-json\/wp\/v2\/categories?post=197489"},{"taxonomy":"post_tag","embeddable":true,"href":"https:\/\/cdnoticias.com\/index.php\/wp-json\/wp\/v2\/tags?post=197489"}],"curies":[{"name":"wp","href":"https:\/\/api.w.org\/{rel}","templated":true}]}}