{"id":197480,"date":"2026-03-15T09:21:53","date_gmt":"2026-03-15T12:21:53","guid":{"rendered":"https:\/\/cdnoticias.com\/?p=197480"},"modified":"2026-03-15T11:04:35","modified_gmt":"2026-03-15T14:04:35","slug":"el-sector-tiene-que-reconvertirse-para-evitar-el-desmantelamiento-de-muchas-escuelas","status":"publish","type":"post","link":"https:\/\/cdnoticias.com\/index.php\/2026\/03\/15\/el-sector-tiene-que-reconvertirse-para-evitar-el-desmantelamiento-de-muchas-escuelas\/","title":{"rendered":"\u201cEl sector tiene que reconvertirse para evitar el desmantelamiento de muchas escuelas\u201d"},"content":{"rendered":"\n<p>Mart\u00edn Zurita, secretario ejecutivo de AIEPA, analiz\u00f3 la situaci\u00f3n de las escuelas privadas y advirti\u00f3 sobre los problemas de financiamiento en di\u00e1logo con el programa Levantate de Radio Sapiens.<\/p>\n\n\n\n<hr class=\"wp-block-separator has-alpha-channel-opacity\"\/>\n\n\n\n<p>La <strong>Asociaci\u00f3n de Institutos de Ense\u00f1anza Privada de la provincia de Buenos Aires (AIEPBA) <\/strong>advirti\u00f3 sobre las dificultades econ\u00f3micas que atraviesan muchas instituciones educativas del sector, a partir de atrasos en la actualizaci\u00f3n de cuotas, el aumento de costos de servicios y la incorporaci\u00f3n de nuevas tasas municipales.<\/p>\n\n\n\n<p><\/p>\n\n\n\n<p>El <strong>secretario ejecutivo de la Asociaci\u00f3n, Mart\u00edn Zurita, <\/strong>explic\u00f3 en di\u00e1logo con el programa<strong> Levantate, por Radio Sapiens,<\/strong> que uno de los principales reclamos del sector se vincula con el retraso en la autorizaci\u00f3n de aumentos de aranceles para las escuelas privadas que reciben aporte estatal.<\/p>\n\n\n\n<p><\/p>\n\n\n\n<p>Seg\u00fan detall\u00f3, <strong>en la provincia de Buenos Aires existen dos tipos de instituciones privadas:<\/strong> <strong>aquellas que no reciben aporte del Estado<\/strong>, que pueden trasladar los aumentos a las cuotas, y <strong>las que s\u00ed cuentan con subsidio estatal \u2014que representan cerca del 70% del total\u2014<\/strong> y deben solicitar autorizaci\u00f3n al gobierno provincial para modificar sus aranceles.<\/p>\n\n\n\n<p><\/p>\n\n\n\n<p>En ese marco, Zurita se\u00f1al\u00f3 que desde octubre s\u00f3lo se autoriz\u00f3 un incremento del 3% en marzo, mientras que los <strong>salarios docentes<\/strong> registraron aumentos del 17,6%. A esta situaci\u00f3n &#8220;se suma toda la cuesti\u00f3n de incremento que tenemos tanto en los servicios de gas, de luz, de agua, etc\u00e9tera y en algunos municipios espec\u00edficamente tasas municipales nuevas que se han creado\u201d, explic\u00f3.<\/p>\n\n\n\n<p><\/p>\n\n\n\n<p>Como ejemplo mencion\u00f3 el caso del municipio de Pilar, donde se cre\u00f3 una tasa destinada a pymes que establece una contribuci\u00f3n obligatoria de 7.500 pesos mensuales por cada empleado.<strong> \u201cUna escuela privada es una pyme particular, porque no tiene cuatro o cinco empleados. En promedio tiene entre 60 y 120 personas trabajando como m\u00ednimo\u201d<\/strong>, detall\u00f3.<\/p>\n\n\n\n<p><\/p>\n\n\n\n<blockquote class=\"wp-block-quote is-layout-flow wp-block-quote-is-layout-flow\">\n<p>Desde el sector estiman que en algunos distritos las instituciones educativas privadas podr\u00edan afrontar alrededor de 20 millones de pesos anuales en concepto de tasas municipales.<\/p>\n<\/blockquote>\n\n\n\n<p><\/p>\n\n\n\n<p>En la provincia de Buenos Aires, indic\u00f3 Zurita, <strong>el sistema de educaci\u00f3n privada re\u00fane a aproximadamente 1,5 millones de alumnos. <\/strong>En ese contexto, tambi\u00e9n advirti\u00f3 sobre otros factores que impactan en el sector, como el <strong>aumento de la morosidad en el pago de cuotas \u2014que promedi\u00f3 el 9% durante el \u00faltimo a\u00f1o\u2014 y la ca\u00edda de la natalidad.<\/strong><\/p>\n\n\n\n<p><\/p>\n\n\n\n<p>Seg\u00fan explic\u00f3, en los \u00faltimos cuatro a\u00f1os se registr\u00f3 una reducci\u00f3n significativa en la cantidad de estudiantes dentro del sistema educativo.<strong> \u201cB\u00e1sicamente se debe a esos obst\u00e1culos en los \u00faltimos cuatro a\u00f1os, 300.000 alumnos menos en el sistema educativo<\/strong>\u201d, afirm\u00f3. El dirigente indic\u00f3 que este fen\u00f3meno se est\u00e1 reflejando <strong>principalmente en los niveles iniciales y en los primeros a\u00f1os de la escuela primaria,<\/strong> y que progresivamente se trasladar\u00e1 hacia los cursos superiores.<\/p>\n\n\n\n<p><\/p>\n\n\n\n<blockquote class=\"wp-block-quote is-layout-flow wp-block-quote-is-layout-flow\">\n<p>En paralelo, se\u00f1al\u00f3 que el sector tambi\u00e9n enfrenta un aumento en la morosidad en el pago de las cuotas. <strong>\u201cEl a\u00f1o pasado registramos una morosidad del 9% en promedio. En algunas escuelas menos, en otras m\u00e1s<\/strong>\u201d, explic\u00f3.<\/p>\n<\/blockquote>\n\n\n\n<p><\/p>\n\n\n\n<p>En t\u00e9rminos de <strong>matr\u00edcula<\/strong>, Zurita se\u00f1al\u00f3 que la disminuci\u00f3n en las escuelas privadas se ubica alrededor del 1,1%, mientras que en el sistema estatal alcanz\u00f3 el 3,6%. A pesar de las dificultades econ\u00f3micas, indic\u00f3 que muchas familias contin\u00faan priorizando la educaci\u00f3n privada y que las instituciones suelen ofrecer planes de pago, cuotas o becas para evitar la deserci\u00f3n.<\/p>\n\n\n\n<p><\/p>\n\n\n\n<p>Frente a este escenario, el dirigente <strong>plante\u00f3 la necesidad de que el sector avance en un proceso de reconversi\u00f3n acompa\u00f1ado por el Estado. <\/strong>Se\u00f1al\u00f3 que muchas instituciones fueron dise\u00f1adas para una matr\u00edcula determinada y que la reducci\u00f3n de alumnos obliga a replantear estructuras administrativas y docentes.<\/p>\n\n\n\n<p><\/p>\n\n\n\n<p><strong>\u201cHay muchas escuelas que realmente se van a tener que reconfigurar\u201d,<\/strong> afirm\u00f3. En ese sentido, explic\u00f3 que muchas instituciones fueron dise\u00f1adas para una matr\u00edcula determinada y que la reducci\u00f3n de alumnos obliga a replantear estructuras docentes y administrativas.<\/p>\n\n\n\n<p><\/p>\n\n\n\n<p>\u201cEl sector tiene que reconvertirse para evitar el desmantelamiento de muchas escuelas y ah\u00ed tiene que haber un di\u00e1logo con el Estado, una reestructuraci\u00f3n inteligente\u201d, sostuvo y finalmente, advirti\u00f3 que<strong> ya se registran cierres de establecimientos educativos, principalmente en el conurbano bonaerense.<\/strong> \u201cEs un ritmo bastante fuerte. <strong>El a\u00f1o pasado registramos m\u00e1s de 10 escuelas que cerraron\u201d<\/strong>, concluy\u00f3.<\/p>\n\n\n\n<p><\/p>\n\n\n\n<p><\/p>\n","protected":false},"excerpt":{"rendered":"<p>Mart\u00edn Zurita, secretario ejecutivo de AIEPA, analiz\u00f3 la situaci\u00f3n de las escuelas privadas y advirti\u00f3 sobre los problemas de financiamiento<\/p>\n","protected":false},"author":5,"featured_media":197481,"comment_status":"closed","ping_status":"closed","sticky":false,"template":"","format":"standard","meta":{"_jetpack_memberships_contains_paid_content":false,"footnotes":""},"categories":[6,1],"tags":[],"class_list":["post-197480","post","type-post","status-publish","format-standard","has-post-thumbnail","hentry","category-nacionales","category-portada"],"jetpack_featured_media_url":"https:\/\/i0.wp.com\/cdnoticias.com\/wp-content\/uploads\/2026\/03\/martin-zurita.webp?fit=880%2C495&ssl=1","jetpack_sharing_enabled":true,"_links":{"self":[{"href":"https:\/\/cdnoticias.com\/index.php\/wp-json\/wp\/v2\/posts\/197480","targetHints":{"allow":["GET"]}}],"collection":[{"href":"https:\/\/cdnoticias.com\/index.php\/wp-json\/wp\/v2\/posts"}],"about":[{"href":"https:\/\/cdnoticias.com\/index.php\/wp-json\/wp\/v2\/types\/post"}],"author":[{"embeddable":true,"href":"https:\/\/cdnoticias.com\/index.php\/wp-json\/wp\/v2\/users\/5"}],"replies":[{"embeddable":true,"href":"https:\/\/cdnoticias.com\/index.php\/wp-json\/wp\/v2\/comments?post=197480"}],"version-history":[{"count":0,"href":"https:\/\/cdnoticias.com\/index.php\/wp-json\/wp\/v2\/posts\/197480\/revisions"}],"wp:featuredmedia":[{"embeddable":true,"href":"https:\/\/cdnoticias.com\/index.php\/wp-json\/wp\/v2\/media\/197481"}],"wp:attachment":[{"href":"https:\/\/cdnoticias.com\/index.php\/wp-json\/wp\/v2\/media?parent=197480"}],"wp:term":[{"taxonomy":"category","embeddable":true,"href":"https:\/\/cdnoticias.com\/index.php\/wp-json\/wp\/v2\/categories?post=197480"},{"taxonomy":"post_tag","embeddable":true,"href":"https:\/\/cdnoticias.com\/index.php\/wp-json\/wp\/v2\/tags?post=197480"}],"curies":[{"name":"wp","href":"https:\/\/api.w.org\/{rel}","templated":true}]}}