{"id":197471,"date":"2026-03-13T11:33:51","date_gmt":"2026-03-13T14:33:51","guid":{"rendered":"https:\/\/cdnoticias.com\/?p=197471"},"modified":"2026-03-13T15:27:58","modified_gmt":"2026-03-13T18:27:58","slug":"suspenden-las-clases-del-turno-manana-en-la-escuela-n-22-tras-un-robo-durante-la-madrugada","status":"publish","type":"post","link":"https:\/\/cdnoticias.com\/index.php\/2026\/03\/13\/suspenden-las-clases-del-turno-manana-en-la-escuela-n-22-tras-un-robo-durante-la-madrugada\/","title":{"rendered":"Suspenden las clases del turno ma\u00f1ana en la Escuela N\u00b0 22 tras un robo durante la madrugada"},"content":{"rendered":"\n<p>Delincuentes ingresaron al edificio de 9 de Julio al 4800 y sustrajeron equipamiento de sonido. Polic\u00eda Cient\u00edfica trabaja en el lugar y se analizan c\u00e1maras de seguridad de la zona.<\/p>\n\n\n\n<hr class=\"wp-block-separator has-alpha-channel-opacity\"\/>\n\n\n\n<p>Las clases del turno ma\u00f1ana fueron suspendidas este viernes en la<strong> Escuela Primaria N\u00b0 22<\/strong> luego de que se registrara un <strong>robo en el establecimiento durante la madrugada. <\/strong>El hecho fue advertido a primera hora de la jornada cuando el personal lleg\u00f3 al edificio ubicado en 9 de Julio al 4800, donde tambi\u00e9n funciona el CENS N\u00b0 451.<\/p>\n\n\n\n<p><\/p>\n\n\n\n<p>De acuerdo a la informaci\u00f3n oficial, personas<strong> desconocidas ingresaron al establecimiento y sustrajeron dos micr\u00f3fonos y un parlante multimedia.<\/strong> Adem\u00e1s, se registraron <strong>roturas en distintos muebles del edificio.<\/strong><\/p>\n\n\n\n<p><\/p>\n\n\n\n<p>Tras el hallazgo, personal policial se hizo presente y comenz\u00f3 a realizar<strong> tareas de peritaje.<\/strong> En ese contexto, las autoridades educativas resolvieron <strong>suspender las clases del turno ma\u00f1ana <\/strong>para facilitar el trabajo de los investigadores. <strong>Por la tarde el dictado de clases ser\u00e1 normal.<\/strong><\/p>\n\n\n\n<p><\/p>\n\n\n\n<p>En el establecimiento tambi\u00e9n estuvieron el<strong> secretario municipal de Protecci\u00f3n Ciudadana, El\u00edas Quintas; la presidenta del Consejo Escolar, Florencia Cervino; y el consejero escolar Ariel Rodr\u00edguez.<\/strong><\/p>\n\n\n\n<p><\/p>\n\n\n\n<figure class=\"wp-block-image size-full\"><img data-recalc-dims=\"1\" loading=\"lazy\" decoding=\"async\" width=\"800\" height=\"445\" src=\"https:\/\/i0.wp.com\/cdnoticias.com\/wp-content\/uploads\/2026\/03\/Escuela-22-robo-03.png?resize=800%2C445&#038;ssl=1\" alt=\"\" class=\"wp-image-197475\" srcset=\"https:\/\/i0.wp.com\/cdnoticias.com\/wp-content\/uploads\/2026\/03\/Escuela-22-robo-03.png?w=800&amp;ssl=1 800w, https:\/\/i0.wp.com\/cdnoticias.com\/wp-content\/uploads\/2026\/03\/Escuela-22-robo-03.png?resize=300%2C167&amp;ssl=1 300w, https:\/\/i0.wp.com\/cdnoticias.com\/wp-content\/uploads\/2026\/03\/Escuela-22-robo-03.png?resize=768%2C427&amp;ssl=1 768w\" sizes=\"auto, (max-width: 800px) 100vw, 800px\" \/><\/figure>\n\n\n\n<p><\/p>\n\n\n\n<p>Desde el<strong> Centro de Monitoreo municipal<\/strong> se inici\u00f3 el relevamiento de <strong>c\u00e1maras de seguridad en las inmediaciones del establecimiento<\/strong>, particularmente en las zonas de avenida Pringles y su intersecci\u00f3n con la ruta 226. En paralelo, desde la Estaci\u00f3n Departamental de Polic\u00eda se trabaja en la identificaci\u00f3n de domicilios que cuenten con <strong>c\u00e1maras privadas <\/strong>para solicitar colaboraci\u00f3n a los vecinos.<\/p>\n\n\n\n<p><\/p>\n\n\n\n<p>Asimismo,<strong> desde el \u00e1rea educativa se realiz\u00f3 r\u00e1pidamente la denuncia correspondiente por el il\u00edcito.<\/strong> En el lugar trabaja personal de <strong>Polic\u00eda Cient\u00edfica<\/strong> llevando adelante pericias tanto en el inmueble como en el mobiliario que result\u00f3 afectado.<\/p>\n\n\n\n<p><\/p>\n\n\n\n<figure class=\"wp-block-image size-full\"><img data-recalc-dims=\"1\" loading=\"lazy\" decoding=\"async\" width=\"800\" height=\"445\" src=\"https:\/\/i0.wp.com\/cdnoticias.com\/wp-content\/uploads\/2026\/03\/Escuela-22-robo-01.png?resize=800%2C445&#038;ssl=1\" alt=\"\" class=\"wp-image-197473\" srcset=\"https:\/\/i0.wp.com\/cdnoticias.com\/wp-content\/uploads\/2026\/03\/Escuela-22-robo-01.png?w=800&amp;ssl=1 800w, https:\/\/i0.wp.com\/cdnoticias.com\/wp-content\/uploads\/2026\/03\/Escuela-22-robo-01.png?resize=300%2C167&amp;ssl=1 300w, https:\/\/i0.wp.com\/cdnoticias.com\/wp-content\/uploads\/2026\/03\/Escuela-22-robo-01.png?resize=768%2C427&amp;ssl=1 768w\" sizes=\"auto, (max-width: 800px) 100vw, 800px\" \/><\/figure>\n\n\n\n<p><\/p>\n\n\n\n<blockquote class=\"wp-block-quote is-layout-flow wp-block-quote-is-layout-flow\">\n<p>Hasta el momento <strong>no se pudo determinar por d\u00f3nde ingresaron los autores del hecho.<\/strong> Seg\u00fan indicaron las autoridades, no se detectaron aberturas forzadas ni da\u00f1os en puertas o ventanas que conecten con el exterior o con propiedades linderas.<\/p>\n<\/blockquote>\n\n\n\n<p><\/p>\n\n\n\n<p>En ese sentido, los investigadores manejan distintas hip\u00f3tesis. Entre ellas, que los delincuentes<em> hayan utilizado una llave falsa o alg\u00fan elemento para abrir la puerta, o que el ingreso se haya producido en alg\u00fan momento en que el establecimiento permanec\u00eda abierto<\/em> y no se hubiera realizado una recorrida preventiva al finalizar la actividad.<\/p>\n","protected":false},"excerpt":{"rendered":"<p>Delincuentes ingresaron al edificio de 9 de Julio al 4800 y sustrajeron equipamiento de sonido. Polic\u00eda Cient\u00edfica trabaja en el<\/p>\n","protected":false},"author":5,"featured_media":197472,"comment_status":"closed","ping_status":"closed","sticky":false,"template":"","format":"standard","meta":{"_jetpack_memberships_contains_paid_content":false,"footnotes":""},"categories":[14,1],"tags":[],"class_list":["post-197471","post","type-post","status-publish","format-standard","has-post-thumbnail","hentry","category-policiales","category-portada"],"jetpack_featured_media_url":"https:\/\/i0.wp.com\/cdnoticias.com\/wp-content\/uploads\/2026\/03\/Escuela-22-robo-02.png?fit=800%2C445&ssl=1","jetpack_sharing_enabled":true,"_links":{"self":[{"href":"https:\/\/cdnoticias.com\/index.php\/wp-json\/wp\/v2\/posts\/197471","targetHints":{"allow":["GET"]}}],"collection":[{"href":"https:\/\/cdnoticias.com\/index.php\/wp-json\/wp\/v2\/posts"}],"about":[{"href":"https:\/\/cdnoticias.com\/index.php\/wp-json\/wp\/v2\/types\/post"}],"author":[{"embeddable":true,"href":"https:\/\/cdnoticias.com\/index.php\/wp-json\/wp\/v2\/users\/5"}],"replies":[{"embeddable":true,"href":"https:\/\/cdnoticias.com\/index.php\/wp-json\/wp\/v2\/comments?post=197471"}],"version-history":[{"count":0,"href":"https:\/\/cdnoticias.com\/index.php\/wp-json\/wp\/v2\/posts\/197471\/revisions"}],"wp:featuredmedia":[{"embeddable":true,"href":"https:\/\/cdnoticias.com\/index.php\/wp-json\/wp\/v2\/media\/197472"}],"wp:attachment":[{"href":"https:\/\/cdnoticias.com\/index.php\/wp-json\/wp\/v2\/media?parent=197471"}],"wp:term":[{"taxonomy":"category","embeddable":true,"href":"https:\/\/cdnoticias.com\/index.php\/wp-json\/wp\/v2\/categories?post=197471"},{"taxonomy":"post_tag","embeddable":true,"href":"https:\/\/cdnoticias.com\/index.php\/wp-json\/wp\/v2\/tags?post=197471"}],"curies":[{"name":"wp","href":"https:\/\/api.w.org\/{rel}","templated":true}]}}