{"id":197468,"date":"2026-03-14T09:38:44","date_gmt":"2026-03-14T12:38:44","guid":{"rendered":"https:\/\/cdnoticias.com\/?p=197468"},"modified":"2026-03-14T13:52:02","modified_gmt":"2026-03-14T16:52:02","slug":"crisis-industrial-olavarria-registra-mas-de-2-000-despidos-en-un-escenario-de-fuerte-caida-productiva","status":"publish","type":"post","link":"https:\/\/cdnoticias.com\/index.php\/2026\/03\/14\/crisis-industrial-olavarria-registra-mas-de-2-000-despidos-en-un-escenario-de-fuerte-caida-productiva\/","title":{"rendered":"Crisis industrial: Olavarr\u00eda registra m\u00e1s de 2.000 despidos en un escenario de fuerte ca\u00edda productiva"},"content":{"rendered":"\n<p>La paralizaci\u00f3n de la obra p\u00fablica y la ca\u00edda de la actividad impactan en la econom\u00eda local. En la provincia cerraron 5.832 empresas y se perdieron m\u00e1s de 79 mil empleos registrados.<\/p>\n\n\n\n<hr class=\"wp-block-separator has-alpha-channel-opacity\"\/>\n\n\n\n<p>La provincia de Buenos Aires atraviesa un <strong>fuerte deterioro de su entramado industrial. <\/strong>De acuerdo con datos de la<strong> Superintendencia de Riesgos del Trabajo (SRT),<\/strong> desde la asunci\u00f3n del presidente Javier Milei<strong> se perdieron 5.832 empresas en territorio bonaerense.<\/strong><\/p>\n\n\n\n<p><\/p>\n\n\n\n<p>El n\u00famero de empleadores registrados pas\u00f3 de 153.497 en noviembre de 2023 a 147.665 en el mismo mes de 2025. En paralelo, el empleo tambi\u00e9n registr\u00f3 una ca\u00edda significativa: en ese per\u00edodo <strong>se perdieron 79.090 puestos de trabajo registrados en la provincia.<\/strong><\/p>\n\n\n\n<p><\/p>\n\n\n\n<p>Durante la apertura de sesiones de la Legislatura provincial, el <strong>gobernador Axel Kicillof<\/strong> se\u00f1al\u00f3 que desde diciembre de 2023 cerraron cerca de <strong>30 empresas por d\u00eda en el pa\u00eds<\/strong>, de las cuales 5.832 corresponden a la provincia de Buenos Aires.<\/p>\n\n\n\n<p><\/p>\n\n\n\n<blockquote class=\"wp-block-quote is-layout-flow wp-block-quote-is-layout-flow\">\n<p>El mandatario tambi\u00e9n advirti\u00f3 que el deterioro productivo se refleja en el <strong>mercado laboral nacional<\/strong>, donde 299.600 trabajadores registrados perdieron su empleo desde diciembre de 2023 y alrededor de 200.000 personas pasaron a la informalidad.<\/p>\n<\/blockquote>\n\n\n\n<p><\/p>\n\n\n\n<p>Otro indicador cr\u00edtico es el <strong>nivel de utilizaci\u00f3n de la capacidad instalada.<\/strong> Seg\u00fan datos oficiales citados por el gobernador, la industria opera con apenas el 53,8% de su capacidad, mientras que sectores como la metalmec\u00e1nica y el textil no alcanzan el 40% y la industria automotriz ronda el 30%.<\/p>\n\n\n\n<p><\/p>\n\n\n\n<p><strong>Olavarr\u00eda: m\u00e1s de 2.000 despidos y ca\u00edda de la actividad<\/strong><\/p>\n\n\n\n<p><\/p>\n\n\n\n<p>En ese contexto provincial y nacional,<strong> Olavarr\u00eda aparece como uno de los distritos afectados por la retracci\u00f3n industrial y la paralizaci\u00f3n de la obra p\u00fablica.<\/strong><\/p>\n\n\n\n<p><\/p>\n\n\n\n<p>Desde 2024 y durante todo 2025, la reducci\u00f3n de la actividad econ\u00f3mica local deriv\u00f3 en<strong> m\u00e1s de 2.000 despidos en distintos sectores productivos.<\/strong><\/p>\n\n\n\n<p><\/p>\n\n\n\n<p>Seg\u00fan el planteo del Ejecutivo municipal en la inauguraci\u00f3n de las Sesiones Ordinarias 2026, la situaci\u00f3n impact\u00f3 tanto en la recaudaci\u00f3n propia como en las transferencias que recibe el municipio, en un contexto marcado por inflaci\u00f3n persistente y aumento generalizado de costos. Al mismo tiempo, la administraci\u00f3n local enfrenta una mayor presi\u00f3n para sostener los servicios esenciales.<\/p>\n\n\n\n<p><\/p>\n\n\n\n<blockquote class=\"wp-block-quote is-layout-flow wp-block-quote-is-layout-flow\">\n<p>El jefe comunal se\u00f1al\u00f3 que Olavarr\u00eda \u2014hist\u00f3ricamente identificada como \u201cla capital del trabajo\u201d\u2014 atraviesa una crisis laboral in\u00e9dita en su historia reciente.<\/p>\n<\/blockquote>\n\n\n\n<p><\/p>\n\n\n\n<p>Datos del <strong>Instituto Nacional de Estad\u00edstica y Censos (INDEC) <\/strong>indican que en diciembre de 2025 la utilizaci\u00f3n de la capacidad instalada industrial se ubic\u00f3 en el 53,8%, el nivel mensual m\u00e1s bajo desde marzo de 2024 (53,2%). Incluso el sector minero presenta niveles inferiores a esos porcentajes.<\/p>\n\n\n\n<p><\/p>\n\n\n\n<p>Frente a este escenario,<strong> el Ejecutivo municipal indic\u00f3 que se implementaron medidas para recomponer el salario de los trabajadores municipales,<\/strong> con el compromiso de que los ingresos no queden por debajo de la inflaci\u00f3n.<\/p>\n\n\n\n<p><\/p>\n\n\n\n<figure class=\"wp-block-embed is-type-wp-embed is-provider-central-de-noticias-olavarr-a wp-block-embed-central-de-noticias-olavarr-a\"><div class=\"wp-block-embed__wrapper\">\n<blockquote class=\"wp-embedded-content\" data-secret=\"YAIoOdRfmr\"><a href=\"https:\/\/cdnoticias.com\/index.php\/2026\/03\/04\/wesner-afirmo-mas-de-2-000-despidos-y-caida-de-la-actividad-economica-en-medio-de-la-crisis-nacional\/\">Wesner afirm\u00f3 m\u00e1s de 2.000 despidos y ca\u00edda de la actividad econ\u00f3mica en medio de la crisis nacional<\/a><\/blockquote><iframe loading=\"lazy\" class=\"wp-embedded-content\" sandbox=\"allow-scripts\" security=\"restricted\" style=\"position: absolute; visibility: hidden;\" title=\"&#8220;Wesner afirm\u00f3 m\u00e1s de 2.000 despidos y ca\u00edda de la actividad econ\u00f3mica en medio de la crisis nacional&#8221; &#8212; Central de Noticias | Olavarr\u00eda\" src=\"https:\/\/cdnoticias.com\/index.php\/2026\/03\/04\/wesner-afirmo-mas-de-2-000-despidos-y-caida-de-la-actividad-economica-en-medio-de-la-crisis-nacional\/embed\/#?secret=7I7Kz8ozQE#?secret=YAIoOdRfmr\" data-secret=\"YAIoOdRfmr\" width=\"600\" height=\"338\" frameborder=\"0\" marginwidth=\"0\" marginheight=\"0\" scrolling=\"no\"><\/iframe>\n<\/div><\/figure>\n\n\n\n<p><\/p>\n\n\n\n<p><strong>Un deterioro extendido en la industria<\/strong><\/p>\n\n\n\n<p><\/p>\n\n\n\n<p>Un relevamiento de la <strong>Uni\u00f3n Industrial Argentina (UIA),<\/strong> realizado a partir de<strong> encuestas a 644 empresas manufactureras de distintos tama\u00f1os y sectores,<\/strong> indic\u00f3 que <strong>el 53,3% de las firmas registr\u00f3 ca\u00eddas en su producci\u00f3n y el 54,7% report\u00f3 bajas en las ventas internas.<\/strong><\/p>\n\n\n\n<p><\/p>\n\n\n\n<p>La entidad empresaria se\u00f1al\u00f3 que miles de empresas industriales atraviesan dificultades debido a la <strong>ca\u00edda de la actividad y de las ventas<\/strong>, mientras realizan esfuerzos para<strong> adaptarse al nuevo escenario econ\u00f3mico.<\/strong><\/p>\n\n\n\n<p><\/p>\n\n\n\n<p>En la misma l\u00ednea, un informe elaborado por equipos de investigaci\u00f3n de la<strong> Facultad de Ciencias Econ\u00f3micas de la Universidad de Buenos Aires (UBA) <\/strong>advirti\u00f3 que <strong>la industria argentina perdi\u00f3 m\u00e1s de 100.000 empleos desde noviembre de 2023.<\/strong><\/p>\n\n\n\n<p><\/p>\n\n\n\n<blockquote class=\"wp-block-quote is-layout-flow wp-block-quote-is-layout-flow\">\n<p>Durante 2024 y 2025, adem\u00e1s,<strong> la industria oper\u00f3 por debajo del 60% de su capacidad instalada, lo que implica m\u00e1s de 40% de capacidad ociosa.<\/strong> Entre los <strong>sectores m\u00e1s afectados aparecen la metalurgia, la industria del calzado, las curtiembres y las actividades vinculadas a la construcci\u00f3n.<\/strong><\/p>\n<\/blockquote>\n\n\n\n<p><\/p>\n\n\n\n<p><strong>Impacto en la econom\u00eda bonaerense<\/strong><\/p>\n\n\n\n<p><\/p>\n\n\n\n<p>De acuerdo con el<strong> Estimador Mensual de Actividad Econ\u00f3mica de la provincia de Buenos Aires (EMA-PBA)<\/strong>, la <strong>econom\u00eda provincial registr\u00f3 una ca\u00edda del 1,5% entre 2023 y 2025.<\/strong><\/p>\n\n\n\n<p><\/p>\n\n\n\n<p>Los sectores de mayor peso en la estructura productiva mostraron retrocesos significativos<strong>: la industria cay\u00f3 8,4%, el comercio 21,6% y la construcci\u00f3n 21%. La \u00fanica actividad con crecimiento fue la rural, que registr\u00f3 una suba del 32% tras la sequ\u00eda de 2023.<\/strong><\/p>\n\n\n\n<p><\/p>\n\n\n\n<p>El <strong>ministro de Producci\u00f3n bonaerense, Augusto Costa,<\/strong> advirti\u00f3 que la utilizaci\u00f3n de la<strong> capacidad instalada cay\u00f3 al 54%, niveles que calific\u00f3 como \u201cpand\u00e9micos\u201d. <\/strong>Tambi\u00e9n se\u00f1al\u00f3 que la mitad de las empresas industriales enfrenta dificultades para afrontar pagos de impuestos, salarios, proveedores y servicios.<\/p>\n\n\n\n<p><\/p>\n\n\n\n<p><strong>Sectores y empresas afectadas<\/strong><\/p>\n\n\n\n<p><\/p>\n\n\n\n<p>Un <strong>relevamiento del Ministerio de Producci\u00f3n bonaerense indica que al menos 12.817 puestos de trabajo resultaron afectados en distintos sectores industriales<\/strong>, entre despidos y suspensiones.<\/p>\n\n\n\n<p><\/p>\n\n\n\n<p>El mayor impacto se concentra en alimentos y bebidas (3.213 puestos), automotriz y autopartista (2.647), construcci\u00f3n y minerales no met\u00e1licos (2.487), qu\u00edmica y petroqu\u00edmica (1.487), textil y calzado (1.613) y metalmec\u00e1nica (1.370).<\/p>\n\n\n\n<p><\/p>\n\n\n\n<figure class=\"wp-block-image size-full\"><img data-recalc-dims=\"1\" loading=\"lazy\" decoding=\"async\" width=\"800\" height=\"445\" src=\"https:\/\/i0.wp.com\/cdnoticias.com\/wp-content\/uploads\/2026\/03\/indicadores-industria.png?resize=800%2C445&#038;ssl=1\" alt=\"\" class=\"wp-image-197469\" srcset=\"https:\/\/i0.wp.com\/cdnoticias.com\/wp-content\/uploads\/2026\/03\/indicadores-industria.png?w=800&amp;ssl=1 800w, https:\/\/i0.wp.com\/cdnoticias.com\/wp-content\/uploads\/2026\/03\/indicadores-industria.png?resize=300%2C167&amp;ssl=1 300w, https:\/\/i0.wp.com\/cdnoticias.com\/wp-content\/uploads\/2026\/03\/indicadores-industria.png?resize=768%2C427&amp;ssl=1 768w\" sizes=\"auto, (max-width: 800px) 100vw, 800px\" \/><\/figure>\n\n\n\n<p><\/p>\n\n\n\n<blockquote class=\"wp-block-quote is-layout-flow wp-block-quote-is-layout-flow\">\n<p>El informe tambi\u00e9n menciona el deterioro de la actividad en la construcci\u00f3n y en la industria de minerales no met\u00e1licos, con casos como ILVA, SZCZECH, Losa Cer\u00e1micos, Dycasa, el proyecto nuclear CAREM-25, Ferrum, Magnesita Refractarios Argentinos, Loimar, Cerro Negro, FV, Cer\u00e1mica Cortines, FARA y Cer\u00e1mica Ca\u00f1uelas.<\/p>\n<\/blockquote>\n\n\n\n<p><\/p>\n\n\n\n<p>Estas situaciones se distribuyen en distintos municipios bonaerenses, entre ellos<strong> Olavarr\u00eda, Ramallo, Tandil, Luj\u00e1n, Pilar y Z\u00e1rate<\/strong>, donde f\u00e1bricas redujeron turnos, suspendieron personal o cerraron unidades productivas.<\/p>\n\n\n\n<p><\/p>\n\n\n\n<p>Seg\u00fan el diagn\u00f3stico del gobierno provincial, la combinaci\u00f3n de recesi\u00f3n, ca\u00edda del consumo, tipo de cambio apreciado, apertura importadora y aumento de costos de servicios afecta especialmente a los sectores de mayor valor agregado y debilita las cadenas industriales y el empleo en diversas econom\u00edas locales.<\/p>\n","protected":false},"excerpt":{"rendered":"<p>La paralizaci\u00f3n de la obra p\u00fablica y la ca\u00edda de la actividad impactan en la econom\u00eda local. En la provincia<\/p>\n","protected":false},"author":5,"featured_media":181184,"comment_status":"closed","ping_status":"closed","sticky":false,"template":"","format":"standard","meta":{"_jetpack_memberships_contains_paid_content":false,"footnotes":""},"categories":[5,1],"tags":[],"class_list":["post-197468","post","type-post","status-publish","format-standard","has-post-thumbnail","hentry","category-informacion-general","category-portada"],"jetpack_featured_media_url":"https:\/\/i0.wp.com\/cdnoticias.com\/wp-content\/uploads\/2025\/09\/dia-de-la-industria-02.jpg?fit=1000%2C556&ssl=1","jetpack_sharing_enabled":true,"_links":{"self":[{"href":"https:\/\/cdnoticias.com\/index.php\/wp-json\/wp\/v2\/posts\/197468","targetHints":{"allow":["GET"]}}],"collection":[{"href":"https:\/\/cdnoticias.com\/index.php\/wp-json\/wp\/v2\/posts"}],"about":[{"href":"https:\/\/cdnoticias.com\/index.php\/wp-json\/wp\/v2\/types\/post"}],"author":[{"embeddable":true,"href":"https:\/\/cdnoticias.com\/index.php\/wp-json\/wp\/v2\/users\/5"}],"replies":[{"embeddable":true,"href":"https:\/\/cdnoticias.com\/index.php\/wp-json\/wp\/v2\/comments?post=197468"}],"version-history":[{"count":0,"href":"https:\/\/cdnoticias.com\/index.php\/wp-json\/wp\/v2\/posts\/197468\/revisions"}],"wp:featuredmedia":[{"embeddable":true,"href":"https:\/\/cdnoticias.com\/index.php\/wp-json\/wp\/v2\/media\/181184"}],"wp:attachment":[{"href":"https:\/\/cdnoticias.com\/index.php\/wp-json\/wp\/v2\/media?parent=197468"}],"wp:term":[{"taxonomy":"category","embeddable":true,"href":"https:\/\/cdnoticias.com\/index.php\/wp-json\/wp\/v2\/categories?post=197468"},{"taxonomy":"post_tag","embeddable":true,"href":"https:\/\/cdnoticias.com\/index.php\/wp-json\/wp\/v2\/tags?post=197468"}],"curies":[{"name":"wp","href":"https:\/\/api.w.org\/{rel}","templated":true}]}}