{"id":197465,"date":"2026-03-15T09:20:23","date_gmt":"2026-03-15T12:20:23","guid":{"rendered":"https:\/\/cdnoticias.com\/?p=197465"},"modified":"2026-03-15T11:04:27","modified_gmt":"2026-03-15T14:04:27","slug":"campana-de-vacunacion-antigripal-se-inicio-la-primera-etapa-y-desde-el-23-de-marzo-la-segunda","status":"publish","type":"post","link":"https:\/\/cdnoticias.com\/index.php\/2026\/03\/15\/campana-de-vacunacion-antigripal-se-inicio-la-primera-etapa-y-desde-el-23-de-marzo-la-segunda\/","title":{"rendered":"Campa\u00f1a de vacunaci\u00f3n antigripal: se inici\u00f3 la primera etapa y desde el 23 de marzo, la segunda"},"content":{"rendered":"<p>El ministro Nicol\u00e1s Kreplak destac\u00f3 la importancia de avanzar con la inmunizaci\u00f3n en la poblaci\u00f3n vulnerable antes del inicio del invierno ante el avance del virus H3N2.<!--more--><\/p>\n<hr \/>\n<p>\u00a0<\/p>\n\n\n<p>Ante la <strong>aparici\u00f3n del subclado k del virus de influenza A (H3N2)<\/strong> que en el hemisferio norte comenz\u00f3 a circular antes de lo esperado, este a\u00f1o <strong>se adelant\u00f3 la campa\u00f1a de inmunizaci\u00f3n<\/strong> en estas latitudes para que, <strong>cuando llegue el invierno, la mayor parte de la poblaci\u00f3n vulnerable est\u00e9 protegida<\/strong>.<\/p>\n\n\n\n<p><\/p>\n\n\n\n<p>Este mi\u00e9rcoles <strong>comenz\u00f3 la campa\u00f1a de vacunaci\u00f3n antigripal <\/strong>en todos los distritos bonaerenses para las <strong>personas mayores de 65 a\u00f1os<\/strong>. La vacuna es gratuita y no se necesita orden m\u00e9dica para aplic\u00e1rsela.<\/p>\n\n\n\n<p><\/p>\n\n\n\n<p>Actualmente se desarrolla la primera etapa y,<strong> desde el 23 de marzo se har\u00e1 la segunda etapa<\/strong>.<\/p>\n\n\n\n<p><\/p>\n\n\n\n<figure class=\"wp-block-embed is-type-wp-embed is-provider-central-de-noticias-olavarr-a wp-block-embed-central-de-noticias-olavarr-a\"><div class=\"wp-block-embed__wrapper\">\n<blockquote class=\"wp-embedded-content\" data-secret=\"XWVOxOAujg\"><a href=\"https:\/\/cdnoticias.com\/index.php\/2026\/03\/11\/comenzo-la-vacunacion-antigripal-y-hay-largas-colas-en-el-banco-de-leche\/\">Comenz\u00f3 la vacunaci\u00f3n antigripal y hay largas colas en el Banco de Leche<\/a><\/blockquote><iframe loading=\"lazy\" class=\"wp-embedded-content\" sandbox=\"allow-scripts\" security=\"restricted\" style=\"position: absolute; visibility: hidden;\" title=\"&#8220;Comenz\u00f3 la vacunaci\u00f3n antigripal y hay largas colas en el Banco de Leche&#8221; &#8212; Central de Noticias | Olavarr\u00eda\" src=\"https:\/\/cdnoticias.com\/index.php\/2026\/03\/11\/comenzo-la-vacunacion-antigripal-y-hay-largas-colas-en-el-banco-de-leche\/embed\/#?secret=mLC7yIXci5#?secret=XWVOxOAujg\" data-secret=\"XWVOxOAujg\" width=\"600\" height=\"338\" frameborder=\"0\" marginwidth=\"0\" marginheight=\"0\" scrolling=\"no\"><\/iframe>\n<\/div><\/figure>\n\n\n\n<p><\/p>\n\n\n\n<p><strong>En Olavarr\u00eda las aplicaciones se dan en todos los vacunatorios<\/strong>. El d\u00eda del inicio de la campa\u00f1a se vieron <strong>largas colas de vecinos <\/strong>alcanzados por la primera etapa en el <strong>Banco de Leche en barrio Pueblo Nuevo.<\/strong><\/p>\n\n\n\n<p><\/p>\n\n\n\n<p>En ese marco, el<strong> ministro de Salud de la provincia<\/strong> de Buenos Aires, <strong>Nicol\u00e1s Kreplak<\/strong>, emiti\u00f3 un mensaje en el subray\u00f3 que <strong>se adelant\u00f3 la inmunizaci\u00f3n<\/strong>, ya que se espera que el subclado k de la influenza A (H3 N2) comience a circular antes de la llegada del oto\u00f1o.<\/p>\n\n\n\n<p><\/p>\n\n\n\n<figure class=\"wp-block-embed is-type-rich is-provider-twitter wp-block-embed-twitter\"><div class=\"wp-block-embed__wrapper\">\n<div class=\"embed-twitter\"><blockquote class=\"twitter-tweet\" data-width=\"550\" data-dnt=\"true\"><p lang=\"es\" dir=\"ltr\">Comienza la campa\u00f1a de vacunaci\u00f3n antigripal en <a href=\"https:\/\/twitter.com\/BAProvincia?ref_src=twsrc%5Etfw\">@BAProvincia<\/a>. Desde este 11 de Marzo comienza el primer grupo y a partir del 23 de Marzo el segundo. <br><br>La vacuna es gratuita y obligatoria. Toda la informaci\u00f3n podes encontrarla en <a href=\"https:\/\/t.co\/aCPqJ2wiiz\">https:\/\/t.co\/aCPqJ2wiiz<\/a><a href=\"https:\/\/twitter.com\/Kicillofok?ref_src=twsrc%5Etfw\">@Kicillofok<\/a> <a href=\"https:\/\/t.co\/kMqIpBt1xZ\">pic.twitter.com\/kMqIpBt1xZ<\/a><\/p>&mdash; Nicol\u00e1s Kreplak (@nkreplak) <a href=\"https:\/\/twitter.com\/nkreplak\/status\/2031513143973670988?ref_src=twsrc%5Etfw\">March 10, 2026<\/a><\/blockquote><script async src=\"https:\/\/platform.twitter.com\/widgets.js\" charset=\"utf-8\"><\/script><\/div>\n<\/div><\/figure>\n\n\n\n<p><\/p>\n\n\n\n<blockquote class=\"wp-block-quote is-layout-flow wp-block-quote-is-layout-flow\">\n<p>&#8220;Esta es una enfermedad que todos los a\u00f1os produce mucha internaci\u00f3n y muchos casos graves, pero adem\u00e1s tenemos la preocupaci\u00f3n porque se ha visto en el hemisferio norte un aumento en la cantidad de casos, as\u00ed que empezamos ahora el 11 con los primeros grupos, que son los mayores de 65 a\u00f1os y personal de la salud\u201d expres\u00f3 en un video difundido en sus redes sociales.<\/p>\n<\/blockquote>\n\n\n\n<p><\/p>\n\n\n\n<p>A\u00f1adi\u00f3 que<strong> \u201cluego se ir\u00e1n incorporando el resto\u201d<\/strong> y as\u00ed difundi\u00f3 el <strong>avance de las etapas de la campa\u00f1a de vacunaci\u00f3n<\/strong> en territorio bonaerense.<\/p>\n\n\n\n<p><\/p>\n\n\n\n<figure class=\"wp-block-image size-full\"><img data-recalc-dims=\"1\" loading=\"lazy\" decoding=\"async\" width=\"800\" height=\"450\" src=\"https:\/\/i0.wp.com\/cdnoticias.com\/wp-content\/uploads\/2026\/03\/banco-de-leche-vacunacion-antigripal-01.jpg?resize=800%2C450&#038;ssl=1\" alt=\"\" class=\"wp-image-197280\" srcset=\"https:\/\/i0.wp.com\/cdnoticias.com\/wp-content\/uploads\/2026\/03\/banco-de-leche-vacunacion-antigripal-01.jpg?w=1000&amp;ssl=1 1000w, https:\/\/i0.wp.com\/cdnoticias.com\/wp-content\/uploads\/2026\/03\/banco-de-leche-vacunacion-antigripal-01.jpg?resize=300%2C169&amp;ssl=1 300w, https:\/\/i0.wp.com\/cdnoticias.com\/wp-content\/uploads\/2026\/03\/banco-de-leche-vacunacion-antigripal-01.jpg?resize=768%2C432&amp;ssl=1 768w\" sizes=\"auto, (max-width: 800px) 100vw, 800px\" \/><\/figure>\n\n\n\n<p><\/p>\n\n\n\n<blockquote class=\"wp-block-quote is-layout-flow wp-block-quote-is-layout-flow\">\n<p>En ese sentido, el 23 de marzo se iniciar\u00e1 la segunda etapa de vacunaci\u00f3n antigripal para la que se convocar\u00e1 a personas embarazadas en cualquier trimestre, personas pu\u00e9rperas, ni\u00f1os de 6 meses a 2 a\u00f1os, personas de 2 a 64 a\u00f1os con factores de riesgo, personal estrat\u00e9gico y personas en contacto con aves de corral.<\/p>\n<\/blockquote>\n\n\n\n<p><\/p>\n\n\n\n<p>La vacuna est\u00e1 disponible en los 135 municipios bonaerenses, y <strong>los vacunatorios <\/strong>pueden consultarse y encontrarse por localidad en el <a href=\"https:\/\/gba.gob.ar\/vacunacion\/\" target=\"_blank\" rel=\"noreferrer noopener\">siguiente listado: Vacunatorios_PBA.<\/a><\/p>\n","protected":false},"excerpt":{"rendered":"<p>El ministro Nicol\u00e1s Kreplak destac\u00f3 la importancia de avanzar con la inmunizaci\u00f3n en la poblaci\u00f3n vulnerable antes del inicio del<\/p>\n","protected":false},"author":4,"featured_media":168392,"comment_status":"closed","ping_status":"closed","sticky":false,"template":"","format":"standard","meta":{"_jetpack_memberships_contains_paid_content":false,"footnotes":""},"categories":[5,1],"tags":[],"class_list":["post-197465","post","type-post","status-publish","format-standard","has-post-thumbnail","hentry","category-informacion-general","category-portada"],"jetpack_featured_media_url":"https:\/\/i0.wp.com\/cdnoticias.com\/wp-content\/uploads\/2025\/04\/vacunacion-antigripal-01.jpg?fit=696%2C392&ssl=1","jetpack_sharing_enabled":true,"_links":{"self":[{"href":"https:\/\/cdnoticias.com\/index.php\/wp-json\/wp\/v2\/posts\/197465","targetHints":{"allow":["GET"]}}],"collection":[{"href":"https:\/\/cdnoticias.com\/index.php\/wp-json\/wp\/v2\/posts"}],"about":[{"href":"https:\/\/cdnoticias.com\/index.php\/wp-json\/wp\/v2\/types\/post"}],"author":[{"embeddable":true,"href":"https:\/\/cdnoticias.com\/index.php\/wp-json\/wp\/v2\/users\/4"}],"replies":[{"embeddable":true,"href":"https:\/\/cdnoticias.com\/index.php\/wp-json\/wp\/v2\/comments?post=197465"}],"version-history":[{"count":0,"href":"https:\/\/cdnoticias.com\/index.php\/wp-json\/wp\/v2\/posts\/197465\/revisions"}],"wp:featuredmedia":[{"embeddable":true,"href":"https:\/\/cdnoticias.com\/index.php\/wp-json\/wp\/v2\/media\/168392"}],"wp:attachment":[{"href":"https:\/\/cdnoticias.com\/index.php\/wp-json\/wp\/v2\/media?parent=197465"}],"wp:term":[{"taxonomy":"category","embeddable":true,"href":"https:\/\/cdnoticias.com\/index.php\/wp-json\/wp\/v2\/categories?post=197465"},{"taxonomy":"post_tag","embeddable":true,"href":"https:\/\/cdnoticias.com\/index.php\/wp-json\/wp\/v2\/tags?post=197465"}],"curies":[{"name":"wp","href":"https:\/\/api.w.org\/{rel}","templated":true}]}}