{"id":197436,"date":"2026-03-12T19:16:14","date_gmt":"2026-03-12T22:16:14","guid":{"rendered":"https:\/\/cdnoticias.com\/?p=197436"},"modified":"2026-03-31T08:42:58","modified_gmt":"2026-03-31T11:42:58","slug":"importantes-allanamientos-tras-la-denuncia-del-robo-de-mas-de-300-vacas-y-200-terneros","status":"publish","type":"post","link":"https:\/\/cdnoticias.com\/index.php\/2026\/03\/12\/importantes-allanamientos-tras-la-denuncia-del-robo-de-mas-de-300-vacas-y-200-terneros\/","title":{"rendered":"Importantes allanamientos tras la denuncia del robo de m\u00e1s de 300 vacas y 200 terneros"},"content":{"rendered":"\n<p>Se estima una p\u00e9rdida de cerca de 800 millones de pesos. Se secuestraron varios elementos de inter\u00e9s para la causa, entre tel\u00e9fonos, libretas y documentaci\u00f3n. Tambi\u00e9n se armaron causas por tenencia de armas.<\/p>\n\n\n\n<hr class=\"wp-block-separator aligncenter has-alpha-channel-opacity\"\/>\n\n\n\n<p>Este jueves, <strong>personal de Comando de Patrullas Rural realiz\u00f3 tres allanamientos por el presunto robo de m\u00e1s de 300 vacas y 200 terneros en un campo del distrito.<\/strong> Las p\u00e9rdidas se estimaron en alrededor de 800 millones de pesos.<\/p>\n\n\n\n<p>Por la magnitud del hecho<strong>, hubo un importante trabajo del Gabinete de Tareas Operativas del CPR Olavarr\u00eda donde tuvo como resultado tres \u00f3rdenes de allanamiento y el secuestro de varios elementos de inter\u00e9s para dilucidar lo sucedido.<\/strong><\/p>\n\n\n\n<figure class=\"wp-block-image size-large\"><img data-recalc-dims=\"1\" loading=\"lazy\" decoding=\"async\" width=\"800\" height=\"514\" src=\"https:\/\/i0.wp.com\/cdnoticias.com\/wp-content\/uploads\/2026\/03\/WhatsApp-Image-2026-03-12-at-18.59.10-2.jpeg?resize=800%2C514&#038;ssl=1\" alt=\"\" class=\"wp-image-197437\" srcset=\"https:\/\/i0.wp.com\/cdnoticias.com\/wp-content\/uploads\/2026\/03\/WhatsApp-Image-2026-03-12-at-18.59.10-2.jpeg?resize=1024%2C658&amp;ssl=1 1024w, https:\/\/i0.wp.com\/cdnoticias.com\/wp-content\/uploads\/2026\/03\/WhatsApp-Image-2026-03-12-at-18.59.10-2.jpeg?resize=300%2C193&amp;ssl=1 300w, https:\/\/i0.wp.com\/cdnoticias.com\/wp-content\/uploads\/2026\/03\/WhatsApp-Image-2026-03-12-at-18.59.10-2.jpeg?resize=768%2C494&amp;ssl=1 768w, https:\/\/i0.wp.com\/cdnoticias.com\/wp-content\/uploads\/2026\/03\/WhatsApp-Image-2026-03-12-at-18.59.10-2.jpeg?w=1170&amp;ssl=1 1170w\" sizes=\"auto, (max-width: 800px) 100vw, 800px\" \/><\/figure>\n\n\n\n<p>Tambi\u00e9n prest\u00f3 colaboraci\u00f3n el <strong>CPR de Azul <\/strong>en la recorrida por dos establecimientos rurales y una vivienda.<\/p>\n\n\n\n<p>Uno de los allanamientos se realiz\u00f3 en el<strong> establecimiento rural \u201cDon Serapio\u201d. All\u00ed, se secuestr\u00f3 una libreta del encargado del lugar con anotaciones de venta de ganado, el tel\u00e9fono celular de dicho encargado y en el predio se encontr\u00f3 un osario con restos de m\u00e1s de 40 animales.<\/strong><\/p>\n\n\n\n<figure class=\"wp-block-image size-large\"><img data-recalc-dims=\"1\" loading=\"lazy\" decoding=\"async\" width=\"800\" height=\"655\" src=\"https:\/\/i0.wp.com\/cdnoticias.com\/wp-content\/uploads\/2026\/03\/WhatsApp-Image-2026-03-12-at-18.59.10-1.jpeg?resize=800%2C655&#038;ssl=1\" alt=\"\" class=\"wp-image-197438\" srcset=\"https:\/\/i0.wp.com\/cdnoticias.com\/wp-content\/uploads\/2026\/03\/WhatsApp-Image-2026-03-12-at-18.59.10-1.jpeg?resize=1024%2C838&amp;ssl=1 1024w, https:\/\/i0.wp.com\/cdnoticias.com\/wp-content\/uploads\/2026\/03\/WhatsApp-Image-2026-03-12-at-18.59.10-1.jpeg?resize=300%2C245&amp;ssl=1 300w, https:\/\/i0.wp.com\/cdnoticias.com\/wp-content\/uploads\/2026\/03\/WhatsApp-Image-2026-03-12-at-18.59.10-1.jpeg?resize=768%2C628&amp;ssl=1 768w, https:\/\/i0.wp.com\/cdnoticias.com\/wp-content\/uploads\/2026\/03\/WhatsApp-Image-2026-03-12-at-18.59.10-1.jpeg?w=1170&amp;ssl=1 1170w\" sizes=\"auto, (max-width: 800px) 100vw, 800px\" \/><\/figure>\n\n\n\n<p><strong>Tambi\u00e9n se secuestraron dos armas de fuego<\/strong>. Por esta situaci\u00f3n, se labraron actuaciones por infracci\u00f3n al art\u00edculo 189 del c\u00f3digo penal.<\/p>\n\n\n\n<p>El segundo objetivo fue en otro <strong>establecimiento rural \u201csin denominaci\u00f3n\u201d. All\u00ed, se secuestr\u00f3 un tel\u00e9fono celular, anotaciones varias y documentaciones de transacciones de venta de ganado vacuno.<\/strong><\/p>\n\n\n\n<p>El tercer objetivo fue en una<strong> vivienda en calle Las Heras donde se secuestr\u00f3 un celular.<\/strong><\/p>\n\n\n\n<figure class=\"wp-block-image size-large\"><img data-recalc-dims=\"1\" loading=\"lazy\" decoding=\"async\" width=\"800\" height=\"460\" src=\"https:\/\/i0.wp.com\/cdnoticias.com\/wp-content\/uploads\/2026\/03\/WhatsApp-Image-2026-03-12-at-18.59.09.jpeg?resize=800%2C460&#038;ssl=1\" alt=\"\" class=\"wp-image-197440\" srcset=\"https:\/\/i0.wp.com\/cdnoticias.com\/wp-content\/uploads\/2026\/03\/WhatsApp-Image-2026-03-12-at-18.59.09.jpeg?resize=1024%2C589&amp;ssl=1 1024w, https:\/\/i0.wp.com\/cdnoticias.com\/wp-content\/uploads\/2026\/03\/WhatsApp-Image-2026-03-12-at-18.59.09.jpeg?resize=300%2C173&amp;ssl=1 300w, https:\/\/i0.wp.com\/cdnoticias.com\/wp-content\/uploads\/2026\/03\/WhatsApp-Image-2026-03-12-at-18.59.09.jpeg?resize=768%2C442&amp;ssl=1 768w, https:\/\/i0.wp.com\/cdnoticias.com\/wp-content\/uploads\/2026\/03\/WhatsApp-Image-2026-03-12-at-18.59.09.jpeg?w=1170&amp;ssl=1 1170w\" sizes=\"auto, (max-width: 800px) 100vw, 800px\" \/><\/figure>\n\n\n\n<p>Se espera que en las pr\u00f3ximas horas haya <strong>m\u00e1s detalles de este hecho que contin\u00faa siendo investigado por distintas \u00e1reas del Comando de Patrullas.<\/strong> Desde el Foro de Seguridad Rural Argentimo felicitamos a la Jefatural Zonal y a la Patrulla Rural &#8220;por el excelente trabajo&#8221;.<\/p>\n","protected":false},"excerpt":{"rendered":"<p>Se estima una p\u00e9rdida de cerca de 800 millones de pesos. Se secuestraron varios elementos de inter\u00e9s para la causa,<\/p>\n","protected":false},"author":2,"featured_media":197439,"comment_status":"closed","ping_status":"closed","sticky":false,"template":"","format":"standard","meta":{"_jetpack_memberships_contains_paid_content":false,"footnotes":""},"categories":[14,1],"tags":[],"class_list":["post-197436","post","type-post","status-publish","format-standard","has-post-thumbnail","hentry","category-policiales","category-portada"],"jetpack_featured_media_url":"https:\/\/i0.wp.com\/cdnoticias.com\/wp-content\/uploads\/2026\/03\/WhatsApp-Image-2026-03-12-at-18.59.10.jpeg?fit=1170%2C650&ssl=1","jetpack_sharing_enabled":true,"_links":{"self":[{"href":"https:\/\/cdnoticias.com\/index.php\/wp-json\/wp\/v2\/posts\/197436","targetHints":{"allow":["GET"]}}],"collection":[{"href":"https:\/\/cdnoticias.com\/index.php\/wp-json\/wp\/v2\/posts"}],"about":[{"href":"https:\/\/cdnoticias.com\/index.php\/wp-json\/wp\/v2\/types\/post"}],"author":[{"embeddable":true,"href":"https:\/\/cdnoticias.com\/index.php\/wp-json\/wp\/v2\/users\/2"}],"replies":[{"embeddable":true,"href":"https:\/\/cdnoticias.com\/index.php\/wp-json\/wp\/v2\/comments?post=197436"}],"version-history":[{"count":0,"href":"https:\/\/cdnoticias.com\/index.php\/wp-json\/wp\/v2\/posts\/197436\/revisions"}],"wp:featuredmedia":[{"embeddable":true,"href":"https:\/\/cdnoticias.com\/index.php\/wp-json\/wp\/v2\/media\/197439"}],"wp:attachment":[{"href":"https:\/\/cdnoticias.com\/index.php\/wp-json\/wp\/v2\/media?parent=197436"}],"wp:term":[{"taxonomy":"category","embeddable":true,"href":"https:\/\/cdnoticias.com\/index.php\/wp-json\/wp\/v2\/categories?post=197436"},{"taxonomy":"post_tag","embeddable":true,"href":"https:\/\/cdnoticias.com\/index.php\/wp-json\/wp\/v2\/tags?post=197436"}],"curies":[{"name":"wp","href":"https:\/\/api.w.org\/{rel}","templated":true}]}}