{"id":197429,"date":"2026-03-12T18:27:37","date_gmt":"2026-03-12T21:27:37","guid":{"rendered":"https:\/\/cdnoticias.com\/?p=197429"},"modified":"2026-03-12T18:27:39","modified_gmt":"2026-03-12T21:27:39","slug":"nicasio-monzon-pocho-q-e-p-d","status":"publish","type":"post","link":"https:\/\/cdnoticias.com\/index.php\/2026\/03\/12\/nicasio-monzon-pocho-q-e-p-d\/","title":{"rendered":"Nicasio Monz\u00f3n \u201cPocho\u201d (Q.E.P.D.)"},"content":{"rendered":"\n<p>Falleci\u00f3 en Olavarr\u00eda el 12 de marzo de 2026 a los 85 a\u00f1os.<\/p>\n\n\n\n<p>Su hijo Juan Carlos Monz\u00f3n. Su hija pol\u00edtica Norma Pereyra. Sus nietos Leonado Daniel, Romina Guadalupe, Noelia, Milagros Sofia y Franco Ignacio Monz\u00f3n. Sus hijos pol\u00edticos. Sus sobrinos y dem\u00e1s deudos participan de su fallecimiento.<\/p>\n\n\n\n<p>Velatorio: Espa\u00f1a 2942, Departamento &#8220;B &#8220;. Comienza este viernes 13 a las 9:00 horas. Responso:Capilla Ardiente. Inhumaci\u00f3n: Cementerio Loma de Paz, viernes 13 de marzo a las 14:30 horas. Servicio adherido a Coopelectric.&nbsp;<\/p>\n\n\n\n<p>Barrio en el que viv\u00eda: Trabajadores.<\/p>\n\n\n\n<p>Lugar de nacimiento:&nbsp; Nacido en Corrientes.<\/p>\n\n\n\n<p>Actividad que desarrollaba: Jubilado.<\/p>\n\n\n\n<p><\/p>\n","protected":false},"excerpt":{"rendered":"<p>Falleci\u00f3 en Olavarr\u00eda el 12 de marzo de 2026 a los 85 a\u00f1os. Su hijo Juan Carlos Monz\u00f3n. Su hija<\/p>\n","protected":false},"author":6,"featured_media":67646,"comment_status":"closed","ping_status":"closed","sticky":false,"template":"","format":"standard","meta":{"_jetpack_memberships_contains_paid_content":false,"footnotes":""},"categories":[10],"tags":[],"class_list":["post-197429","post","type-post","status-publish","format-standard","has-post-thumbnail","hentry","category-necrologicas"],"jetpack_featured_media_url":"https:\/\/i0.wp.com\/cdnoticias.com\/wp-content\/uploads\/2022\/10\/necrologicas-390-x-240.jpg?fit=390%2C240&ssl=1","jetpack_sharing_enabled":true,"_links":{"self":[{"href":"https:\/\/cdnoticias.com\/index.php\/wp-json\/wp\/v2\/posts\/197429","targetHints":{"allow":["GET"]}}],"collection":[{"href":"https:\/\/cdnoticias.com\/index.php\/wp-json\/wp\/v2\/posts"}],"about":[{"href":"https:\/\/cdnoticias.com\/index.php\/wp-json\/wp\/v2\/types\/post"}],"author":[{"embeddable":true,"href":"https:\/\/cdnoticias.com\/index.php\/wp-json\/wp\/v2\/users\/6"}],"replies":[{"embeddable":true,"href":"https:\/\/cdnoticias.com\/index.php\/wp-json\/wp\/v2\/comments?post=197429"}],"version-history":[{"count":0,"href":"https:\/\/cdnoticias.com\/index.php\/wp-json\/wp\/v2\/posts\/197429\/revisions"}],"wp:featuredmedia":[{"embeddable":true,"href":"https:\/\/cdnoticias.com\/index.php\/wp-json\/wp\/v2\/media\/67646"}],"wp:attachment":[{"href":"https:\/\/cdnoticias.com\/index.php\/wp-json\/wp\/v2\/media?parent=197429"}],"wp:term":[{"taxonomy":"category","embeddable":true,"href":"https:\/\/cdnoticias.com\/index.php\/wp-json\/wp\/v2\/categories?post=197429"},{"taxonomy":"post_tag","embeddable":true,"href":"https:\/\/cdnoticias.com\/index.php\/wp-json\/wp\/v2\/tags?post=197429"}],"curies":[{"name":"wp","href":"https:\/\/api.w.org\/{rel}","templated":true}]}}