{"id":197426,"date":"2026-03-13T17:01:42","date_gmt":"2026-03-13T20:01:42","guid":{"rendered":"https:\/\/cdnoticias.com\/?p=197426"},"modified":"2026-03-13T17:01:43","modified_gmt":"2026-03-13T20:01:43","slug":"la-asamblea-de-necesidad-y-urgencia-convoca-a-una-reunion-para-organizar-las-actividades-del-24-de-marzo","status":"publish","type":"post","link":"https:\/\/cdnoticias.com\/index.php\/2026\/03\/13\/la-asamblea-de-necesidad-y-urgencia-convoca-a-una-reunion-para-organizar-las-actividades-del-24-de-marzo\/","title":{"rendered":"La Asamblea de Necesidad y Urgencia convoca a una reuni\u00f3n para organizar las actividades del 24 de marzo\u00a0"},"content":{"rendered":"\n<p>El encuentro abierto ser\u00e1 este s\u00e1bado 14 de marzo. Buscan coordinar iniciativas e intervenciones a 50 a\u00f1os del \u00faltimo golpe de Estado.<\/p>\n\n\n\n<hr class=\"wp-block-separator aligncenter has-alpha-channel-opacity\"\/>\n\n\n\n<p>La <strong>Asamblea de Necesidad y Urgencia de Olavarr\u00eda convoc\u00f3 a personas, organizaciones e instituciones de la ciudad<\/strong> interesadas en participar en la <strong>organizaci\u00f3n de las actividades por el 24 de Marzo, D\u00eda de la Memoria por la Verdad y la Justicia.<\/strong><\/p>\n\n\n\n<p><\/p>\n\n\n\n<blockquote class=\"wp-block-quote is-layout-flow wp-block-quote-is-layout-flow\">\n<p>La convocatoria se da en el marco de los 50 a\u00f1os de la \u00faltima dictadura c\u00edvico-militar-eclesi\u00e1stica en Argentina.\u00a0Desde el espacio se\u00f1alaron su preocupaci\u00f3n por los discursos negacionistas del gobierno nacional, la avanzada represiva y el proyecto de indulto a los genocidas, y plantearon la necesidad de una amplia participaci\u00f3n en las calles para defender los Derechos Humanos \u201cde ayer y de hoy\u201d.<\/p>\n<\/blockquote>\n\n\n\n<p><\/p>\n\n\n\n<p>En ese contexto, invitan a una reuni\u00f3n abierta que se realizar\u00e1 el<strong> s\u00e1bado 14 de marzo a las 16 horas en la intersecci\u00f3n de Necochea y Brown<\/strong>. El encuentro tendr\u00e1 como objetivo pensar y coordinar iniciativas e intervenciones colectivas de cara a la jornada del 24 de Marzo.<\/p>\n\n\n\n<p><\/p>\n\n\n\n<p>Seg\u00fan indicaron, la propuesta busca generar un <strong>espacio de organizaci\u00f3n en un marco de pluralidad de voces<\/strong>, convocando a distintos sectores de la comunidad a sumarse y participar.<\/p>\n\n\n\n<p><\/p>\n","protected":false},"excerpt":{"rendered":"<p>El encuentro abierto ser\u00e1 este s\u00e1bado 14 de marzo. Buscan coordinar iniciativas e intervenciones a 50 a\u00f1os del \u00faltimo golpe<\/p>\n","protected":false},"author":6,"featured_media":112279,"comment_status":"closed","ping_status":"closed","sticky":false,"template":"","format":"standard","meta":{"_jetpack_memberships_contains_paid_content":false,"footnotes":""},"categories":[4,1],"tags":[],"class_list":["post-197426","post","type-post","status-publish","format-standard","has-post-thumbnail","hentry","category-politica","category-portada"],"jetpack_featured_media_url":"https:\/\/i0.wp.com\/cdnoticias.com\/wp-content\/uploads\/2024\/03\/MarchaMemoriaOlavarria-100.jpg?fit=1024%2C680&ssl=1","jetpack_sharing_enabled":true,"_links":{"self":[{"href":"https:\/\/cdnoticias.com\/index.php\/wp-json\/wp\/v2\/posts\/197426","targetHints":{"allow":["GET"]}}],"collection":[{"href":"https:\/\/cdnoticias.com\/index.php\/wp-json\/wp\/v2\/posts"}],"about":[{"href":"https:\/\/cdnoticias.com\/index.php\/wp-json\/wp\/v2\/types\/post"}],"author":[{"embeddable":true,"href":"https:\/\/cdnoticias.com\/index.php\/wp-json\/wp\/v2\/users\/6"}],"replies":[{"embeddable":true,"href":"https:\/\/cdnoticias.com\/index.php\/wp-json\/wp\/v2\/comments?post=197426"}],"version-history":[{"count":0,"href":"https:\/\/cdnoticias.com\/index.php\/wp-json\/wp\/v2\/posts\/197426\/revisions"}],"wp:featuredmedia":[{"embeddable":true,"href":"https:\/\/cdnoticias.com\/index.php\/wp-json\/wp\/v2\/media\/112279"}],"wp:attachment":[{"href":"https:\/\/cdnoticias.com\/index.php\/wp-json\/wp\/v2\/media?parent=197426"}],"wp:term":[{"taxonomy":"category","embeddable":true,"href":"https:\/\/cdnoticias.com\/index.php\/wp-json\/wp\/v2\/categories?post=197426"},{"taxonomy":"post_tag","embeddable":true,"href":"https:\/\/cdnoticias.com\/index.php\/wp-json\/wp\/v2\/tags?post=197426"}],"curies":[{"name":"wp","href":"https:\/\/api.w.org\/{rel}","templated":true}]}}