{"id":197420,"date":"2026-03-12T18:30:48","date_gmt":"2026-03-12T21:30:48","guid":{"rendered":"https:\/\/cdnoticias.com\/?p=197420"},"modified":"2026-03-12T19:18:01","modified_gmt":"2026-03-12T22:18:01","slug":"la-inflacion-de-febrero-volvio-a-ser-del-29-y-acumula-59-en-lo-que-va-del-ano","status":"publish","type":"post","link":"https:\/\/cdnoticias.com\/index.php\/2026\/03\/12\/la-inflacion-de-febrero-volvio-a-ser-del-29-y-acumula-59-en-lo-que-va-del-ano\/","title":{"rendered":"La inflaci\u00f3n de febrero volvi\u00f3 a ser del 2,9% y acumula 5,9% en lo que va del a\u00f1o"},"content":{"rendered":"\n<p>La variaci\u00f3n interanual lleg\u00f3 al 33,1%, de acuerdo con los datos informados esta tarde por el Instituto Nacional de Estad\u00edstica y Censos.<\/p>\n\n\n\n<hr class=\"wp-block-separator aligncenter has-alpha-channel-opacity\"\/>\n\n\n\n<p>La<strong> inflaci\u00f3n de febrero fue del 2,9%<\/strong>, <strong>repitiendo as\u00ed el n\u00famero de enero,<\/strong> seg\u00fan inform\u00f3 este jueves el Instituto Nacional de Estad\u00edstica y Censos (Indec). Con este nuevo 2,9%,<strong> la inflaci\u00f3n acumulada en los primeros dos meses del a\u00f1o alcanz\u00f3 el 5,9%, <\/strong>mientras que<strong> la variaci\u00f3n interanual lleg\u00f3 al 33,1%.<\/strong><\/p>\n\n\n\n<p><\/p>\n\n\n\n<blockquote class=\"wp-block-quote is-layout-flow wp-block-quote-is-layout-flow\">\n<p>En marzo del a\u00f1o pasado, siempre seg\u00fan el Indec, la inflaci\u00f3n fue del 3,7%. En abril baj\u00f3 al 2,8% y en mayo, al 1,5%.\u00a0Desde entonces, comenz\u00f3 a escalar: 1,6% en junio; 1,9% en julio y agosto; 2,1% en septiembre; 2,3% en octubre; 2,5% en noviembre; 2,8% en diciembre; 2,9% en enero y febrero. El Presupuesto aprobado el a\u00f1o pasado por el Congreso de la Naci\u00f3n proyectaba para este a\u00f1o una inflaci\u00f3n del 10,1%; ya va 5,9% en dos meses.<\/p>\n<\/blockquote>\n\n\n\n<p><\/p>\n\n\n\n<p>De acuerdo con el \u00cdndice de Precios al Consumidor (IPC), entre las divisiones que integran la canasta del \u00edndice, <strong>la mayor suba del mes se registr\u00f3 en \u201cVivienda, agua, electricidad, gas y otros combustibles\u201d, con un incremento de 6,8%.\u00a0<\/strong><\/p>\n\n\n\n<p><\/p>\n\n\n\n<p>Seg\u00fan el informe oficial, este comportamiento se explic\u00f3 principalmente por <strong>aumentos en las tarifas de servicios p\u00fablicos y por modificaciones en los esquemas de subsidios <\/strong>aplicados en distintas provincias.<\/p>\n\n\n\n<p><\/p>\n\n\n\n<blockquote class=\"wp-block-quote is-layout-flow wp-block-quote-is-layout-flow\">\n<p>La segunda divisi\u00f3n con mayor incremento fue \u201cAlimentos y bebidas no alcoh\u00f3licas\u201d, que aument\u00f3 3,3% en febrero. Este rubro tambi\u00e9n fue el de mayor incidencia en la variaci\u00f3n mensual del \u00edndice en la mayor\u00eda de las regiones del pa\u00eds, impulsado principalmente por las subas registradas en carnes y derivados.<\/p>\n<\/blockquote>\n\n\n\n<p><\/p>\n\n\n\n<p>En contraste, <strong>los menores aumentos del mes se observaron en \u201cBebidas alcoh\u00f3licas y tabaco\u201d, con una variaci\u00f3n de 0,6%,<\/strong> y en <strong>Prendas de vestir y calzado,<\/strong> que <strong>no registr\u00f3 cambios<\/strong> en promedio durante febrero.<\/p>\n\n\n\n<p><\/p>\n\n\n\n<p><strong>Inflaci\u00f3n: los n\u00fameros del Indec<\/strong><\/p>\n\n\n\n<p><\/p>\n\n\n\n<p>Al analizar la evoluci\u00f3n por regiones, la variaci\u00f3n mensual del \u00edndice mostr\u00f3 diferencias entre las distintas zonas del pa\u00eds. <strong>El Noroeste registr\u00f3 la mayor suba con 3,5%, seguido por Cuyo con 3,4% y la regi\u00f3n Pampeana con 3,0%. En el Gran Buenos Aires el aumento fue de 2,6%, el m\u00e1s bajo a nivel nacional<\/strong>, mientras que <strong>en Patagonia alcanz\u00f3 3,0%.<\/strong><\/p>\n\n\n\n<p><\/p>\n\n\n\n<p>En cuanto a la composici\u00f3n por tipo de bienes y servicios, los servicios aumentaron 4% en febrero, por encima de los bienes, que registraron una suba de 2,3%. En t\u00e9rminos interanuales, los servicios acumularon un incremento de 43,4%, mientras que los bienes aumentaron 28,4%. Si se consideran las categor\u00edas anal\u00edticas del \u00edndice, los precios regulados registraron el mayor incremento mensual, con una suba de 4,3%. Les siguieron el IPC n\u00facleo, que avanz\u00f3 3,1%, mientras que los precios estacionales mostraron una ca\u00edda de 1,3% durante el mismo per\u00edodo.<\/p>\n\n\n\n<p><\/p>\n\n\n\n<p>El informe tambi\u00e9n incluye precios promedio de algunos productos de la canasta relevada en el Gran Buenos Aires. Entre ellos,<strong> el kilo de pan franc\u00e9s se ubic\u00f3 en $ 4.201,87, la carne picada com\u00fan en $ 9.521,40, el pollo entero en $ 4.488,99 y el litro de leche fresca en $ 1.692,46 durante febrero de 2026.<\/strong><\/p>\n\n\n\n<p><\/p>\n\n\n\n<p><em>Fuente: Agencia DIB<\/em><\/p>\n","protected":false},"excerpt":{"rendered":"<p>La variaci\u00f3n interanual lleg\u00f3 al 33,1%, de acuerdo con los datos informados esta tarde por el Instituto Nacional de Estad\u00edstica<\/p>\n","protected":false},"author":6,"featured_media":82368,"comment_status":"closed","ping_status":"closed","sticky":false,"template":"","format":"standard","meta":{"_jetpack_memberships_contains_paid_content":false,"footnotes":""},"categories":[6,1],"tags":[],"class_list":["post-197420","post","type-post","status-publish","format-standard","has-post-thumbnail","hentry","category-nacionales","category-portada"],"jetpack_featured_media_url":"https:\/\/i0.wp.com\/cdnoticias.com\/wp-content\/uploads\/2023\/04\/inflacion-e1747259672137.jpg?fit=696%2C408&ssl=1","jetpack_sharing_enabled":true,"_links":{"self":[{"href":"https:\/\/cdnoticias.com\/index.php\/wp-json\/wp\/v2\/posts\/197420","targetHints":{"allow":["GET"]}}],"collection":[{"href":"https:\/\/cdnoticias.com\/index.php\/wp-json\/wp\/v2\/posts"}],"about":[{"href":"https:\/\/cdnoticias.com\/index.php\/wp-json\/wp\/v2\/types\/post"}],"author":[{"embeddable":true,"href":"https:\/\/cdnoticias.com\/index.php\/wp-json\/wp\/v2\/users\/6"}],"replies":[{"embeddable":true,"href":"https:\/\/cdnoticias.com\/index.php\/wp-json\/wp\/v2\/comments?post=197420"}],"version-history":[{"count":0,"href":"https:\/\/cdnoticias.com\/index.php\/wp-json\/wp\/v2\/posts\/197420\/revisions"}],"wp:featuredmedia":[{"embeddable":true,"href":"https:\/\/cdnoticias.com\/index.php\/wp-json\/wp\/v2\/media\/82368"}],"wp:attachment":[{"href":"https:\/\/cdnoticias.com\/index.php\/wp-json\/wp\/v2\/media?parent=197420"}],"wp:term":[{"taxonomy":"category","embeddable":true,"href":"https:\/\/cdnoticias.com\/index.php\/wp-json\/wp\/v2\/categories?post=197420"},{"taxonomy":"post_tag","embeddable":true,"href":"https:\/\/cdnoticias.com\/index.php\/wp-json\/wp\/v2\/tags?post=197420"}],"curies":[{"name":"wp","href":"https:\/\/api.w.org\/{rel}","templated":true}]}}