{"id":197417,"date":"2026-03-13T13:17:50","date_gmt":"2026-03-13T16:17:50","guid":{"rendered":"https:\/\/cdnoticias.com\/?p=197417"},"modified":"2026-03-13T13:17:52","modified_gmt":"2026-03-13T16:17:52","slug":"la-provincia-acuso-a-nacion-de-no-entregar-las-vacunas-contra-la-gripe","status":"publish","type":"post","link":"https:\/\/cdnoticias.com\/index.php\/2026\/03\/13\/la-provincia-acuso-a-nacion-de-no-entregar-las-vacunas-contra-la-gripe\/","title":{"rendered":"La Provincia acus\u00f3 a Naci\u00f3n de no entregar las vacunas contra la gripe"},"content":{"rendered":"\n<p>El ministro de Salud bonaerense, Nicol\u00e1s Kreplak, denunci\u00f3 que las autoridades nacionales no reparten vacunas hace cuatro meses en algunos casos.<\/p>\n\n\n\n<hr class=\"wp-block-separator aligncenter has-alpha-channel-opacity\"\/>\n\n\n\n<p>A pocas horas del <strong>comienzo de la vacunaci\u00f3n antigripal<\/strong> en todos los distritos bonaerenses para las<strong> personas mayores de 65 a\u00f1os<\/strong>, <strong>desde el Gobierno de la provincia de Buenos Aires acusaron a la administraci\u00f3n nacional de no entregar las dosis suficientes para afrontar la campa\u00f1a.<\/strong><\/p>\n\n\n\n<p><\/p>\n\n\n\n<blockquote class=\"wp-block-quote is-layout-flow wp-block-quote-is-layout-flow\">\n<p>\u201cEl Gobierno nacional todav\u00eda no entrega las vacunas pedi\u00e1tricas contra la gripe, ya nos quedamos sin vacunas contra la bronquiolitis, y si tu hijo tiene una condici\u00f3n cr\u00f3nica y necesita vacunarse contra el Covid, tampoco va a poder porque hace cuatro meses que Naci\u00f3n no las entrega\u201d, asegur\u00f3 el ministro de Salud bonaerense, Nicol\u00e1s Kreplak.<\/p>\n<\/blockquote>\n\n\n\n<p><\/p>\n\n\n\n<p>Adem\u00e1s, el funcionario de<strong> Axel Kicillof ironiz\u00f3 al asegurar que este faltante <\/strong>se da \u201c<strong>mientras los ministros nacionales \u2018se desloman\u2019 en Estados Unidos\u201d.\u00a0<\/strong><\/p>\n\n\n\n<p><\/p>\n\n\n\n<p>Esta frase, est\u00e1 relacionada con la<strong> justificaci\u00f3n del jefe de Gabinete Manuel Adorni, quien dijo que est\u00e1 en Nueva York \u201cdeslom\u00e1ndose\u201d por el pa\u00eds. <\/strong>Tambi\u00e9n Mario Lugones, titular de la cartera sanitaria nacional, fue parte de la comitiva a Estados Unidos.<\/p>\n\n\n\n<p><\/p>\n\n\n\n<p><strong>La campa\u00f1a de vacunaci\u00f3n antigripal<\/strong><\/p>\n\n\n\n<p><\/p>\n\n\n\n<blockquote class=\"wp-block-quote is-layout-flow wp-block-quote-is-layout-flow\">\n<p>Cabe se\u00f1alar que este a\u00f1o se adelant\u00f3 la inmunizaci\u00f3n, ya que se espera que el subclado k de la influenza A (H3 N2) comience a circular antes de la llegada del oto\u00f1o, tal como ocurri\u00f3 en el hemisferio norte.<\/p>\n<\/blockquote>\n\n\n\n<p><\/p>\n\n\n\n<p>La <strong>vacuna antigripal,<\/strong> que en esta etapa apunta a personas las<strong> personas que integran los grupos de riesgo<\/strong>, reduce la <strong>posibilidad de desarrollar cuadros graves.<\/strong><\/p>\n\n\n\n<p><\/p>\n\n\n\n<p>La vacunaci\u00f3n antigripal est\u00e1 <strong>dirigida a los grupos de mayor riesgo de desarrollar la enfermeda<\/strong>d en estad\u00edo grave: <strong>ni\u00f1os entre 6 meses y 2 a\u00f1os, embarazadas en cualquier trimestre de la gestaci\u00f3n y pu\u00e9rperas, personas con enfermedades de base de riesgo (enfermedades respiratorias, neurol\u00f3gicas, card\u00edacas cr\u00f3nicas, inmunodeficiencias, enfermedades oncohematol\u00f3gicas, trasplantes, diabetes, insuficiencia renal cr\u00f3nica, entre otras), mayores de 65 a\u00f1os y personal de salud.<\/strong><\/p>\n\n\n\n<p><\/p>\n\n\n\n<p><em>Fuente: Agencia DIB<\/em><\/p>\n","protected":false},"excerpt":{"rendered":"<p>El ministro de Salud bonaerense, Nicol\u00e1s Kreplak, denunci\u00f3 que las autoridades nacionales no reparten vacunas hace cuatro meses en algunos<\/p>\n","protected":false},"author":6,"featured_media":101523,"comment_status":"closed","ping_status":"closed","sticky":false,"template":"","format":"standard","meta":{"_jetpack_memberships_contains_paid_content":false,"footnotes":""},"categories":[6,1],"tags":[],"class_list":["post-197417","post","type-post","status-publish","format-standard","has-post-thumbnail","hentry","category-nacionales","category-portada"],"jetpack_featured_media_url":"https:\/\/i0.wp.com\/cdnoticias.com\/wp-content\/uploads\/2023\/11\/kreplak4-scaled.jpg?fit=2560%2C1424&ssl=1","jetpack_sharing_enabled":true,"_links":{"self":[{"href":"https:\/\/cdnoticias.com\/index.php\/wp-json\/wp\/v2\/posts\/197417","targetHints":{"allow":["GET"]}}],"collection":[{"href":"https:\/\/cdnoticias.com\/index.php\/wp-json\/wp\/v2\/posts"}],"about":[{"href":"https:\/\/cdnoticias.com\/index.php\/wp-json\/wp\/v2\/types\/post"}],"author":[{"embeddable":true,"href":"https:\/\/cdnoticias.com\/index.php\/wp-json\/wp\/v2\/users\/6"}],"replies":[{"embeddable":true,"href":"https:\/\/cdnoticias.com\/index.php\/wp-json\/wp\/v2\/comments?post=197417"}],"version-history":[{"count":0,"href":"https:\/\/cdnoticias.com\/index.php\/wp-json\/wp\/v2\/posts\/197417\/revisions"}],"wp:featuredmedia":[{"embeddable":true,"href":"https:\/\/cdnoticias.com\/index.php\/wp-json\/wp\/v2\/media\/101523"}],"wp:attachment":[{"href":"https:\/\/cdnoticias.com\/index.php\/wp-json\/wp\/v2\/media?parent=197417"}],"wp:term":[{"taxonomy":"category","embeddable":true,"href":"https:\/\/cdnoticias.com\/index.php\/wp-json\/wp\/v2\/categories?post=197417"},{"taxonomy":"post_tag","embeddable":true,"href":"https:\/\/cdnoticias.com\/index.php\/wp-json\/wp\/v2\/tags?post=197417"}],"curies":[{"name":"wp","href":"https:\/\/api.w.org\/{rel}","templated":true}]}}