{"id":197404,"date":"2026-03-12T19:56:44","date_gmt":"2026-03-12T22:56:44","guid":{"rendered":"https:\/\/cdnoticias.com\/?p=197404"},"modified":"2026-03-12T19:56:46","modified_gmt":"2026-03-12T22:56:46","slug":"dia-mundial-del-rinon-importante-concurrencia-de-personas-en-el-paseo-de-la-salud","status":"publish","type":"post","link":"https:\/\/cdnoticias.com\/index.php\/2026\/03\/12\/dia-mundial-del-rinon-importante-concurrencia-de-personas-en-el-paseo-de-la-salud\/","title":{"rendered":"D\u00eda Mundial del Ri\u00f1\u00f3n: importante concurrencia de personas en el Paseo de la salud"},"content":{"rendered":"\n<p>En la oportunidad se abordaron distintos temas como la importancia de una alimentaci\u00f3n adecuada para el cuidado renal, y los factores de riesgo que pueden afectar el desarrollo de los ri\u00f1ones.<\/p>\n\n\n\n<hr class=\"wp-block-separator aligncenter has-alpha-channel-opacity\"\/>\n\n\n\n<p>En el marco del <strong>D\u00eda Mundial del Ri\u00f1\u00f3n<\/strong>, que se conmemora cada segundo jueves de marzo,<strong> se realiz\u00f3 una jornada de concientizaci\u00f3n en el Paseo de la Salud.<\/strong><\/p>\n\n\n\n<p><\/p>\n\n\n\n<p>La actividad se inici\u00f3 por la ma\u00f1ana con una <strong>importante concurrencia de j\u00f3venes de escuelas secundarias<\/strong>, que asistieron a las diferentes charlas que estuvieron a cargo de un equipo interdisciplinario de <strong>profesionales de la salud<\/strong> (nutricionistas, nefr\u00f3logas, diabetologa, profesora de educaci\u00f3n f\u00edsica, trabajadora social y personal de enfermer\u00eda).<\/p>\n\n\n\n<p><\/p>\n\n\n\n<figure class=\"wp-block-image aligncenter size-full\"><img data-recalc-dims=\"1\" loading=\"lazy\" decoding=\"async\" width=\"800\" height=\"525\" src=\"https:\/\/i0.wp.com\/cdnoticias.com\/wp-content\/uploads\/2026\/03\/saludrenal4.jpg?resize=800%2C525&#038;ssl=1\" alt=\"\" class=\"wp-image-197406\" srcset=\"https:\/\/i0.wp.com\/cdnoticias.com\/wp-content\/uploads\/2026\/03\/saludrenal4.jpg?w=881&amp;ssl=1 881w, https:\/\/i0.wp.com\/cdnoticias.com\/wp-content\/uploads\/2026\/03\/saludrenal4.jpg?resize=300%2C197&amp;ssl=1 300w, https:\/\/i0.wp.com\/cdnoticias.com\/wp-content\/uploads\/2026\/03\/saludrenal4.jpg?resize=768%2C504&amp;ssl=1 768w\" sizes=\"auto, (max-width: 800px) 100vw, 800px\" \/><\/figure>\n\n\n\n<p><\/p>\n\n\n\n<blockquote class=\"wp-block-quote is-layout-flow wp-block-quote-is-layout-flow\">\n<p>En la oportunidad se abordaron distintos temas como la importancia de una alimentaci\u00f3n adecuada para el cuidado renal, y los factores de riesgo que pueden afectar el desarrollo de los ri\u00f1ones.<\/p>\n<\/blockquote>\n\n\n\n<p><\/p>\n\n\n\n<p>Adem\u00e1s se hizo hincapi\u00e9 en <strong>mantener una actividad f\u00edsica de manera regular, controlar la presi\u00f3n arterial y niveles de az\u00facar, reducir el consumo de sal, hidratarse, no fumar y realizar chequeos peri\u00f3dicos de sangre y orina<\/strong> para analizar el funcionamiento renal.<\/p>\n\n\n\n<p><\/p>\n\n\n\n<figure class=\"wp-block-image aligncenter size-full\"><img data-recalc-dims=\"1\" loading=\"lazy\" decoding=\"async\" width=\"800\" height=\"533\" src=\"https:\/\/i0.wp.com\/cdnoticias.com\/wp-content\/uploads\/2026\/03\/saludrenal2.jpg?resize=800%2C533&#038;ssl=1\" alt=\"\" class=\"wp-image-197408\" srcset=\"https:\/\/i0.wp.com\/cdnoticias.com\/wp-content\/uploads\/2026\/03\/saludrenal2.jpg?w=900&amp;ssl=1 900w, https:\/\/i0.wp.com\/cdnoticias.com\/wp-content\/uploads\/2026\/03\/saludrenal2.jpg?resize=300%2C200&amp;ssl=1 300w, https:\/\/i0.wp.com\/cdnoticias.com\/wp-content\/uploads\/2026\/03\/saludrenal2.jpg?resize=768%2C512&amp;ssl=1 768w, https:\/\/i0.wp.com\/cdnoticias.com\/wp-content\/uploads\/2026\/03\/saludrenal2.jpg?resize=272%2C182&amp;ssl=1 272w\" sizes=\"auto, (max-width: 800px) 100vw, 800px\" \/><\/figure>\n\n\n\n<p><\/p>\n\n\n\n<p>La propuesta cont\u00f3 con <strong>asesoramiento en nutrici\u00f3n a cargo de profesionales del Servicio de Nutrici\u00f3n del Hospital Dr. \u201cH\u00e9ctor M. Cura<\/strong>\u201d que hablaron sobre la importancia de <strong>seguir una alimentaci\u00f3n saludable, rica en vegetales, para ayudar a controlar la diabetes y otras enfermedades card\u00edacas<\/strong> que acompa\u00f1an el da\u00f1o renal. <\/p>\n\n\n\n<p><\/p>\n\n\n\n<blockquote class=\"wp-block-quote is-layout-flow wp-block-quote-is-layout-flow\">\n<p>Asimismo, en otro stand se atendieron distintas consultas m\u00e9dicas y se realizaron controles de presi\u00f3n arterial a todas las personas que participaron de la jornada.<\/p>\n<\/blockquote>\n\n\n\n<p><\/p>\n\n\n\n<p><strong>Recomendaciones a tener en cuenta para la salud renal<\/strong> <\/p>\n\n\n\n<ul class=\"wp-block-list\">\n<li>Beber de 2 a 3 litros de agua por d\u00eda.<\/li>\n\n\n\n<li>Alimentarse de manera equilibrada y saludable.<\/li>\n\n\n\n<li>Disminuir el consumo de sal.<\/li>\n\n\n\n<li>Realizar an\u00e1lisis de sangre y orina una vez al a\u00f1o.<\/li>\n\n\n\n<li>Realizar actividad f\u00edsica de manera regular, por ejemplo: caminatas diarias de 30 minutos.<\/li>\n<\/ul>\n\n\n\n<p><\/p>\n\n\n\n<p><\/p>\n\n\n\n<figure class=\"wp-block-image aligncenter size-full\"><img data-recalc-dims=\"1\" loading=\"lazy\" decoding=\"async\" width=\"800\" height=\"514\" src=\"https:\/\/i0.wp.com\/cdnoticias.com\/wp-content\/uploads\/2026\/03\/saludrenal1.jpg?resize=800%2C514&#038;ssl=1\" alt=\"\" class=\"wp-image-197409\" srcset=\"https:\/\/i0.wp.com\/cdnoticias.com\/wp-content\/uploads\/2026\/03\/saludrenal1.jpg?w=891&amp;ssl=1 891w, https:\/\/i0.wp.com\/cdnoticias.com\/wp-content\/uploads\/2026\/03\/saludrenal1.jpg?resize=300%2C193&amp;ssl=1 300w, https:\/\/i0.wp.com\/cdnoticias.com\/wp-content\/uploads\/2026\/03\/saludrenal1.jpg?resize=768%2C493&amp;ssl=1 768w\" sizes=\"auto, (max-width: 800px) 100vw, 800px\" \/><\/figure>\n","protected":false},"excerpt":{"rendered":"<p>En la oportunidad se abordaron distintos temas como la importancia de una alimentaci\u00f3n adecuada para el cuidado renal, y los<\/p>\n","protected":false},"author":5,"featured_media":197407,"comment_status":"closed","ping_status":"closed","sticky":false,"template":"","format":"standard","meta":{"_jetpack_memberships_contains_paid_content":false,"footnotes":""},"categories":[5,1],"tags":[],"class_list":["post-197404","post","type-post","status-publish","format-standard","has-post-thumbnail","hentry","category-informacion-general","category-portada"],"jetpack_featured_media_url":"https:\/\/i0.wp.com\/cdnoticias.com\/wp-content\/uploads\/2026\/03\/saludrenal3.jpg?fit=879%2C537&ssl=1","jetpack_sharing_enabled":true,"_links":{"self":[{"href":"https:\/\/cdnoticias.com\/index.php\/wp-json\/wp\/v2\/posts\/197404","targetHints":{"allow":["GET"]}}],"collection":[{"href":"https:\/\/cdnoticias.com\/index.php\/wp-json\/wp\/v2\/posts"}],"about":[{"href":"https:\/\/cdnoticias.com\/index.php\/wp-json\/wp\/v2\/types\/post"}],"author":[{"embeddable":true,"href":"https:\/\/cdnoticias.com\/index.php\/wp-json\/wp\/v2\/users\/5"}],"replies":[{"embeddable":true,"href":"https:\/\/cdnoticias.com\/index.php\/wp-json\/wp\/v2\/comments?post=197404"}],"version-history":[{"count":0,"href":"https:\/\/cdnoticias.com\/index.php\/wp-json\/wp\/v2\/posts\/197404\/revisions"}],"wp:featuredmedia":[{"embeddable":true,"href":"https:\/\/cdnoticias.com\/index.php\/wp-json\/wp\/v2\/media\/197407"}],"wp:attachment":[{"href":"https:\/\/cdnoticias.com\/index.php\/wp-json\/wp\/v2\/media?parent=197404"}],"wp:term":[{"taxonomy":"category","embeddable":true,"href":"https:\/\/cdnoticias.com\/index.php\/wp-json\/wp\/v2\/categories?post=197404"},{"taxonomy":"post_tag","embeddable":true,"href":"https:\/\/cdnoticias.com\/index.php\/wp-json\/wp\/v2\/tags?post=197404"}],"curies":[{"name":"wp","href":"https:\/\/api.w.org\/{rel}","templated":true}]}}