{"id":197381,"date":"2026-03-12T17:14:00","date_gmt":"2026-03-12T20:14:00","guid":{"rendered":"https:\/\/cdnoticias.com\/?p=197381"},"modified":"2026-03-12T18:50:18","modified_gmt":"2026-03-12T21:50:18","slug":"falta-de-pago-de-pami-a-medicos-lascano-dejo-mas-dudas-que-certezas-en-el-hcd","status":"publish","type":"post","link":"https:\/\/cdnoticias.com\/index.php\/2026\/03\/12\/falta-de-pago-de-pami-a-medicos-lascano-dejo-mas-dudas-que-certezas-en-el-hcd\/","title":{"rendered":"Falta de pago de PAMI a m\u00e9dicos: Lascano dej\u00f3 m\u00e1s dudas que certezas en el HCD"},"content":{"rendered":"<p>El titular de PAMI y concejal libertario busc\u00f3 apuntar contra Coceba y dejar se\u00f1alados a los profesionales. Asegur\u00f3 que \u201cse quiere politizar\u201d. Natalia \u00c1lvarez sostuvo que \u201cel funcionario de PAMI no est\u00e1 yendo a golpear las puertas que corresponde golpear\u201d.<!--more--><\/p>\n<hr \/>\n<p>\u00a0<\/p>\n\n\n<p>Durante la<a href=\"https:\/\/cdnoticias.com\/index.php\/2026\/03\/12\/geriatricos-hay-alrededor-de-45-hogares-que-no-estan-habilitados\/\" target=\"_blank\" rel=\"noreferrer noopener\"> sesi\u00f3n de este jueves, la primera del a\u00f1o<\/a>, los <strong>concejales debatieron en torno a la situaci\u00f3n del PAMI<\/strong> y a<strong>probaron en forma un\u00e1nime<\/strong> una comunicaci\u00f3n manifestando <strong>preocupaci\u00f3n por la <\/strong><a href=\"https:\/\/cdnoticias.com\/index.php\/2026\/03\/05\/medicos-de-olavarria-demandan-pago-a-pami-y-advierten-que-los-afiliados-tendran-que-pagar\/\" target=\"_blank\" rel=\"noreferrer noopener\"><strong>suspensi\u00f3n de pagos a m\u00e9dicos<\/strong> de la ciudad<\/a>.<\/p>\n\n\n\n<p><\/p>\n\n\n\n<p>La <strong>concejal Natalia \u00c1lvarez (Uni\u00f3n por la Patria) <\/strong>plante\u00f3 la <strong>\u201csituaci\u00f3n de mucha gravedad <\/strong>que atraviesan los jubilados y profesionales de la salud de nuestra ciudad. Es <strong>un problema muy grave de la falta de pagos<\/strong> a los profesionales y el <strong>corte de las atenciones\u201d.<\/strong><\/p>\n\n\n\n<p><\/p>\n\n\n\n<p>Sostuvo que<strong> \u201cno es un problema de un sector, es un problema de varios.<\/strong> El organismo encargado de cuidar la salud de nuestros vecinos, jubilados, le aplic\u00f3 <strong>motosierra una vez m\u00e1s a los jubilados y a la salud<\/strong>, cosa que se viene repitiendo desde hace mucho tiempo\u201d. Expuso que los profesionales afectados por la demora en los pagos son <strong>m\u00e9dicos de cabecera, cardi\u00f3logos, odont\u00f3logos y el servicio de diagn\u00f3stico por imagen <\/strong>al tiempo que hizo hincapi\u00e9 en que el problema es <strong>extendido en todo el pa\u00eds.<\/strong><\/p>\n\n\n\n<p><\/p>\n\n\n\n<blockquote class=\"wp-block-quote is-layout-flow wp-block-quote-is-layout-flow\">\n<p>Pidi\u00f3 \u201cque se resuelva en el corto plazo\u201d para se\u00f1alar que \u201ctenemos un poco de suerte y tenemos sentado en el Concejo al concejal (Guillermo) Lascano quien tambi\u00e9n cumple funciones como el m\u00e1ximo responsable de PAMI en Olavarr\u00eda, es decir quien tiene la responsabilidad de velar porque nuestros jubilados tengan una soluci\u00f3n\u201d.<\/p>\n<\/blockquote>\n\n\n\n<p><\/p>\n\n\n\n<figure class=\"wp-block-image size-large\"><img data-recalc-dims=\"1\" loading=\"lazy\" decoding=\"async\" width=\"800\" height=\"528\" src=\"https:\/\/i0.wp.com\/cdnoticias.com\/wp-content\/uploads\/2026\/03\/HCD-sesion-12-de-marzo-2026-13-natalia-alvarez.jpeg?resize=800%2C528&#038;ssl=1\" alt=\"\" class=\"wp-image-197385\" srcset=\"https:\/\/i0.wp.com\/cdnoticias.com\/wp-content\/uploads\/2026\/03\/HCD-sesion-12-de-marzo-2026-13-natalia-alvarez.jpeg?resize=1024%2C676&amp;ssl=1 1024w, https:\/\/i0.wp.com\/cdnoticias.com\/wp-content\/uploads\/2026\/03\/HCD-sesion-12-de-marzo-2026-13-natalia-alvarez.jpeg?resize=300%2C198&amp;ssl=1 300w, https:\/\/i0.wp.com\/cdnoticias.com\/wp-content\/uploads\/2026\/03\/HCD-sesion-12-de-marzo-2026-13-natalia-alvarez.jpeg?resize=768%2C507&amp;ssl=1 768w, https:\/\/i0.wp.com\/cdnoticias.com\/wp-content\/uploads\/2026\/03\/HCD-sesion-12-de-marzo-2026-13-natalia-alvarez.jpeg?w=1424&amp;ssl=1 1424w\" sizes=\"auto, (max-width: 800px) 100vw, 800px\" \/><\/figure>\n\n\n\n<p><\/p>\n\n\n\n<p>\u00c1lvarez busc\u00f3 tambi\u00e9n <strong>cuestionar las respuestas que dio Lascano<\/strong> p\u00fablicamente sobre el tema desde la semana pasada para <strong>acusar que \u201cel funcionario de PAMI no est\u00e1 yendo a golpear las puertas que corresponde golpear para pedir que se depositen los pagos.<\/strong> Este problema no es de Coceba aunque el concejal quiera decirlo, sino que es a nivel nacional sino que es un ajuste m\u00e1s que afecta a los jubilados. <strong>Necesitamos que el concejal, el funcionario de PAMI, vaya y reclame lo que le corresponde a los jubilados\u201d.<\/strong> Cabe recordar que en el mismo sentido <a href=\"https:\/\/cdnoticias.com\/index.php\/2026\/03\/06\/natalia-alvarez-confirmo-quepami-corto-los-pagos-de-las-prestaciones-medicas-en-olavarria\/\" target=\"_blank\" rel=\"noreferrer noopener\">se hab\u00eda pronunciado la concejal d\u00edas pasados<\/a>.<\/p>\n\n\n\n<p><\/p>\n\n\n\n<p><strong>Lascano<\/strong> pidi\u00f3 la palabra para responder y se expres\u00f3 acerca de <a href=\"https:\/\/cdnoticias.com\/index.php\/2026\/03\/10\/doble-intencion-los-medicos-expusieron-en-el-hcd-el-reclamo-por-la-deuda-de-pami\/\" target=\"_blank\" rel=\"noreferrer noopener\">la nota que el 6 de marzo presentaron \u201cm\u00e9dicos de cabecera\u201d al Concejo Deliberante<\/a> para referir que <strong>\u201clos dos que firman no tienen convenio directo con PAMI sino con Coceba\u201d<\/strong>. En ese punto, el presidente del HCD, Guillermo Santell\u00e1n, inform\u00f3 que<strong> esa nota referida fue enviada a comisiones<\/strong> y ser\u00e1 tratada a futuro en el HCD para aclarar que el proyecto en tratamiento hab\u00eda sido impulsado por los concejales de Uni\u00f3n por la Patria.<\/p>\n\n\n\n<p><\/p>\n\n\n\n<blockquote class=\"wp-block-quote is-layout-flow wp-block-quote-is-layout-flow\">\n<p>No obstante, el concejal de La Libertad Avanza insisti\u00f3 \u201cresulta extra\u00f1o que estos dos m\u00e9dicos no son m\u00e9dicos que tienen convenio directo con PAMI sino con COCEBA\u201d y m\u00e1s adelante cont\u00f3 que \u201cme lleg\u00f3 la informaci\u00f3n de que uno de los firmantes, uno de los abanderados de este reclamo, hab\u00eda pedido permiso en el Hospital para hacer quilombo en el HCD, para presentar esa nota. Es decir que me pregunto a qui\u00e9n le pidi\u00f3 permiso ese m\u00e9dico, a Fernando Al\u00ed, a Mercedes Land\u00edvar, a Maximiliano Wesner\u201d.<\/p>\n<\/blockquote>\n\n\n\n<p><\/p>\n\n\n\n<figure class=\"wp-block-image size-full\"><img data-recalc-dims=\"1\" loading=\"lazy\" decoding=\"async\" width=\"800\" height=\"446\" src=\"https:\/\/i0.wp.com\/cdnoticias.com\/wp-content\/uploads\/2026\/03\/HCD-sesion-12-de-marzo-2026-guillermo-lascano-a.jpg?resize=800%2C446&#038;ssl=1\" alt=\"\" class=\"wp-image-197382\" srcset=\"https:\/\/i0.wp.com\/cdnoticias.com\/wp-content\/uploads\/2026\/03\/HCD-sesion-12-de-marzo-2026-guillermo-lascano-a.jpg?w=1000&amp;ssl=1 1000w, https:\/\/i0.wp.com\/cdnoticias.com\/wp-content\/uploads\/2026\/03\/HCD-sesion-12-de-marzo-2026-guillermo-lascano-a.jpg?resize=300%2C167&amp;ssl=1 300w, https:\/\/i0.wp.com\/cdnoticias.com\/wp-content\/uploads\/2026\/03\/HCD-sesion-12-de-marzo-2026-guillermo-lascano-a.jpg?resize=768%2C428&amp;ssl=1 768w, https:\/\/i0.wp.com\/cdnoticias.com\/wp-content\/uploads\/2026\/03\/HCD-sesion-12-de-marzo-2026-guillermo-lascano-a.jpg?resize=800%2C445&amp;ssl=1 800w\" sizes=\"auto, (max-width: 800px) 100vw, 800px\" \/><\/figure>\n\n\n\n<p><\/p>\n\n\n\n<p>Luego tambi\u00e9n <strong>acus\u00f3 que los profesionales<\/strong> que se adhieren a la medida de fuerza<strong> \u201cdeciden cobrar un plus, un pago indebido, unilateralmente que va de 5 mil a 8 mil pesos y llegan a 10 mil\u201d<\/strong>. Finalmente,<strong> invit\u00f3 a los m\u00e9dicos adheridos a Coceba a \u201cnegociar con el consorcio\u201d<\/strong> por los pagos o a <strong>\u201cadherirse en forma directa a PAMI\u201d<\/strong> y a los afiliados a <strong>presentar los reclamos correspondientes <\/strong>y pedir <strong>atenci\u00f3n de salud en el Hospital Municipal.<\/strong><\/p>\n\n\n\n<p><\/p>\n\n\n\n<p>Afirm\u00f3 que <strong>\u201catr\u00e1s de todo esto hay un tinte pol\u00edtico, que se quiere politizar en vez de tratar de colaborar\u201d <\/strong>y nuevamente carg\u00f3 acusaciones contra Coceba para <strong>deslizar la responsabilidad en la gesti\u00f3n municipal <\/strong>y mencion\u00f3 una comunicaci\u00f3n con la gerente del consorcio, Daiana Dibaja.<\/p>\n\n\n\n<p><\/p>\n\n\n\n<h2 class=\"wp-block-heading\">Repercusiones<\/h2>\n\n\n\n<p><\/p>\n\n\n\n<p><strong>Natalia \u00c1lvarez <\/strong>tom\u00f3 la palabra para se\u00f1alar que \u201ca este pedido lo motiv\u00f3 la<strong> preocupaci\u00f3n por la falta de pagos y el corte del servicio. Muy poco dijo de eso el concejal Lascano. No sabemos si PAMI pag\u00f3 o no.<\/strong> Me parece errado ir con animosidad contra los m\u00e9dicos. Siguen negando el problema, es muy dif\u00edcil que lo puede resolver\u201d.<\/p>\n\n\n\n<p><\/p>\n\n\n\n<p>Luego <strong>Francisco Gonz\u00e1lez (UCR)<\/strong> sum\u00f3 que <strong>\u201cnos preocupa la situaci\u00f3n que se plantea,<\/strong> que los jubilados no tengan la atenci\u00f3n que corresponde, que no est\u00e9 garantizado el acceso a la salud\u201d y consider\u00f3 que existe un paralelo entre el escenario actual con PAMI y lo sucedido con IOMA en 2024. M\u00e1s adelante, la concejal <strong>Luciana Islas (La Libertad Avanza) <\/strong>tambi\u00e9n expuso <strong>quejas por las prestaciones de IOMA<\/strong>.<\/p>\n\n\n\n<p><\/p>\n\n\n\n<figure class=\"wp-block-image size-large\"><img data-recalc-dims=\"1\" loading=\"lazy\" decoding=\"async\" width=\"800\" height=\"533\" src=\"https:\/\/i0.wp.com\/cdnoticias.com\/wp-content\/uploads\/2026\/03\/HCD-sesion-12-de-marzo-2026-3.jpeg?resize=800%2C533&#038;ssl=1\" alt=\"\" class=\"wp-image-197391\" srcset=\"https:\/\/i0.wp.com\/cdnoticias.com\/wp-content\/uploads\/2026\/03\/HCD-sesion-12-de-marzo-2026-3.jpeg?resize=1024%2C682&amp;ssl=1 1024w, https:\/\/i0.wp.com\/cdnoticias.com\/wp-content\/uploads\/2026\/03\/HCD-sesion-12-de-marzo-2026-3.jpeg?resize=300%2C200&amp;ssl=1 300w, https:\/\/i0.wp.com\/cdnoticias.com\/wp-content\/uploads\/2026\/03\/HCD-sesion-12-de-marzo-2026-3.jpeg?resize=768%2C512&amp;ssl=1 768w, https:\/\/i0.wp.com\/cdnoticias.com\/wp-content\/uploads\/2026\/03\/HCD-sesion-12-de-marzo-2026-3.jpeg?resize=1536%2C1023&amp;ssl=1 1536w, https:\/\/i0.wp.com\/cdnoticias.com\/wp-content\/uploads\/2026\/03\/HCD-sesion-12-de-marzo-2026-3.jpeg?resize=272%2C182&amp;ssl=1 272w, https:\/\/i0.wp.com\/cdnoticias.com\/wp-content\/uploads\/2026\/03\/HCD-sesion-12-de-marzo-2026-3.jpeg?w=1600&amp;ssl=1 1600w\" sizes=\"auto, (max-width: 800px) 100vw, 800px\" \/><\/figure>\n\n\n\n<p><\/p>\n\n\n\n<p><strong>Liliana Schwindt (Uni\u00f3n por la Patria) <\/strong>respondi\u00f3 ante dicho se\u00f1alamiento que no s\u00f3lo hace dos a\u00f1os la situaci\u00f3n se trat\u00f3 en el HCD sino que <strong>ella se ocup\u00f3 de gestionar reuniones entre los \u201cautoconvocados\u201d y el director de IOMA en Tapalqu\u00e9<\/strong>.<\/p>\n\n\n\n<p><\/p>\n\n\n\n<p><strong>Telma Cazot (Uni\u00f3n por la Patria) <\/strong>destac\u00f3 que la problem\u00e1tica de demoras de pago de PAMI se registra \u201cen todo el pa\u00eds\u201d y que<strong> en breve se sumar\u00e1 a los reclamos \u201cel colectivo de discapacidad\u201d<\/strong>.<\/p>\n\n\n\n<p><\/p>\n\n\n\n<blockquote class=\"wp-block-quote is-layout-flow wp-block-quote-is-layout-flow\">\n<p>Federico Aguilera (Uni\u00f3n por la Patria) consider\u00f3 que Lascano no respondi\u00f3 a los planteos. \u201chemos asistido a una actuaci\u00f3n en la que se trat\u00f3 de desvirtuar la tem\u00e1tica que se trata pero por sobre todo ver a la m\u00e1xima autoridad al frente de la agencia de PAMI pr\u00e1cticamente fingiendo demencia y queriendo mezclar, embarrar y confundir\u201d. Luego apunt\u00f3 a la gesti\u00f3n libertaria al considerar que \u201ces una decisi\u00f3n pol\u00edtica nacional de la que hay que hacerse cargo\u201d.<\/p>\n<\/blockquote>\n\n\n\n<p><\/p>\n\n\n\n<p>En el cierre de las intervenciones, <strong>Lascano<\/strong> afirm\u00f3 que <strong>\u201cel servicio no est\u00e1 cortado, los afiliados de PAMI tienen el servicio, los afiliados pueden ir al Hospital\u201d<\/strong>.<\/p>\n\n\n\n<p><\/p>\n\n\n\n<figure class=\"wp-block-image size-large\"><img data-recalc-dims=\"1\" loading=\"lazy\" decoding=\"async\" width=\"800\" height=\"533\" src=\"https:\/\/i0.wp.com\/cdnoticias.com\/wp-content\/uploads\/2026\/03\/HCD-sesion-12-de-marzo-2026-2-aguilera.jpeg?resize=800%2C533&#038;ssl=1\" alt=\"\" class=\"wp-image-197384\" srcset=\"https:\/\/i0.wp.com\/cdnoticias.com\/wp-content\/uploads\/2026\/03\/HCD-sesion-12-de-marzo-2026-2-aguilera.jpeg?resize=1024%2C682&amp;ssl=1 1024w, https:\/\/i0.wp.com\/cdnoticias.com\/wp-content\/uploads\/2026\/03\/HCD-sesion-12-de-marzo-2026-2-aguilera.jpeg?resize=300%2C200&amp;ssl=1 300w, https:\/\/i0.wp.com\/cdnoticias.com\/wp-content\/uploads\/2026\/03\/HCD-sesion-12-de-marzo-2026-2-aguilera.jpeg?resize=768%2C512&amp;ssl=1 768w, https:\/\/i0.wp.com\/cdnoticias.com\/wp-content\/uploads\/2026\/03\/HCD-sesion-12-de-marzo-2026-2-aguilera.jpeg?resize=1536%2C1023&amp;ssl=1 1536w, https:\/\/i0.wp.com\/cdnoticias.com\/wp-content\/uploads\/2026\/03\/HCD-sesion-12-de-marzo-2026-2-aguilera.jpeg?resize=272%2C182&amp;ssl=1 272w, https:\/\/i0.wp.com\/cdnoticias.com\/wp-content\/uploads\/2026\/03\/HCD-sesion-12-de-marzo-2026-2-aguilera.jpeg?w=1600&amp;ssl=1 1600w\" sizes=\"auto, (max-width: 800px) 100vw, 800px\" \/><\/figure>\n\n\n\n<p><\/p>\n\n\n\n<figure class=\"wp-block-embed is-type-wp-embed is-provider-central-de-noticias-olavarr-a wp-block-embed-central-de-noticias-olavarr-a\"><div class=\"wp-block-embed__wrapper\">\n<blockquote class=\"wp-embedded-content\" data-secret=\"Y27NnIvGqi\"><a href=\"https:\/\/cdnoticias.com\/index.php\/2026\/03\/05\/medicos-reclaman-pago-a-pami-no-hay-forma-de-mantener-el-consultorio\/\">M\u00e9dicos reclaman pago a PAMI: \u201cNo hay forma de mantener el consultorio\u201d<\/a><\/blockquote><iframe loading=\"lazy\" class=\"wp-embedded-content\" sandbox=\"allow-scripts\" security=\"restricted\" style=\"position: absolute; visibility: hidden;\" title=\"&#8220;M\u00e9dicos reclaman pago a PAMI: \u201cNo hay forma de mantener el consultorio\u201d&#8221; &#8212; Central de Noticias | Olavarr\u00eda\" src=\"https:\/\/cdnoticias.com\/index.php\/2026\/03\/05\/medicos-reclaman-pago-a-pami-no-hay-forma-de-mantener-el-consultorio\/embed\/#?secret=iGZAxytj3o#?secret=Y27NnIvGqi\" data-secret=\"Y27NnIvGqi\" width=\"600\" height=\"338\" frameborder=\"0\" marginwidth=\"0\" marginheight=\"0\" scrolling=\"no\"><\/iframe>\n<\/div><\/figure>\n","protected":false},"excerpt":{"rendered":"<p>El titular de PAMI y concejal libertario busc\u00f3 apuntar contra Coceba y dejar se\u00f1alados a los profesionales. Asegur\u00f3 que \u201cse<\/p>\n","protected":false},"author":4,"featured_media":197383,"comment_status":"closed","ping_status":"closed","sticky":false,"template":"","format":"standard","meta":{"_jetpack_memberships_contains_paid_content":false,"footnotes":""},"categories":[4,1],"tags":[],"class_list":["post-197381","post","type-post","status-publish","format-standard","has-post-thumbnail","hentry","category-politica","category-portada"],"jetpack_featured_media_url":"https:\/\/i0.wp.com\/cdnoticias.com\/wp-content\/uploads\/2026\/03\/HCD-sesion-12-de-marzo-2026-guillermo-lascano.jpg?fit=1000%2C556&ssl=1","jetpack_sharing_enabled":true,"_links":{"self":[{"href":"https:\/\/cdnoticias.com\/index.php\/wp-json\/wp\/v2\/posts\/197381","targetHints":{"allow":["GET"]}}],"collection":[{"href":"https:\/\/cdnoticias.com\/index.php\/wp-json\/wp\/v2\/posts"}],"about":[{"href":"https:\/\/cdnoticias.com\/index.php\/wp-json\/wp\/v2\/types\/post"}],"author":[{"embeddable":true,"href":"https:\/\/cdnoticias.com\/index.php\/wp-json\/wp\/v2\/users\/4"}],"replies":[{"embeddable":true,"href":"https:\/\/cdnoticias.com\/index.php\/wp-json\/wp\/v2\/comments?post=197381"}],"version-history":[{"count":0,"href":"https:\/\/cdnoticias.com\/index.php\/wp-json\/wp\/v2\/posts\/197381\/revisions"}],"wp:featuredmedia":[{"embeddable":true,"href":"https:\/\/cdnoticias.com\/index.php\/wp-json\/wp\/v2\/media\/197383"}],"wp:attachment":[{"href":"https:\/\/cdnoticias.com\/index.php\/wp-json\/wp\/v2\/media?parent=197381"}],"wp:term":[{"taxonomy":"category","embeddable":true,"href":"https:\/\/cdnoticias.com\/index.php\/wp-json\/wp\/v2\/categories?post=197381"},{"taxonomy":"post_tag","embeddable":true,"href":"https:\/\/cdnoticias.com\/index.php\/wp-json\/wp\/v2\/tags?post=197381"}],"curies":[{"name":"wp","href":"https:\/\/api.w.org\/{rel}","templated":true}]}}