{"id":197377,"date":"2026-03-16T20:15:32","date_gmt":"2026-03-16T23:15:32","guid":{"rendered":"https:\/\/cdnoticias.com\/?p=197377"},"modified":"2026-03-16T20:15:34","modified_gmt":"2026-03-16T23:15:34","slug":"vientos-del-pueblo-propone-un-24-de-marzo-unitario-frente-al-negacionismo","status":"publish","type":"post","link":"https:\/\/cdnoticias.com\/index.php\/2026\/03\/16\/vientos-del-pueblo-propone-un-24-de-marzo-unitario-frente-al-negacionismo\/","title":{"rendered":"Vientos del Pueblo propone un 24 de marzo unitario frente al negacionismo"},"content":{"rendered":"\n<p><br>El espacio convoc\u00f3 a construir una jornada com\u00fan con organizaciones pol\u00edticas, sociales y de derechos humanos. La iniciativa se da a 50 a\u00f1os del golpe de Estado y en el marco del D\u00eda Nacional de la Memoria por la Verdad y la Justicia.<\/p>\n\n\n\n<hr class=\"wp-block-separator aligncenter has-alpha-channel-opacity\"\/>\n\n\n\n<p>Desde el <strong>espacio Vientos del Pueblo Olavarr\u00eda (Emancipaci\u00f3n Sur y Marabunta)<\/strong> impulsan la<strong> construcci\u00f3n de una convocatoria y un acto en com\u00fan con distintos sectores pol\u00edticos, sociales y de derechos humanos<\/strong> de la ciudad de cara al <strong>24 de marzo<\/strong>, en el marco del <strong>D\u00eda Nacional de la Memoria por la Verdad y la Justicia<\/strong>.<\/p>\n\n\n\n<p><\/p>\n\n\n\n<blockquote class=\"wp-block-quote is-layout-flow wp-block-quote-is-layout-flow\">\n<p>La propuesta se enmarca en lo resuelto a nivel nacional por la plenaria del Encuentro Memoria Verdad y Justicia y plantea avanzar en una jornada unitaria frente al negacionismo que, seg\u00fan se\u00f1alaron, impulsa la ultraderecha que actualmente gobierna el pa\u00eds.<\/p>\n<\/blockquote>\n\n\n\n<p><\/p>\n\n\n\n<p>A <strong>50 a\u00f1os del Golpe de Estado en Argentina<\/strong>, desde el espacio sostuvieron que resulta necesaria <strong>\u201cla mayor unidad posible en las calles\u201d<\/strong> para<strong> enfrentar el negacionismo, el ajuste y la represi\u00f3n,<\/strong> por lo que manifestaron su apuesta a un <strong>24 de marzo unitario en Olavarr\u00eda<\/strong>.<\/p>\n\n\n\n<p><\/p>\n\n\n\n<p>En ese sentido, indicaron que la convocatoria se realiza <strong>defendiendo la independencia pol\u00edtica respecto de los gobiernos y con el rechazo a la represi\u00f3n del Protocolo Bullrich<\/strong>, as\u00ed como a<strong> cualquier intento de indulto o beneficio para los genocidas.<\/strong><\/p>\n\n\n\n<p><\/p>\n\n\n\n<blockquote class=\"wp-block-quote is-layout-flow wp-block-quote-is-layout-flow\">\n<p>Adem\u00e1s, expresaron su solidaridad con distintas luchas laborales en curso, entre ellas las de las y los trabajadores de FATE, del Hospital Garrahan y de otros sectores que, seg\u00fan se\u00f1alaron, enfrentan el ajuste.<\/p>\n<\/blockquote>\n\n\n\n<p><\/p>\n\n\n\n<p>Desde <strong>Vientos del Pueblo<\/strong> tambi\u00e9n remarcaron que el contexto actual requiere<strong> \u201cresponsabilidad y madurez pol\u00edtica<\/strong>\u201d y consideraron que las disputas sectarias o la realizaci\u00f3n de actos divididos <strong>debilitan la fuerza necesaria para enfrentar el avance de la derecha y el negacionismo.<\/strong><\/p>\n\n\n\n<p><\/p>\n\n\n\n<p>Por ese motivo, <strong>llamaron tanto a sectores referenciados en el peronismo como a la izquierda partidaria a confluir en Olavarr\u00eda <\/strong>en una jornada amplia y unitaria que exprese <strong>\u201cla memoria, la lucha y la esperanza\u201d <\/strong>del pueblo.<\/p>\n\n\n\n<p><\/p>\n\n\n\n<blockquote class=\"wp-block-quote is-layout-flow wp-block-quote-is-layout-flow\">\n<p>La convocatoria apunta a una movilizaci\u00f3n masiva el 24 de marzo, con la participaci\u00f3n de organizaciones sociales, pol\u00edticas y sindicales, y que tambi\u00e9n fortalezca las luchas por el trabajo, el agua y el territorio frente al extractivismo.<\/p>\n<\/blockquote>\n\n\n\n<p><\/p>\n\n\n\n<p>Como cada a\u00f1o, la jornada tendr\u00e1 adem\u00e1s el <strong>objetivo de rendir homenaje a las y los 30.000 detenidos-desaparecidos<\/strong> durante la \u00faltima dictadura militar.<\/p>\n\n\n\n<p><\/p>\n","protected":false},"excerpt":{"rendered":"<p>El espacio convoc\u00f3 a construir una jornada com\u00fan con organizaciones pol\u00edticas, sociales y de derechos humanos. La iniciativa se da<\/p>\n","protected":false},"author":5,"featured_media":197378,"comment_status":"closed","ping_status":"closed","sticky":false,"template":"","format":"standard","meta":{"_jetpack_memberships_contains_paid_content":false,"footnotes":""},"categories":[4],"tags":[],"class_list":["post-197377","post","type-post","status-publish","format-standard","has-post-thumbnail","hentry","category-politica"],"jetpack_featured_media_url":"https:\/\/i0.wp.com\/cdnoticias.com\/wp-content\/uploads\/2026\/03\/vientosdelpueblo.jpg?fit=900%2C506&ssl=1","jetpack_sharing_enabled":true,"_links":{"self":[{"href":"https:\/\/cdnoticias.com\/index.php\/wp-json\/wp\/v2\/posts\/197377","targetHints":{"allow":["GET"]}}],"collection":[{"href":"https:\/\/cdnoticias.com\/index.php\/wp-json\/wp\/v2\/posts"}],"about":[{"href":"https:\/\/cdnoticias.com\/index.php\/wp-json\/wp\/v2\/types\/post"}],"author":[{"embeddable":true,"href":"https:\/\/cdnoticias.com\/index.php\/wp-json\/wp\/v2\/users\/5"}],"replies":[{"embeddable":true,"href":"https:\/\/cdnoticias.com\/index.php\/wp-json\/wp\/v2\/comments?post=197377"}],"version-history":[{"count":0,"href":"https:\/\/cdnoticias.com\/index.php\/wp-json\/wp\/v2\/posts\/197377\/revisions"}],"wp:featuredmedia":[{"embeddable":true,"href":"https:\/\/cdnoticias.com\/index.php\/wp-json\/wp\/v2\/media\/197378"}],"wp:attachment":[{"href":"https:\/\/cdnoticias.com\/index.php\/wp-json\/wp\/v2\/media?parent=197377"}],"wp:term":[{"taxonomy":"category","embeddable":true,"href":"https:\/\/cdnoticias.com\/index.php\/wp-json\/wp\/v2\/categories?post=197377"},{"taxonomy":"post_tag","embeddable":true,"href":"https:\/\/cdnoticias.com\/index.php\/wp-json\/wp\/v2\/tags?post=197377"}],"curies":[{"name":"wp","href":"https:\/\/api.w.org\/{rel}","templated":true}]}}