{"id":197372,"date":"2026-03-12T18:00:07","date_gmt":"2026-03-12T21:00:07","guid":{"rendered":"https:\/\/cdnoticias.com\/?p=197372"},"modified":"2026-03-12T18:00:09","modified_gmt":"2026-03-12T21:00:09","slug":"olavarrienses-competiran-en-el-selectivo-clasificatorio-al-panamericano-de-menores","status":"publish","type":"post","link":"https:\/\/cdnoticias.com\/index.php\/2026\/03\/12\/olavarrienses-competiran-en-el-selectivo-clasificatorio-al-panamericano-de-menores\/","title":{"rendered":"Olavarrienses competir\u00e1n en el Selectivo clasificatorio al Panamericano de Menores"},"content":{"rendered":"\n<p>El certamen forma parte de una nueva liga clasificatoria rumbo a competencias internacionales de la categor\u00eda.<\/p>\n\n\n\n<hr class=\"wp-block-separator aligncenter has-alpha-channel-opacity\"\/>\n\n\n\n<p>Varios <strong>jugadores de la ciudad formar\u00e1n parte de la delegaci\u00f3n de la Acop <\/strong>que participar\u00e1 en el <strong>Selectivo clasificatorio al Panamericano de Menores<\/strong> cuya primera fecha se disputar\u00e1 <strong>del 13 al 15 de marzo en Catamarca.\u00a0<\/strong><\/p>\n\n\n\n<p><\/p>\n\n\n\n<blockquote class=\"wp-block-quote is-layout-flow wp-block-quote-is-layout-flow\">\n<p>El certamen forma parte de una nueva liga clasificatoria rumbo a competencias internacionales de la categor\u00eda. La delegaci\u00f3n local estar\u00e1 integrada por M\u00eda Irazabal, Sara Irazabal, Tom\u00e1s Zaffora, Victoria Buey, Francisco Buey y Jazm\u00edn Dos Santos, quienes representar\u00e1n a la ciudad en esta instancia que re\u00fane a j\u00f3venes talentos de distintos puntos del pa\u00eds.<\/p>\n<\/blockquote>\n\n\n\n<p><\/p>\n\n\n\n<p>Desde la <strong>Asociaci\u00f3n Civil Olavarriense de P\u00e1del (<\/strong>ACOP) se inform\u00f3 adem\u00e1s que <strong>la entidad colaborar\u00e1 con las inscripciones de los jugadores que participar\u00e1n del selectivo,<\/strong> acompa\u00f1ando el desarrollo deportivo de los menores de la ciudad.<\/p>\n\n\n\n<p><\/p>\n\n\n\n<p>Por otra parte, este nuevo circuito clasificatorio tendr\u00e1 un <strong>hecho hist\u00f3rico para el p\u00e1del local,<\/strong> ya que una de las fechas del calendario se disputar\u00e1 en Olavarr\u00eda, lo que marcar\u00e1 la primera vez que la ciudad sea sede de una etapa de este tipo de competencia.<\/p>\n\n\n\n<p><\/p>\n\n\n\n<p><em>&#8220;Desde ACOP les desearon el mayor de los \u00e9xitos a los jugadores olavarrienses en esta experiencia deportiva que les permitir\u00e1 medirse con competidores de todo el pa\u00eds y continuar su crecimiento dentro del p\u00e1del&#8221; <\/em> cerraron. <\/p>\n\n\n\n<p><\/p>\n","protected":false},"excerpt":{"rendered":"<p>El certamen forma parte de una nueva liga clasificatoria rumbo a competencias internacionales de la categor\u00eda. Varios jugadores de la<\/p>\n","protected":false},"author":5,"featured_media":197374,"comment_status":"closed","ping_status":"closed","sticky":false,"template":"","format":"standard","meta":{"_jetpack_memberships_contains_paid_content":false,"footnotes":""},"categories":[5,1,55],"tags":[],"class_list":["post-197372","post","type-post","status-publish","format-standard","has-post-thumbnail","hentry","category-informacion-general","category-portada","category-tenis-padel"],"jetpack_featured_media_url":"https:\/\/i0.wp.com\/cdnoticias.com\/wp-content\/uploads\/2026\/03\/acop-.jpg?fit=900%2C506&ssl=1","jetpack_sharing_enabled":true,"_links":{"self":[{"href":"https:\/\/cdnoticias.com\/index.php\/wp-json\/wp\/v2\/posts\/197372","targetHints":{"allow":["GET"]}}],"collection":[{"href":"https:\/\/cdnoticias.com\/index.php\/wp-json\/wp\/v2\/posts"}],"about":[{"href":"https:\/\/cdnoticias.com\/index.php\/wp-json\/wp\/v2\/types\/post"}],"author":[{"embeddable":true,"href":"https:\/\/cdnoticias.com\/index.php\/wp-json\/wp\/v2\/users\/5"}],"replies":[{"embeddable":true,"href":"https:\/\/cdnoticias.com\/index.php\/wp-json\/wp\/v2\/comments?post=197372"}],"version-history":[{"count":0,"href":"https:\/\/cdnoticias.com\/index.php\/wp-json\/wp\/v2\/posts\/197372\/revisions"}],"wp:featuredmedia":[{"embeddable":true,"href":"https:\/\/cdnoticias.com\/index.php\/wp-json\/wp\/v2\/media\/197374"}],"wp:attachment":[{"href":"https:\/\/cdnoticias.com\/index.php\/wp-json\/wp\/v2\/media?parent=197372"}],"wp:term":[{"taxonomy":"category","embeddable":true,"href":"https:\/\/cdnoticias.com\/index.php\/wp-json\/wp\/v2\/categories?post=197372"},{"taxonomy":"post_tag","embeddable":true,"href":"https:\/\/cdnoticias.com\/index.php\/wp-json\/wp\/v2\/tags?post=197372"}],"curies":[{"name":"wp","href":"https:\/\/api.w.org\/{rel}","templated":true}]}}