{"id":197366,"date":"2026-03-12T13:45:48","date_gmt":"2026-03-12T16:45:48","guid":{"rendered":"https:\/\/cdnoticias.com\/?p=197366"},"modified":"2026-03-13T14:58:06","modified_gmt":"2026-03-13T17:58:06","slug":"geriatricos-hay-alrededor-de-45-hogares-que-no-estan-habilitados","status":"publish","type":"post","link":"https:\/\/cdnoticias.com\/index.php\/2026\/03\/12\/geriatricos-hay-alrededor-de-45-hogares-que-no-estan-habilitados\/","title":{"rendered":"Geri\u00e1tricos: \u201chay alrededor de 45 hogares que no est\u00e1n habilitados\u201d"},"content":{"rendered":"<p>Lo dijo la concejal Natalia \u00c1lvarez en el HCD cuando se debati\u00f3 un pedido de informe sobre las residencias de larga estad\u00eda para adultos mayores. Cruces del oficialismo con las bancadas opositoras.<!--more--><\/p>\n<hr \/>\n\n\n<p>Este jueves se desarroll\u00f3 la <strong>primera sesi\u00f3n ordinaria del HCD <\/strong>en la que se debati\u00f3 un <strong>pedido de informe sobre las residencias de larga estad\u00eda para adultos mayores<\/strong> originado puntualmente en el <strong>incendio que el <a href=\"https:\/\/cdnoticias.com\/index.php\/2026\/01\/06\/incendio-de-un-geriatrico-dos-fallecidos-y-37-heridos\/\" target=\"_blank\" rel=\"noreferrer noopener\">5 de enero afect\u00f3 al Hogar La Sabidur\u00eda<\/a> <\/strong>y que ocasion\u00f3 la<strong> muerte de 7 personas <\/strong>adem\u00e1s de decenas de afectados.<\/p>\n\n\n\n<p><\/p>\n\n\n\n<p>El proyecto fue presentado por <strong>Guillermina Amespil (Juntos por Olavarr\u00eda) <\/strong>y tuvo una primera <strong>respuesta de la concejal Natalia \u00c1lvarez (Uni\u00f3n por la Patria)<\/strong> quien puntualiz\u00f3 que <strong>\u201chay alrededor de 45 hogares que no est\u00e1n habilitados\u201d <\/strong>para, adem\u00e1s, dar cuenta del trabajo conjunto entre el Municipio y la Provincia.<\/p>\n\n\n\n<p><\/p>\n\n\n\n<blockquote class=\"wp-block-quote is-layout-flow wp-block-quote-is-layout-flow\">\n<p>La concejal resalt\u00f3 el programa municipal de acompa\u00f1amiento a estas instituciones y dijo que el Municipio \u201chace intervenciones en conjunto con Fiscalizaci\u00f3n Sanitaria de la provincia. Al d\u00eda de hoy ya se fiscalizaron todos los hogares de larga estad\u00eda que hay en Olavarr\u00eda. En muchos de ellos se pidieron regularizar algunas situaciones\u201d.<\/p>\n<\/blockquote>\n\n\n\n<p><\/p>\n\n\n\n<p>Acerca de la <strong>responsabilidad municipal<\/strong> en el caso del incendio del hogar La Sabidur\u00eda, \u00c1lvarez subray\u00f3 que la legislaci\u00f3n provincial vigente fija que<strong> \u201clas municipalidades tendr\u00e1n concurrencia de responsabilidad despu\u00e9s de la habilitaci\u00f3n\u201d.<\/strong><\/p>\n\n\n\n<p><\/p>\n\n\n\n<figure class=\"wp-block-image size-full\"><img data-recalc-dims=\"1\" loading=\"lazy\" decoding=\"async\" width=\"800\" height=\"445\" src=\"https:\/\/i0.wp.com\/cdnoticias.com\/wp-content\/uploads\/2026\/01\/incendio-geriatrico-la-sabiduria-02-clausura.jpg?resize=800%2C445&#038;ssl=1\" alt=\"\" class=\"wp-image-192452\" srcset=\"https:\/\/i0.wp.com\/cdnoticias.com\/wp-content\/uploads\/2026\/01\/incendio-geriatrico-la-sabiduria-02-clausura.jpg?w=1000&amp;ssl=1 1000w, https:\/\/i0.wp.com\/cdnoticias.com\/wp-content\/uploads\/2026\/01\/incendio-geriatrico-la-sabiduria-02-clausura.jpg?resize=300%2C167&amp;ssl=1 300w, https:\/\/i0.wp.com\/cdnoticias.com\/wp-content\/uploads\/2026\/01\/incendio-geriatrico-la-sabiduria-02-clausura.jpg?resize=768%2C427&amp;ssl=1 768w, https:\/\/i0.wp.com\/cdnoticias.com\/wp-content\/uploads\/2026\/01\/incendio-geriatrico-la-sabiduria-02-clausura.jpg?resize=800%2C445&amp;ssl=1 800w\" sizes=\"auto, (max-width: 800px) 100vw, 800px\" \/><\/figure>\n\n\n\n<p><\/p>\n\n\n\n<p>En tanto, desde los <strong>bloques Por M\u00e1s Libertad y La Libertad Avanza <\/strong>se anunci\u00f3 que trabajan en<strong> sendos proyectos de ordenanzas <\/strong>que buscan <strong>regularizar la condici\u00f3n de funcionamiento de los geri\u00e1tricos <\/strong>en Olavarr\u00eda. En ese marco, el concejal <strong>Marcelo Petehs <\/strong>sostuvo que <strong>\u201chace 30 a\u00f1os que venimos con el mismo problema\u201d<\/strong>.<\/p>\n\n\n\n<p><\/p>\n\n\n\n<p>La iniciativa, que termin\u00f3 <strong>aprobada por unanimidad<\/strong>, tuvo un <strong>extenso debate <\/strong>en el recinto con <strong>cruces entre los concejales del oficialismo y varios de bancadas opositoras<\/strong>. En ese marco, el <strong>presidente de Uni\u00f3n por la Patria, Federico Aguilera<\/strong>, se\u00f1al\u00f3 como<strong> \u201ccontradictorio\u201d<\/strong> que el sector libertario apuntara a aumentar la intervenci\u00f3n del Municipio: <strong>\u201cpedimos que se recorte el estado<\/strong>, le pedimos al estado municipal que quite las tasas, que no recaude, y por otro lado, le <strong>pedimos que ponga m\u00e1s personal y m\u00e1s programas que requieren recursos\u201d<\/strong> advirti\u00f3 en referencia al <a href=\"https:\/\/cdnoticias.com\/index.php\/2026\/03\/07\/lla-propuso-eliminar-derechos-de-construccion-y-reducir-tasas-a-pequenos-contribuyentes\/\" target=\"_blank\" rel=\"noreferrer noopener\">proyecto presentado d\u00edas pasados desde LLA<\/a>.<\/p>\n\n\n\n<p><\/p>\n\n\n\n<h2 class=\"wp-block-heading\">El pedido de informe<\/h2>\n\n\n\n<p><\/p>\n\n\n\n<blockquote class=\"wp-block-quote is-layout-flow wp-block-quote-is-layout-flow\">\n<p>Los bloques Pro y Juntos por Olavarr\u00eda impulsaron el pedido de informe. La concejal Amespil fue la vocera de la iniciativa este jueves en el recinto donde mantuvo un tono de mesura en su intervenci\u00f3n. Calific\u00f3 de \u201csiniestro muy lamentable\u201d lo sucedido en la noche del 5 de enero y apunt\u00f3 a que \u201cseguimos sin poder regularizar los geri\u00e1tricos en la provincia de Buenos Aires. No es un llamado de atenci\u00f3n sino un tenemos que seguir trabajando fuertemente\u201d.<\/p>\n<\/blockquote>\n\n\n\n<p><\/p>\n\n\n\n<figure class=\"wp-block-image size-full\"><img data-recalc-dims=\"1\" loading=\"lazy\" decoding=\"async\" width=\"800\" height=\"445\" src=\"https:\/\/i0.wp.com\/cdnoticias.com\/wp-content\/uploads\/2026\/03\/HCD-guillermina-amespil-2026-a.jpg?resize=800%2C445&#038;ssl=1\" alt=\"\" class=\"wp-image-197370\" srcset=\"https:\/\/i0.wp.com\/cdnoticias.com\/wp-content\/uploads\/2026\/03\/HCD-guillermina-amespil-2026-a.jpg?w=1000&amp;ssl=1 1000w, https:\/\/i0.wp.com\/cdnoticias.com\/wp-content\/uploads\/2026\/03\/HCD-guillermina-amespil-2026-a.jpg?resize=300%2C167&amp;ssl=1 300w, https:\/\/i0.wp.com\/cdnoticias.com\/wp-content\/uploads\/2026\/03\/HCD-guillermina-amespil-2026-a.jpg?resize=768%2C427&amp;ssl=1 768w, https:\/\/i0.wp.com\/cdnoticias.com\/wp-content\/uploads\/2026\/03\/HCD-guillermina-amespil-2026-a.jpg?resize=800%2C445&amp;ssl=1 800w\" sizes=\"auto, (max-width: 800px) 100vw, 800px\" \/><\/figure>\n\n\n\n<p><\/p>\n\n\n\n<p>Record\u00f3 que <strong>durante 2025 desde el HCD se impulsaron dos pedidos de informe<\/strong> sobre la situaci\u00f3n de los geri\u00e1tricos y que la respuesta del Ejecutivo fue comentar el programa de acompa\u00f1amiento que se desarrollaba. \u201cAcompa\u00f1amiento que siempre hubo. Me parece que no hay que ser mezquinos porque es una tem\u00e1tica tan larga y sin embargo <strong>los gobiernos que hemos ido pasando no terminamos de poder solucionarlo ni regularizarlo<\/strong>. Tarde o temprano terminamos diciendo que es una cuesti\u00f3n de Provincia. Y no, los abuelos son nuestros, las familias son nuestras\u201d consider\u00f3.<\/p>\n\n\n\n<p><\/p>\n\n\n\n<p>Amespil plante\u00f3 <strong>\u201cevaluemos la posibilidad de que el Municipio se haga cargo\u201d <\/strong>para afirmar que \u201cno haci\u00e9ndonos cargo no va a dejar de pasar. Es una cuesti\u00f3n de madurez institucional que todos nos hagamos cargo\u201d.<\/p>\n\n\n\n<p><\/p>\n\n\n\n<p>El pedido de informe que ley\u00f3 en el recinto incluy\u00f3 puntos sobre el <strong>funcionamiento del Hogar La Sabidur\u00eda<\/strong> y la intervenci\u00f3n municipal, sobre <strong>la labor del Municipio en el hecho del 5 de enero <\/strong>y sus consecuencias, y tambi\u00e9n sobre las<strong> inspecciones realizadas<\/strong> a las residencias en los \u00faltimos dos a\u00f1os.<\/p>\n\n\n\n<p><\/p>\n\n\n\n<figure class=\"wp-block-image size-large\"><img data-recalc-dims=\"1\" loading=\"lazy\" decoding=\"async\" width=\"800\" height=\"450\" src=\"https:\/\/i0.wp.com\/cdnoticias.com\/wp-content\/uploads\/2026\/01\/incendio-geriatrico.jpg?resize=800%2C450&#038;ssl=1\" alt=\"\" class=\"wp-image-192184\" srcset=\"https:\/\/i0.wp.com\/cdnoticias.com\/wp-content\/uploads\/2026\/01\/incendio-geriatrico.jpg?resize=1024%2C576&amp;ssl=1 1024w, https:\/\/i0.wp.com\/cdnoticias.com\/wp-content\/uploads\/2026\/01\/incendio-geriatrico.jpg?resize=300%2C169&amp;ssl=1 300w, https:\/\/i0.wp.com\/cdnoticias.com\/wp-content\/uploads\/2026\/01\/incendio-geriatrico.jpg?resize=768%2C432&amp;ssl=1 768w, https:\/\/i0.wp.com\/cdnoticias.com\/wp-content\/uploads\/2026\/01\/incendio-geriatrico.jpg?resize=1536%2C864&amp;ssl=1 1536w, https:\/\/i0.wp.com\/cdnoticias.com\/wp-content\/uploads\/2026\/01\/incendio-geriatrico.jpg?w=1920&amp;ssl=1 1920w, https:\/\/i0.wp.com\/cdnoticias.com\/wp-content\/uploads\/2026\/01\/incendio-geriatrico.jpg?w=1600&amp;ssl=1 1600w\" sizes=\"auto, (max-width: 800px) 100vw, 800px\" \/><\/figure>\n\n\n\n<p><\/p>\n\n\n\n<p>A continuaci\u00f3n, el <strong>concejal Marcelo Petehs (Por M\u00e1s Libertad) <\/strong>indic\u00f3 que \u201cme ha tocado participar en el acompa\u00f1amiento municipal en otras gestiones\u201d de este tipo de instituciones y subray\u00f3 que hace 3 d\u00e9cadas que es sostenida la problem\u00e1tica de la habilitaci\u00f3n y las condiciones de funcionamiento de los geri\u00e1tricos. Cit\u00f3 al ministro de salud provincial para indicar que <strong>\u201cKreplak admiti\u00f3 que el 90% de las residencias no est\u00e1n habilitadas en la provincia\u201d<\/strong>.<\/p>\n\n\n\n<p><\/p>\n\n\n\n<p>En su interpretaci\u00f3n, hay una \u201cincongruencia legal\u201d ante la que <strong>\u201cdesde nuestro bloque estamos elaborando un proyecto para esa regulaci\u00f3n municipal que falta\u201d<\/strong>. \u201cSi nos quedamos esperando la famosa habilitaci\u00f3n provincial que, dados los requisitos, es inalcanzable vamos a seguir teniendo problemas\u201d sintetiz\u00f3.<\/p>\n\n\n\n<p><\/p>\n\n\n\n<h2 class=\"wp-block-heading\">El programa municipal<\/h2>\n\n\n\n<p><\/p>\n\n\n\n<p><strong>Natalia \u00c1lvarez <\/strong>fue la encargada de responder por el oficialismo. \u201cSi hay algo que tenemos todos en com\u00fan es que <strong>la tragedia nos convoca a la reflexi\u00f3n y a ver c\u00f3mo resolvemos este tema\u201d<\/strong> dijo.<\/p>\n\n\n\n<p><\/p>\n\n\n\n<figure class=\"wp-block-image size-full\"><img data-recalc-dims=\"1\" loading=\"lazy\" decoding=\"async\" width=\"800\" height=\"446\" src=\"https:\/\/i0.wp.com\/cdnoticias.com\/wp-content\/uploads\/2026\/03\/HCD-2026-sesion-a.jpg?resize=800%2C446&#038;ssl=1\" alt=\"\" class=\"wp-image-197369\" srcset=\"https:\/\/i0.wp.com\/cdnoticias.com\/wp-content\/uploads\/2026\/03\/HCD-2026-sesion-a.jpg?w=1000&amp;ssl=1 1000w, https:\/\/i0.wp.com\/cdnoticias.com\/wp-content\/uploads\/2026\/03\/HCD-2026-sesion-a.jpg?resize=300%2C167&amp;ssl=1 300w, https:\/\/i0.wp.com\/cdnoticias.com\/wp-content\/uploads\/2026\/03\/HCD-2026-sesion-a.jpg?resize=768%2C428&amp;ssl=1 768w, https:\/\/i0.wp.com\/cdnoticias.com\/wp-content\/uploads\/2026\/03\/HCD-2026-sesion-a.jpg?resize=800%2C445&amp;ssl=1 800w\" sizes=\"auto, (max-width: 800px) 100vw, 800px\" \/><\/figure>\n\n\n\n<p><\/p>\n\n\n\n<p>Reiter\u00f3 lo que se hab\u00eda informado tras el incendio en La Sabidur\u00eda: <strong>\u201cesta residencia no ten\u00eda habilitaci\u00f3n y eso es un problema\u201d <\/strong>para luego contar sobre el Programa Integral de Residencias de Larga Estad\u00eda. No obstante, el rol provincial establecido en la legislaci\u00f3n vigente es claro:<strong> \u201clas inspecciones quedan en manos de provincia\u201d <\/strong>subray\u00f3 para luego contar las acciones impulsadas desde el Municipio.<\/p>\n\n\n\n<p><\/p>\n\n\n\n<blockquote class=\"wp-block-quote is-layout-flow wp-block-quote-is-layout-flow\">\n<p>\u201cEste hogar no estaba habilitado y no es el \u00fanico, hay alrededor de 45 hogares que no est\u00e1n habilitados y que congregan a alrededor de 500 adultos mayores quienes necesitan estos hogares\u201d dijo. A continuaci\u00f3n se refiri\u00f3 al trabajo conjunto con Fiscalizaci\u00f3n Sanitaria de la Provincia de Buenos Aires y, tras exponer las visitas a \u201ctodos los hogares\u201d de Olavarr\u00eda indic\u00f3 que se pidieron mejoras en algunos de ellos. \u201cSe pidieron regularizar algunas situaciones, subsanarlas en una primera instancia y desde el Municipio se ayuda en esa tarea. De no subsanarlas se procede a una clausura preventiva y un siguiente paso es la clausura definitiva\u201d dijo.<\/p>\n<\/blockquote>\n\n\n\n<p><\/p>\n\n\n\n<p>Luego remarc\u00f3 los l\u00edmites de la intervenci\u00f3n municipal fijados por Ley 14.263 que regula a este tipo de instituciones. \u201cFija que las municipalidades tendr\u00e1n concurrencia de responsabilidad despu\u00e9s de la habilitaci\u00f3n, no antes: no quiere decir que la Municipalidad se saque el sayo sobre el tema, de hecho hay un programa para mejorar esta situaci\u00f3n en la que viven nuestros vecinos. <strong>La cuesti\u00f3n es que la concurrencia de responsabilidad es posterior a la habilitaci\u00f3n\u201d.<\/strong><\/p>\n\n\n\n<p><\/p>\n\n\n\n<h2 class=\"wp-block-heading\">Los cruces<\/h2>\n\n\n\n<p><\/p>\n\n\n\n<p><strong>Amespil <\/strong>pidi\u00f3 intervenir para responder a \u00c1lvarez y a\u00f1adi\u00f3 <strong>\u201cque cada uno hable con su cuerpo de diputados y senadores. Transmit\u00e1mosle la urgencia\u201d <\/strong>de modificar la legislaci\u00f3n provincial para avanzar en las habilitaciones de residencias.<\/p>\n\n\n\n<p><\/p>\n\n\n\n<figure class=\"wp-block-image size-full\"><img data-recalc-dims=\"1\" loading=\"lazy\" decoding=\"async\" width=\"800\" height=\"445\" src=\"https:\/\/i0.wp.com\/cdnoticias.com\/wp-content\/uploads\/2026\/03\/HCD-federico-aguilera-2026-a.jpg?resize=800%2C445&#038;ssl=1\" alt=\"\" class=\"wp-image-197367\" srcset=\"https:\/\/i0.wp.com\/cdnoticias.com\/wp-content\/uploads\/2026\/03\/HCD-federico-aguilera-2026-a.jpg?w=1000&amp;ssl=1 1000w, https:\/\/i0.wp.com\/cdnoticias.com\/wp-content\/uploads\/2026\/03\/HCD-federico-aguilera-2026-a.jpg?resize=300%2C167&amp;ssl=1 300w, https:\/\/i0.wp.com\/cdnoticias.com\/wp-content\/uploads\/2026\/03\/HCD-federico-aguilera-2026-a.jpg?resize=768%2C427&amp;ssl=1 768w, https:\/\/i0.wp.com\/cdnoticias.com\/wp-content\/uploads\/2026\/03\/HCD-federico-aguilera-2026-a.jpg?resize=800%2C445&amp;ssl=1 800w\" sizes=\"auto, (max-width: 800px) 100vw, 800px\" \/><\/figure>\n\n\n\n<p><\/p>\n\n\n\n<p><strong>Luc\u00eda Palacios (Uni\u00f3n por la Patria) <\/strong>apunt\u00f3 doble. Cuestion\u00f3 a la gesti\u00f3n municipal anterior y tambi\u00e9n apunt\u00f3 contra los medidas libertarias al se\u00f1alar que<strong> \u201cocho a\u00f1os fueron gesti\u00f3n y ahora con un tono acogedor piden un estado que alcance. \u00bfQu\u00e9 estado va alcanzar si est\u00e1n a favor del ajuste?<\/strong> Gente que banca a Bullrich, mayor ajuste que el que ella hizo en los distintos gobiernos no hay. Estamos a favor de trabajar, pero que la soluci\u00f3n sean pedidos de informe me parece liviano\u201d.<\/p>\n\n\n\n<p><\/p>\n\n\n\n<p><strong>Guillermo Lascano<\/strong> (La Libertad Avanza) y <strong>Adela Casamayor <\/strong>(Por M\u00e1s Libertad) intervinieron tambi\u00e9n para cuestionar al oficialismo.<\/p>\n\n\n\n<p><\/p>\n\n\n\n<p>El cierre fue de <strong>Aguilera<\/strong> quien cuestion\u00f3 por &#8220;mezquindad pol\u00edtica&#8221; a una <a href=\"https:\/\/cdnoticias.com\/index.php\/2026\/01\/07\/incendio-en-el-hogar-la-sabiduria-pedidos-de-informes-a-kicillof-y-a-wesner\/\" target=\"_blank\" rel=\"noreferrer noopener\">presentaci\u00f3n del diputado provincial Mart\u00edn Endere (PRO)<\/a> pidi\u00f3 \u201cuna charla sincera\u201d al exponer la \u201ccontradicci\u00f3n\u201d de La Libertad Avanza. <strong>\u201cLa voluntad de di\u00e1logo y trabajo conjunto no tiene que ser meramente enunciativa, <\/strong>necesita coherencia entre lo que se dice y lo que se propone\u201d sostuvo.<\/p>\n\n\n\n<p><\/p>\n","protected":false},"excerpt":{"rendered":"<p>Lo dijo la concejal Natalia \u00c1lvarez en el HCD cuando se debati\u00f3 un pedido de informe sobre las residencias de<\/p>\n","protected":false},"author":4,"featured_media":197368,"comment_status":"closed","ping_status":"closed","sticky":false,"template":"","format":"standard","meta":{"_jetpack_memberships_contains_paid_content":false,"footnotes":""},"categories":[4,1],"tags":[],"class_list":["post-197366","post","type-post","status-publish","format-standard","has-post-thumbnail","hentry","category-politica","category-portada"],"jetpack_featured_media_url":"https:\/\/i0.wp.com\/cdnoticias.com\/wp-content\/uploads\/2026\/03\/HCD-natalia-alvarez-2026-a.jpg?fit=1000%2C556&ssl=1","jetpack_sharing_enabled":true,"_links":{"self":[{"href":"https:\/\/cdnoticias.com\/index.php\/wp-json\/wp\/v2\/posts\/197366","targetHints":{"allow":["GET"]}}],"collection":[{"href":"https:\/\/cdnoticias.com\/index.php\/wp-json\/wp\/v2\/posts"}],"about":[{"href":"https:\/\/cdnoticias.com\/index.php\/wp-json\/wp\/v2\/types\/post"}],"author":[{"embeddable":true,"href":"https:\/\/cdnoticias.com\/index.php\/wp-json\/wp\/v2\/users\/4"}],"replies":[{"embeddable":true,"href":"https:\/\/cdnoticias.com\/index.php\/wp-json\/wp\/v2\/comments?post=197366"}],"version-history":[{"count":0,"href":"https:\/\/cdnoticias.com\/index.php\/wp-json\/wp\/v2\/posts\/197366\/revisions"}],"wp:featuredmedia":[{"embeddable":true,"href":"https:\/\/cdnoticias.com\/index.php\/wp-json\/wp\/v2\/media\/197368"}],"wp:attachment":[{"href":"https:\/\/cdnoticias.com\/index.php\/wp-json\/wp\/v2\/media?parent=197366"}],"wp:term":[{"taxonomy":"category","embeddable":true,"href":"https:\/\/cdnoticias.com\/index.php\/wp-json\/wp\/v2\/categories?post=197366"},{"taxonomy":"post_tag","embeddable":true,"href":"https:\/\/cdnoticias.com\/index.php\/wp-json\/wp\/v2\/tags?post=197366"}],"curies":[{"name":"wp","href":"https:\/\/api.w.org\/{rel}","templated":true}]}}