{"id":197359,"date":"2026-03-12T09:57:51","date_gmt":"2026-03-12T12:57:51","guid":{"rendered":"https:\/\/cdnoticias.com\/?p=197359"},"modified":"2026-03-12T13:46:23","modified_gmt":"2026-03-12T16:46:23","slug":"mesa-de-transporte-las-empresas-pidieron-aumento-de-tarifa-con-eje-en-la-suba-de-combustibles","status":"publish","type":"post","link":"https:\/\/cdnoticias.com\/index.php\/2026\/03\/12\/mesa-de-transporte-las-empresas-pidieron-aumento-de-tarifa-con-eje-en-la-suba-de-combustibles\/","title":{"rendered":"Mesa de Transporte: las empresas pidieron aumento de tarifa con eje en la suba de combustibles"},"content":{"rendered":"<p>Este mi\u00e9rcoles se dio a conocer una nueva reuni\u00f3n. Seg\u00fan se inform\u00f3, los representantes de las empresas \u201cexpusieron cifras vinculadas a la estructura de costos\u201d.<!--more--><\/p>\n<hr \/>\n<p>\u00a0<\/p>\n\n\n<p>En la jornada de este mi\u00e9rcoles se llev\u00f3 a cabo en el Sal\u00f3n Blanco del Palacio Municipal un <strong>encuentro de la Mesa de Transporte <\/strong>en el que las <strong>empresas <\/strong>que prestan los servicios urbano e interurbano expusieron un <strong>pedido de suba tarifaria<\/strong>.<\/p>\n\n\n\n<p><\/p>\n\n\n\n<p>El encuentro cont\u00f3 con la participaci\u00f3n de la<strong> secretar\u00eda de Econom\u00eda y Hacienda del Municipio, Eugenia Bezzoni<\/strong>. Adem\u00e1s, estuvo presente el <strong>presidente del Concejo Deliberante Guillermo Santell\u00e1n <\/strong>y los ediles <strong>Federico Aguilera, Francisco Gonz\u00e1lez, Marcelo Pethes e Hilario Galli<\/strong>, adem\u00e1s de <strong>representantes gremiales<\/strong> y referentes de las <strong>firmas Tu Bus y Las Sierras<\/strong>, concesionarias de los servicios urbano e interurbano de transporte de pasajeros respectivamente.<\/p>\n\n\n\n<p><\/p>\n\n\n\n<blockquote class=\"wp-block-quote is-layout-flow wp-block-quote-is-layout-flow\">\n<p>\u201cDesde las empresas se llev\u00f3 a cabo la presentaci\u00f3n de informes en los que expusieron cifras vinculadas a la estructura de costos de la actividad, que fueron utilizadas luego para argumentar sendos pedidos de ajuste en las tarifas\u201d se inform\u00f3 desde el Municipio sin detallar cu\u00e1les fueron los porcentajes solicitados por cada transportista.<\/p>\n<\/blockquote>\n\n\n\n<p><\/p>\n\n\n\n<figure class=\"wp-block-image size-full\"><img data-recalc-dims=\"1\" loading=\"lazy\" decoding=\"async\" width=\"800\" height=\"445\" src=\"https:\/\/i0.wp.com\/cdnoticias.com\/wp-content\/uploads\/2026\/03\/mesa-de-transporte-2026-b-empresas.jpg?resize=800%2C445&#038;ssl=1\" alt=\"\" class=\"wp-image-197362\" srcset=\"https:\/\/i0.wp.com\/cdnoticias.com\/wp-content\/uploads\/2026\/03\/mesa-de-transporte-2026-b-empresas.jpg?w=1000&amp;ssl=1 1000w, https:\/\/i0.wp.com\/cdnoticias.com\/wp-content\/uploads\/2026\/03\/mesa-de-transporte-2026-b-empresas.jpg?resize=300%2C167&amp;ssl=1 300w, https:\/\/i0.wp.com\/cdnoticias.com\/wp-content\/uploads\/2026\/03\/mesa-de-transporte-2026-b-empresas.jpg?resize=768%2C427&amp;ssl=1 768w, https:\/\/i0.wp.com\/cdnoticias.com\/wp-content\/uploads\/2026\/03\/mesa-de-transporte-2026-b-empresas.jpg?resize=800%2C445&amp;ssl=1 800w\" sizes=\"auto, (max-width: 800px) 100vw, 800px\" \/><\/figure>\n\n\n\n<p><\/p>\n\n\n\n<p>Se explic\u00f3 que el pedido qued\u00f3 fundamentado \u201ca partir del <strong>incremento en insumos clave<\/strong> que hacen al sostenimiento del servicio, como lo son el <strong>combustible o autopartes<\/strong>, como as\u00ed tambi\u00e9n otros factores como lo es la <strong>actualizaci\u00f3n paritaria de las y los trabajadores<\/strong>\u201d.<\/p>\n\n\n\n<p><\/p>\n\n\n\n<blockquote class=\"wp-block-quote is-layout-flow wp-block-quote-is-layout-flow\">\n<p>Adem\u00e1s, se abord\u00f3 puntualmente la situaci\u00f3n del precio de combustible. Los empresarios apuntaron a \u201clos sucesivos aumentos que se han registrado en los \u00faltimos meses, lo que han configurado un escenario sumamente complejo, pero tambi\u00e9n de mucha incertidumbre y preocupaci\u00f3n\u201d.<\/p>\n<\/blockquote>\n\n\n\n<p><\/p>\n\n\n\n<figure class=\"wp-block-image size-full\"><img data-recalc-dims=\"1\" loading=\"lazy\" decoding=\"async\" width=\"800\" height=\"445\" src=\"https:\/\/i0.wp.com\/cdnoticias.com\/wp-content\/uploads\/2026\/03\/mesa-de-transporte-2026-c.jpg?resize=800%2C445&#038;ssl=1\" alt=\"\" class=\"wp-image-197360\" srcset=\"https:\/\/i0.wp.com\/cdnoticias.com\/wp-content\/uploads\/2026\/03\/mesa-de-transporte-2026-c.jpg?w=1000&amp;ssl=1 1000w, https:\/\/i0.wp.com\/cdnoticias.com\/wp-content\/uploads\/2026\/03\/mesa-de-transporte-2026-c.jpg?resize=300%2C167&amp;ssl=1 300w, https:\/\/i0.wp.com\/cdnoticias.com\/wp-content\/uploads\/2026\/03\/mesa-de-transporte-2026-c.jpg?resize=768%2C427&amp;ssl=1 768w, https:\/\/i0.wp.com\/cdnoticias.com\/wp-content\/uploads\/2026\/03\/mesa-de-transporte-2026-c.jpg?resize=800%2C445&amp;ssl=1 800w\" sizes=\"auto, (max-width: 800px) 100vw, 800px\" \/><\/figure>\n\n\n\n<p><\/p>\n\n\n\n<p>Posteriormente,<strong> los ediles presentes realizaron consultas <\/strong>e incluso acercaron <strong>reclamos e inquietudes realizadas por usuarios<\/strong>, adem\u00e1s del <strong>compromiso de llevar la discusi\u00f3n al recinto del HCD<\/strong>.<\/p>\n\n\n\n<p><\/p>\n\n\n\n<p>El Municipio record\u00f3 que la Mesa de Transporte es un <strong>espacio de di\u00e1logo y trabajo conjunto <\/strong>para abordar de manera articulada la situaci\u00f3n del servicio de transporte p\u00fablico de pasajeros, con el objetivo de poder garantizar a personas usuarias un servicio acorde, y a la par, acompa\u00f1ar las necesidades de trabajadores del sector.<\/p>\n\n\n\n<p><\/p>\n","protected":false},"excerpt":{"rendered":"<p>Este mi\u00e9rcoles se dio a conocer una nueva reuni\u00f3n. Seg\u00fan se inform\u00f3, los representantes de las empresas \u201cexpusieron cifras vinculadas<\/p>\n","protected":false},"author":4,"featured_media":197361,"comment_status":"closed","ping_status":"closed","sticky":false,"template":"","format":"standard","meta":{"_jetpack_memberships_contains_paid_content":false,"footnotes":""},"categories":[5,1],"tags":[],"class_list":["post-197359","post","type-post","status-publish","format-standard","has-post-thumbnail","hentry","category-informacion-general","category-portada"],"jetpack_featured_media_url":"https:\/\/i0.wp.com\/cdnoticias.com\/wp-content\/uploads\/2026\/03\/mesa-de-transporte-2026-a.jpg?fit=1000%2C556&ssl=1","jetpack_sharing_enabled":true,"_links":{"self":[{"href":"https:\/\/cdnoticias.com\/index.php\/wp-json\/wp\/v2\/posts\/197359","targetHints":{"allow":["GET"]}}],"collection":[{"href":"https:\/\/cdnoticias.com\/index.php\/wp-json\/wp\/v2\/posts"}],"about":[{"href":"https:\/\/cdnoticias.com\/index.php\/wp-json\/wp\/v2\/types\/post"}],"author":[{"embeddable":true,"href":"https:\/\/cdnoticias.com\/index.php\/wp-json\/wp\/v2\/users\/4"}],"replies":[{"embeddable":true,"href":"https:\/\/cdnoticias.com\/index.php\/wp-json\/wp\/v2\/comments?post=197359"}],"version-history":[{"count":0,"href":"https:\/\/cdnoticias.com\/index.php\/wp-json\/wp\/v2\/posts\/197359\/revisions"}],"wp:featuredmedia":[{"embeddable":true,"href":"https:\/\/cdnoticias.com\/index.php\/wp-json\/wp\/v2\/media\/197361"}],"wp:attachment":[{"href":"https:\/\/cdnoticias.com\/index.php\/wp-json\/wp\/v2\/media?parent=197359"}],"wp:term":[{"taxonomy":"category","embeddable":true,"href":"https:\/\/cdnoticias.com\/index.php\/wp-json\/wp\/v2\/categories?post=197359"},{"taxonomy":"post_tag","embeddable":true,"href":"https:\/\/cdnoticias.com\/index.php\/wp-json\/wp\/v2\/tags?post=197359"}],"curies":[{"name":"wp","href":"https:\/\/api.w.org\/{rel}","templated":true}]}}