{"id":197354,"date":"2026-03-12T12:18:00","date_gmt":"2026-03-12T15:18:00","guid":{"rendered":"https:\/\/cdnoticias.com\/?p=197354"},"modified":"2026-03-12T12:18:02","modified_gmt":"2026-03-12T15:18:02","slug":"se-despide-un-historico-del-sindicalismo-docente-bonaerense-baradel-dejara-de-ser-titular-de-suteba","status":"publish","type":"post","link":"https:\/\/cdnoticias.com\/index.php\/2026\/03\/12\/se-despide-un-historico-del-sindicalismo-docente-bonaerense-baradel-dejara-de-ser-titular-de-suteba\/","title":{"rendered":"Se despide un hist\u00f3rico del sindicalismo docente bonaerense: Baradel dejar\u00e1 de ser titular de SUTEBA"},"content":{"rendered":"<p>Sobre su decisi\u00f3n, indic\u00f3: \u201cFortalece a la organizaci\u00f3n y le da continuidad en el tiempo; los sindicatos son parte de una construcci\u00f3n colectiva y no patrimonio de los dirigentes\u201d.<!--more--><\/p>\n<hr \/>\n<p>\u00a0<\/p>\n\n\n<p>El <strong>hist\u00f3rico titular de SUTEBA <\/strong>(Sindicato Unificado de los Trabajadores de la Educaci\u00f3n de la Provincia de Buenos Aires), <strong>Roberto Baradel<\/strong>, <strong>dejar\u00e1 de conducir <\/strong>el gremio tras <strong>20 a\u00f1os de labor.<\/strong><\/p>\n\n\n\n<p><\/p>\n\n\n\n<blockquote class=\"wp-block-quote is-layout-flow wp-block-quote-is-layout-flow\">\n<p>Seg\u00fan precis\u00f3 el diario El D\u00eda de La Plata, Baradel no se presentar\u00e1 en las pr\u00f3ximas elecciones sindicales que se realizar\u00e1n en mayo. En esa l\u00ednea, sobre su decisi\u00f3n, indic\u00f3: \u201cFortalece a la organizaci\u00f3n y le da continuidad en el tiempo; los sindicatos son parte de una construcci\u00f3n colectiva y no patrimonio de los dirigentes\u201d.<\/p>\n<\/blockquote>\n\n\n\n<p><\/p>\n\n\n\n<p>En tanto, en los pr\u00f3ximos comicios del gremio, <strong>encabezar\u00e1 la lista del oficialismo Mar\u00eda Laura Torre<\/strong>, actual Secretaria Adjunta de SUTEBA. Las<strong> elecciones <\/strong>ser\u00e1n el pr\u00f3ximo <strong>13 de mayo<\/strong> y la asunci\u00f3n de cargos el 23 de mayo.<\/p>\n\n\n\n<p><\/p>\n\n\n\n<p>Oriundo de la localidad bonaerense de Lan\u00fas, en su juventud, Baradel milit\u00f3 en el centro de estudiantes del Colegio Nacional \u201cLuis Piedra Buena\u201d, donde estudi\u00f3 entre 1980 y 1984.<\/p>\n\n\n\n<p><\/p>\n\n\n\n<p>Empez\u00f3 la <strong>carrera de biolog\u00eda<\/strong> en la UBA y, m\u00e1s tarde, <strong>se recibi\u00f3 de abogado<\/strong> en la Universidad nacional de Lomas de Zamora, en 1995. <strong>Trabaj\u00f3 como preceptor <\/strong>y su vinculaci\u00f3n a SUTEBA comenz\u00f3 <strong>en 1991<\/strong>, en la sede gremial de <strong>Lan\u00fas.<\/strong><\/p>\n\n\n\n<p><\/p>\n\n\n\n<blockquote class=\"wp-block-quote is-layout-flow wp-block-quote-is-layout-flow\">\n<p>Estuvo al frente del sindicato docente desde mayo de 2004.<\/p>\n<\/blockquote>\n\n\n\n<p><\/p>\n\n\n\n<p>Fuente: <em>Agencia DIB<\/em><\/p>\n\n\n\n<p><\/p>\n","protected":false},"excerpt":{"rendered":"<p>Sobre su decisi\u00f3n, indic\u00f3: \u201cFortalece a la organizaci\u00f3n y le da continuidad en el tiempo; los sindicatos son parte de<\/p>\n","protected":false},"author":4,"featured_media":197355,"comment_status":"closed","ping_status":"closed","sticky":false,"template":"","format":"standard","meta":{"_jetpack_memberships_contains_paid_content":false,"footnotes":""},"categories":[6,1],"tags":[],"class_list":["post-197354","post","type-post","status-publish","format-standard","has-post-thumbnail","hentry","category-nacionales","category-portada"],"jetpack_featured_media_url":"https:\/\/i0.wp.com\/cdnoticias.com\/wp-content\/uploads\/2026\/03\/roberto-baradell.jpg?fit=1000%2C649&ssl=1","jetpack_sharing_enabled":true,"_links":{"self":[{"href":"https:\/\/cdnoticias.com\/index.php\/wp-json\/wp\/v2\/posts\/197354","targetHints":{"allow":["GET"]}}],"collection":[{"href":"https:\/\/cdnoticias.com\/index.php\/wp-json\/wp\/v2\/posts"}],"about":[{"href":"https:\/\/cdnoticias.com\/index.php\/wp-json\/wp\/v2\/types\/post"}],"author":[{"embeddable":true,"href":"https:\/\/cdnoticias.com\/index.php\/wp-json\/wp\/v2\/users\/4"}],"replies":[{"embeddable":true,"href":"https:\/\/cdnoticias.com\/index.php\/wp-json\/wp\/v2\/comments?post=197354"}],"version-history":[{"count":0,"href":"https:\/\/cdnoticias.com\/index.php\/wp-json\/wp\/v2\/posts\/197354\/revisions"}],"wp:featuredmedia":[{"embeddable":true,"href":"https:\/\/cdnoticias.com\/index.php\/wp-json\/wp\/v2\/media\/197355"}],"wp:attachment":[{"href":"https:\/\/cdnoticias.com\/index.php\/wp-json\/wp\/v2\/media?parent=197354"}],"wp:term":[{"taxonomy":"category","embeddable":true,"href":"https:\/\/cdnoticias.com\/index.php\/wp-json\/wp\/v2\/categories?post=197354"},{"taxonomy":"post_tag","embeddable":true,"href":"https:\/\/cdnoticias.com\/index.php\/wp-json\/wp\/v2\/tags?post=197354"}],"curies":[{"name":"wp","href":"https:\/\/api.w.org\/{rel}","templated":true}]}}