{"id":197351,"date":"2026-03-12T08:56:21","date_gmt":"2026-03-12T11:56:21","guid":{"rendered":"https:\/\/cdnoticias.com\/?p=197351"},"modified":"2026-03-12T08:56:23","modified_gmt":"2026-03-12T11:56:23","slug":"datos-oficiales-del-municipio-mar-del-plata-tuvo-la-peor-temporada-turistica-desde-la-pandemia","status":"publish","type":"post","link":"https:\/\/cdnoticias.com\/index.php\/2026\/03\/12\/datos-oficiales-del-municipio-mar-del-plata-tuvo-la-peor-temporada-turistica-desde-la-pandemia\/","title":{"rendered":"Datos oficiales del municipio: Mar del Plata tuvo la peor temporada tur\u00edstica desde la pandemia"},"content":{"rendered":"\n<p>La ciudad registr\u00f3 una ca\u00edda interanual del 3,7% en arribos. La ocupaci\u00f3n promedio del verano fue de apenas 50,7%.<\/p>\n\n\n\n<hr class=\"wp-block-separator has-alpha-channel-opacity\"\/>\n\n\n\n<p>Datos oficiales del municipio de General Pueyrred\u00f3n indican que <strong>Mar del Plata atraves\u00f3 la peor temporada tur\u00edstica desde la pandemia de Covid-19, con una ca\u00edda interanual del 3,7% <\/strong>en la cantidad de visitantes durante el verano.<\/p>\n\n\n\n<p><\/p>\n\n\n\n<p>De acuerdo con informaci\u00f3n difundida por el Ente Municipal de Turismo y Cultura (Emturyc), <strong>entre el 1\u00ba de diciembre y el 28 de febrero la ciudad registr\u00f3 3.141.427 arribos, por debajo de los 3.263.727 contabilizados en la temporada 2024\/2025.<\/strong> En ese per\u00edodo, la ocupaci\u00f3n promedio global del verano alcanz\u00f3 apenas el 50,7%.<\/p>\n\n\n\n<p><\/p>\n\n\n\n<p>En el desglose mensual,<strong> diciembre recibi\u00f3 805.811 visitantes, lo que represent\u00f3 una baja interanual del 2,1%.<\/strong> En <strong>enero llegaron 1.280.524 turistas,<\/strong> un 7,1% menos que en el mismo mes de la temporada anterior. En <strong>febrero la ca\u00edda fue menor, impulsada en parte por los feriados de Carnaval: se registraron 1.055.137 <\/strong>visitantes, un descenso del 0,7% respecto del mismo per\u00edodo de 2024\/2025.<\/p>\n\n\n\n<p><\/p>\n\n\n\n<blockquote class=\"wp-block-quote is-layout-flow wp-block-quote-is-layout-flow\">\n<p>Los datos muestran que se trata de los registros m\u00e1s bajos desde la temporada 2020\/2021, cuando el turismo estuvo condicionado por las restricciones de la pandemia y se contabilizaron 2.231.660 arribos.<\/p>\n<\/blockquote>\n\n\n\n<p><\/p>\n\n\n\n<p>En cuanto al tipo de alojamiento elegido por los visitantes durante el verano, predomin\u00f3 la <strong>vivienda propia con el 41,3%, seguida por vivienda alquilada (32,6%), hoteler\u00eda (25,9%) y otras modalidades (0,2%).<\/strong><\/p>\n\n\n\n<p><\/p>\n\n\n\n<p>Respecto a los <strong>medios de transporte <\/strong>utilizados para llegar a la ciudad,<strong> el veh\u00edculo particular fue la opci\u00f3n m\u00e1s frecuente con el 81,4% de los casos. Le siguieron el \u00f3mnibus (13,8%), el ferrocarril (3,4%) y el avi\u00f3n (1,5%).<\/strong><\/p>\n\n\n\n<p><\/p>\n\n\n\n<p>El informe tambi\u00e9n se\u00f1ala que gran parte del turismo que recibe Mar del Plata proviene de zonas cercanas: <strong>el 60% de los visitantes llega desde el Gran Buenos Aires (GBA) y la Ciudad Aut\u00f3noma de Buenos Aires (CABA).<\/strong><\/p>\n\n\n\n<p><\/p>\n\n\n\n<p>En relaci\u00f3n con el perfil etario de quienes visitan la ciudad, el grupo predominante corresponde a <strong>personas de entre 41 y 60 a\u00f1os, seguido por adultos j\u00f3venes de entre 31 y 40 a\u00f1os. <\/strong>La presencia de turistas menores de 25 a\u00f1os y mayores de 85 resulta m\u00e1s reducida.<\/p>\n\n\n\n<p><\/p>\n\n\n\n<p><strong>Balance bonaerense<\/strong><\/p>\n\n\n\n<p><\/p>\n\n\n\n<p>En paralelo, <strong>el gobierno de la provincia de Buenos Aires difundi\u00f3 un balance general de la temporada 2025\/2026,<\/strong> comprendida entre el 1\u00ba de diciembre y el 4 de marzo.<\/p>\n\n\n\n<p><\/p>\n\n\n\n<p>Seg\u00fan el informe oficial,<strong> la provincia recibi\u00f3 8,7 millones de turistas, lo que representa 421.000 menos que en la temporada 2024\/2025 y 1.260.000 menos que en 2023\/2024.<\/strong><\/p>\n\n\n\n<p><\/p>\n\n\n\n<p>Adem\u00e1s, <strong>la estad\u00eda promedio cay\u00f3 un 5% en comparaci\u00f3n con el verano anterior, mientras que el consumo tur\u00edstico disminuy\u00f3 un 24,1%. <\/strong>Como consecuencia, los ingresos reales generados por la actividad tur\u00edstica en el territorio bonaerense registraron una baja del 29,4%.<\/p>\n\n\n\n<p><\/p>\n\n\n\n<p>Al presentar los datos, el ministro de Producci\u00f3n, Ciencia e Innovaci\u00f3n Tecnol\u00f3gica bonaerense, Augusto Costa, atribuy\u00f3 la ca\u00edda a las pol\u00edticas econ\u00f3micas nacionales. \u201c<strong>El Gobierno nacional dispuso una competencia desleal para nuestro turismo<\/strong>: tipo de cambio artificial, fomento deliberado de los viajes al exterior y eliminaci\u00f3n de pol\u00edticas de apoyo al turismo interno\u201d, se\u00f1al\u00f3.<\/p>\n\n\n\n<p><\/p>\n\n\n\n<p>En ese marco, sostuvo que <strong>muchas familias argentinas no contaron con recursos para tomarse vacaciones y que esa situaci\u00f3n impact\u00f3 especialmente en los destinos tur\u00edsticos <\/strong>vinculados a las clases medias y populares.<\/p>\n\n\n\n<p><\/p>\n\n\n\n<p><em>Fuente: Agencia DIB.<\/em><\/p>\n","protected":false},"excerpt":{"rendered":"<p>La ciudad registr\u00f3 una ca\u00edda interanual del 3,7% en arribos. La ocupaci\u00f3n promedio del verano fue de apenas 50,7%. Datos<\/p>\n","protected":false},"author":5,"featured_media":197352,"comment_status":"closed","ping_status":"closed","sticky":false,"template":"","format":"standard","meta":{"_jetpack_memberships_contains_paid_content":false,"footnotes":""},"categories":[6,1],"tags":[],"class_list":["post-197351","post","type-post","status-publish","format-standard","has-post-thumbnail","hentry","category-nacionales","category-portada"],"jetpack_featured_media_url":"https:\/\/i0.wp.com\/cdnoticias.com\/wp-content\/uploads\/2026\/03\/playa-vacia-1.webp?fit=1000%2C616&ssl=1","jetpack_sharing_enabled":true,"_links":{"self":[{"href":"https:\/\/cdnoticias.com\/index.php\/wp-json\/wp\/v2\/posts\/197351","targetHints":{"allow":["GET"]}}],"collection":[{"href":"https:\/\/cdnoticias.com\/index.php\/wp-json\/wp\/v2\/posts"}],"about":[{"href":"https:\/\/cdnoticias.com\/index.php\/wp-json\/wp\/v2\/types\/post"}],"author":[{"embeddable":true,"href":"https:\/\/cdnoticias.com\/index.php\/wp-json\/wp\/v2\/users\/5"}],"replies":[{"embeddable":true,"href":"https:\/\/cdnoticias.com\/index.php\/wp-json\/wp\/v2\/comments?post=197351"}],"version-history":[{"count":0,"href":"https:\/\/cdnoticias.com\/index.php\/wp-json\/wp\/v2\/posts\/197351\/revisions"}],"wp:featuredmedia":[{"embeddable":true,"href":"https:\/\/cdnoticias.com\/index.php\/wp-json\/wp\/v2\/media\/197352"}],"wp:attachment":[{"href":"https:\/\/cdnoticias.com\/index.php\/wp-json\/wp\/v2\/media?parent=197351"}],"wp:term":[{"taxonomy":"category","embeddable":true,"href":"https:\/\/cdnoticias.com\/index.php\/wp-json\/wp\/v2\/categories?post=197351"},{"taxonomy":"post_tag","embeddable":true,"href":"https:\/\/cdnoticias.com\/index.php\/wp-json\/wp\/v2\/tags?post=197351"}],"curies":[{"name":"wp","href":"https:\/\/api.w.org\/{rel}","templated":true}]}}