{"id":197345,"date":"2026-03-12T10:30:33","date_gmt":"2026-03-12T13:30:33","guid":{"rendered":"https:\/\/cdnoticias.com\/?p=197345"},"modified":"2026-03-12T10:30:35","modified_gmt":"2026-03-12T13:30:35","slug":"charla-sobre-la-nueva-pelicula-de-lucrecia-martel-y-su-libro-un-destino-comun","status":"publish","type":"post","link":"https:\/\/cdnoticias.com\/index.php\/2026\/03\/12\/charla-sobre-la-nueva-pelicula-de-lucrecia-martel-y-su-libro-un-destino-comun\/","title":{"rendered":"Charla sobre la nueva pel\u00edcula de Lucrecia Martel y su libro Un destino com\u00fan"},"content":{"rendered":"\n<p>El encuentro ser\u00e1 este s\u00e1bado 14 de marzo a las 20 en Librer\u00eda El Puente (Independencia 2843). Participar\u00e1n Sebasti\u00e1n Magallanes y Rafael Curtoni para debatir sobre cine, territorio y comunidad.<\/p>\n\n\n\n<hr class=\"wp-block-separator has-alpha-channel-opacity\"\/>\n\n\n\n<p>El pr\u00f3ximo s\u00e1bado 14 de marzo a las 20 se realizar\u00e1 una charla abierta en Librer\u00eda El Puente ubicada en Independencia 2843 para reflexionar e intercambiar ideas en torno a la <strong>\u00faltima pel\u00edcula de la cineasta argentina Lucrecia Martel, Nuestra tierra, y su reciente libro Un destino com\u00fan.<\/strong><\/p>\n\n\n\n<p><\/p>\n\n\n\n<p>La actividad <strong>se desarrollar\u00e1 un d\u00eda despu\u00e9s del estreno de la pel\u00edcula<\/strong>, previsto para el viernes 13 de marzo en Flix Cinema.<\/p>\n\n\n\n<p><\/p>\n\n\n\n<p><strong>Nuestra tierra aborda el crimen de Javier Chocobar, integrante de la comunidad ind\u00edgena de Chuschagasta, ocurrido en 2009 en la provincia de Tucum\u00e1n,<\/strong> as\u00ed como el proceso de investigaci\u00f3n y el posterior juicio oral. El film combina las voces y fotograf\u00edas de la comunidad con im\u00e1genes de los tribunales para explorar la larga historia de colonialismo y despojo territorial que precede a ese hecho.<\/p>\n\n\n\n<p><\/p>\n\n\n\n<p>Por su parte, el libro <strong>Un destino com\u00fan <\/strong>re\u00fane intervenciones p\u00fablicas de Martel realizadas entre 2009 y 2025. La publicaci\u00f3n propone un recorrido por distintas preguntas sobre el presente, vinculadas con la relaci\u00f3n entre los territorios, la sensibilidad social y las formas de di\u00e1logo entre posiciones diferentes.<\/p>\n\n\n\n<p><\/p>\n\n\n\n<blockquote class=\"wp-block-quote is-layout-flow wp-block-quote-is-layout-flow\">\n<p>Entre otros temas, el libro plantea interrogantes sobre c\u00f3mo involucrarse con lo que sucede en los territorios, c\u00f3mo recuperar el di\u00e1logo con quienes piensan distinto y qu\u00e9 estrategias narrativas pueden desarrollarse frente a la estandarizaci\u00f3n de los algoritmos y las plataformas.<\/p>\n<\/blockquote>\n\n\n\n<p><\/p>\n\n\n\n<p>Organizado en tres secciones, el volumen incluye adem\u00e1s intercambios con el cineasta y escritor argentino C\u00e9sar Gonz\u00e1lez, con la realizadora espa\u00f1ola Carla Sim\u00f3n y con la periodista Leila Guerriero. En esas conversaciones aparecen distintos contrapuntos sobre los procesos de creaci\u00f3n art\u00edstica y el rol de la conversaci\u00f3n como forma de reconstruir lo comunitario.<\/p>\n\n\n\n<p><\/p>\n\n\n\n<figure class=\"wp-block-image size-large\"><img data-recalc-dims=\"1\" loading=\"lazy\" decoding=\"async\" width=\"800\" height=\"1000\" src=\"https:\/\/i0.wp.com\/cdnoticias.com\/wp-content\/uploads\/2026\/03\/WhatsApp-Image-2026-03-10-at-8.14.06-PM.jpeg?resize=800%2C1000&#038;ssl=1\" alt=\"\" class=\"wp-image-197349\" srcset=\"https:\/\/i0.wp.com\/cdnoticias.com\/wp-content\/uploads\/2026\/03\/WhatsApp-Image-2026-03-10-at-8.14.06-PM.jpeg?resize=819%2C1024&amp;ssl=1 819w, https:\/\/i0.wp.com\/cdnoticias.com\/wp-content\/uploads\/2026\/03\/WhatsApp-Image-2026-03-10-at-8.14.06-PM.jpeg?resize=240%2C300&amp;ssl=1 240w, https:\/\/i0.wp.com\/cdnoticias.com\/wp-content\/uploads\/2026\/03\/WhatsApp-Image-2026-03-10-at-8.14.06-PM.jpeg?resize=768%2C960&amp;ssl=1 768w, https:\/\/i0.wp.com\/cdnoticias.com\/wp-content\/uploads\/2026\/03\/WhatsApp-Image-2026-03-10-at-8.14.06-PM.jpeg?w=1024&amp;ssl=1 1024w\" sizes=\"auto, (max-width: 800px) 100vw, 800px\" \/><\/figure>\n\n\n\n<p><\/p>\n\n\n\n<p>La charla estar\u00e1 a cargo de <strong>Sebasti\u00e1n Magallanes<\/strong>, director del Festival Latinoamericano de Cine de Olavarr\u00eda (FeLCO), y <strong>Rafael Curtoni<\/strong>, director del Observatorio sobre los derechos de los pueblos ind\u00edgenas y campesinos.<\/p>\n\n\n\n<p><\/p>\n\n\n\n<p>Desde la organizaci\u00f3n indicaron que el encuentro tiene cupo limitado, por lo que se solicita<strong> reservar lugar con anticipaci\u00f3n.<\/strong><\/p>\n\n\n\n<p><\/p>\n\n\n\n<p><strong>Las v\u00edas de contacto son:<\/strong><\/p>\n\n\n\n<p><br><strong>WhatsApp: <\/strong>1164119169 (Ulises)<\/p>\n\n\n\n<p><br><strong>Instagram: <\/strong>@elpuentelibreria<\/p>\n\n\n\n<p><\/p>\n","protected":false},"excerpt":{"rendered":"<p>El encuentro ser\u00e1 este s\u00e1bado 14 de marzo a las 20 en Librer\u00eda El Puente (Independencia 2843). Participar\u00e1n Sebasti\u00e1n Magallanes<\/p>\n","protected":false},"author":5,"featured_media":197348,"comment_status":"closed","ping_status":"closed","sticky":false,"template":"","format":"standard","meta":{"_jetpack_memberships_contains_paid_content":false,"footnotes":""},"categories":[9,1],"tags":[],"class_list":["post-197345","post","type-post","status-publish","format-standard","has-post-thumbnail","hentry","category-cultura","category-portada"],"jetpack_featured_media_url":"https:\/\/i0.wp.com\/cdnoticias.com\/wp-content\/uploads\/2026\/03\/lucrecia-martel.png?fit=800%2C445&ssl=1","jetpack_sharing_enabled":true,"_links":{"self":[{"href":"https:\/\/cdnoticias.com\/index.php\/wp-json\/wp\/v2\/posts\/197345","targetHints":{"allow":["GET"]}}],"collection":[{"href":"https:\/\/cdnoticias.com\/index.php\/wp-json\/wp\/v2\/posts"}],"about":[{"href":"https:\/\/cdnoticias.com\/index.php\/wp-json\/wp\/v2\/types\/post"}],"author":[{"embeddable":true,"href":"https:\/\/cdnoticias.com\/index.php\/wp-json\/wp\/v2\/users\/5"}],"replies":[{"embeddable":true,"href":"https:\/\/cdnoticias.com\/index.php\/wp-json\/wp\/v2\/comments?post=197345"}],"version-history":[{"count":0,"href":"https:\/\/cdnoticias.com\/index.php\/wp-json\/wp\/v2\/posts\/197345\/revisions"}],"wp:featuredmedia":[{"embeddable":true,"href":"https:\/\/cdnoticias.com\/index.php\/wp-json\/wp\/v2\/media\/197348"}],"wp:attachment":[{"href":"https:\/\/cdnoticias.com\/index.php\/wp-json\/wp\/v2\/media?parent=197345"}],"wp:term":[{"taxonomy":"category","embeddable":true,"href":"https:\/\/cdnoticias.com\/index.php\/wp-json\/wp\/v2\/categories?post=197345"},{"taxonomy":"post_tag","embeddable":true,"href":"https:\/\/cdnoticias.com\/index.php\/wp-json\/wp\/v2\/tags?post=197345"}],"curies":[{"name":"wp","href":"https:\/\/api.w.org\/{rel}","templated":true}]}}