{"id":197340,"date":"2026-03-11T21:14:22","date_gmt":"2026-03-12T00:14:22","guid":{"rendered":"https:\/\/cdnoticias.com\/?p=197340"},"modified":"2026-03-12T18:34:34","modified_gmt":"2026-03-12T21:34:34","slug":"presentaron-la-septima-edicion-del-cross-country-dia-de-la-memoria-que-se-correra-el-24-de-marzo-en-monte-pelloni","status":"publish","type":"post","link":"https:\/\/cdnoticias.com\/index.php\/2026\/03\/11\/presentaron-la-septima-edicion-del-cross-country-dia-de-la-memoria-que-se-correra-el-24-de-marzo-en-monte-pelloni\/","title":{"rendered":"Presentaron la s\u00e9ptima edici\u00f3n del Cross Country D\u00eda de la Memoria que se correr\u00e1 el 24 de marzo en Monte Pelloni"},"content":{"rendered":"\n<p>La competencia tendr\u00e1 distancias de 21 y 7 kil\u00f3metros. La edici\u00f3n 2026 estar\u00e1 atravesada por la conmemoraci\u00f3n de los 50 a\u00f1os del Golpe de Estado.<\/p>\n\n\n\n<hr class=\"wp-block-separator aligncenter has-alpha-channel-opacity\"\/>\n\n\n\n<p>En la tarde de este mi\u00e9rcoles fue presentada <strong>oficialmente la s\u00e9ptima edici\u00f3n del Cross Country D\u00eda de la Memoria, que se disputar\u00e1 el pr\u00f3ximo 24 de marzo desde las 9 horas con largada y llegada en el ex Centro Clandestino de Detenci\u00f3n Monte Pelloni.<\/strong><\/p>\n\n\n\n<blockquote class=\"wp-block-quote is-layout-flow wp-block-quote-is-layout-flow\">\n<p>La actividad tendr\u00e1 en esta oportunidad un significado especial, ya que coincidir\u00e1 con el 50\u00b0 aniversario del Golpe de Estado que instaur\u00f3 la \u00faltima dictadura c\u00edvico-militar en la Argentina, por lo que la edici\u00f3n contar\u00e1 con un car\u00e1cter conmemorativo.<\/p>\n<\/blockquote>\n\n\n\n<p>La conferencia de prensa de lanzamiento se realiz\u00f3 en instalaciones de La Mutual y cont\u00f3 con la presencia de dirigentes y representantes del Sindicato de Trabajadores Municipales de Olavarr\u00eda (STMO), organizador de la competencia, junto con integrantes de la Comisi\u00f3n por la Memoria y del C\u00edrculo de Atletas Veteranos de Olavarr\u00eda (CAVO), instituciones que acompa\u00f1an la iniciativa.<\/p>\n\n\n\n<p>Encabezaron la presentaci\u00f3n el secretario general del STMO, Jos\u00e9 Salvador Stuppia, y la secretaria de Administraci\u00f3n y Actas, Luisina Stuppia. Tambi\u00e9n participaron Carmelo Vinci y Carlos Gens\u00f3n por la Comisi\u00f3n por la Memoria, e Iv\u00e1n Recabarren y Florencia Ju\u00e1rez en representaci\u00f3n del CAVO.<\/p>\n\n\n\n<figure class=\"wp-block-image size-full\"><img data-recalc-dims=\"1\" loading=\"lazy\" decoding=\"async\" width=\"800\" height=\"445\" src=\"https:\/\/i0.wp.com\/cdnoticias.com\/wp-content\/uploads\/2026\/03\/Diseno-sin-titulo.jpg?resize=800%2C445&#038;ssl=1\" alt=\"\" class=\"wp-image-197342\" srcset=\"https:\/\/i0.wp.com\/cdnoticias.com\/wp-content\/uploads\/2026\/03\/Diseno-sin-titulo.jpg?w=800&amp;ssl=1 800w, https:\/\/i0.wp.com\/cdnoticias.com\/wp-content\/uploads\/2026\/03\/Diseno-sin-titulo.jpg?resize=300%2C167&amp;ssl=1 300w, https:\/\/i0.wp.com\/cdnoticias.com\/wp-content\/uploads\/2026\/03\/Diseno-sin-titulo.jpg?resize=768%2C427&amp;ssl=1 768w\" sizes=\"auto, (max-width: 800px) 100vw, 800px\" \/><\/figure>\n\n\n\n<p><strong>Durante el encuentro se presentaron las remeras oficiales de la competencia, que tendr\u00e1n un dise\u00f1o especial alusivo a los 50 a\u00f1os del Golpe de Estado.<\/strong><\/p>\n\n\n\n<p>La prueba contar\u00e1 con dos modalidades<strong>: una distancia principal de 21 kil\u00f3metros, y una modalidad recreativa de 7 kil\u00f3metros, abierta a atletas y p\u00fablico en general.<\/strong><\/p>\n\n\n\n<p><strong>Las inscripciones tienen un valor de 30.000 pesos para los 21 kil\u00f3metros y 25.000 pesos para los 7 kil\u00f3metros, en ambos casos con remera incluida. <\/strong>Adem\u00e1s, habr\u00e1 un descuento especial para afiliados y afiliadas al STMO, quienes abonar\u00e1n 20.000 pesos.<\/p>\n\n\n\n<p>El kit del corredor estar\u00e1 compuesto por remera oficial, medalla finisher, turr\u00f3n y bebida isot\u00f3nica SUEROX, auspiciante del evento.<\/p>\n\n\n\n<p>Las inscripciones <strong>permanecer\u00e1n abiertas hasta el martes 17 de marzo, y se inform\u00f3 que los primeros 250 inscriptos recibir\u00e1n medalla.<\/strong><\/p>\n\n\n\n<p>En cuanto a los premios, para la distancia de 21 kil\u00f3metros se otorgar\u00e1n premios en efectivo:<\/p>\n\n\n\n<p>1\u00b0 puesto: $100.000<\/p>\n\n\n\n<p>2\u00b0 puesto: $80.000<\/p>\n\n\n\n<p>3\u00b0 puesto: $60.000<\/p>\n\n\n\n<p>5\u00b0 puesto: $20.000<\/p>\n\n\n\n<p>Para la prueba recreativa de 7 kil\u00f3metros, <strong>los tres primeros puestos recibir\u00e1n \u00f3rdenes de compra para art\u00edculos de perfumer\u00eda de Farmacia La Mutual por $50.000, $40.000 y $30.000, respectivamente<\/strong>.<\/p>\n\n\n\n<blockquote class=\"wp-block-quote is-layout-flow wp-block-quote-is-layout-flow\">\n<p>A lo largo de sus ediciones, la carrera se consolid\u00f3 como una actividad que trasciende lo deportivo, al desarrollarse en un espacio de fuerte valor hist\u00f3rico y simb\u00f3lico vinculado a la memoria colectiva.<\/p>\n<\/blockquote>\n\n\n\n<p>Link de inscripci\u00f3n:<\/p>\n\n\n\n<figure class=\"wp-block-embed is-type-wp-embed is-provider-s-t-m-o-olavarr-a wp-block-embed-s-t-m-o-olavarr-a\"><div class=\"wp-block-embed__wrapper\">\n<blockquote class=\"wp-embedded-content\" data-secret=\"yzZ4q7Ak4M\"><a href=\"https:\/\/stmolavarria.com.ar\/cross-country-dia-de-la-memoria\/\">CROSS COUNTRY  D\u00eda de la Memoria<\/a><\/blockquote><iframe loading=\"lazy\" class=\"wp-embedded-content\" sandbox=\"allow-scripts\" security=\"restricted\" style=\"position: absolute; visibility: hidden;\" title=\"\u00abCROSS COUNTRY  D\u00eda de la Memoria\u00bb \u2014 S.T.M.O Olavarr\u00eda\" src=\"https:\/\/stmolavarria.com.ar\/cross-country-dia-de-la-memoria\/embed\/#?secret=FM1TsPXdMk#?secret=yzZ4q7Ak4M\" data-secret=\"yzZ4q7Ak4M\" width=\"600\" height=\"338\" frameborder=\"0\" marginwidth=\"0\" marginheight=\"0\" scrolling=\"no\"><\/iframe>\n<\/div><\/figure>\n","protected":false},"excerpt":{"rendered":"<p>La competencia tendr\u00e1 distancias de 21 y 7 kil\u00f3metros. La edici\u00f3n 2026 estar\u00e1 atravesada por la conmemoraci\u00f3n de los 50<\/p>\n","protected":false},"author":2,"featured_media":197341,"comment_status":"closed","ping_status":"closed","sticky":false,"template":"","format":"standard","meta":{"_jetpack_memberships_contains_paid_content":false,"footnotes":""},"categories":[29,5,38,1],"tags":[],"class_list":["post-197340","post","type-post","status-publish","format-standard","has-post-thumbnail","hentry","category-deportes","category-informacion-general","category-pedestrismo","category-portada"],"jetpack_featured_media_url":"https:\/\/i0.wp.com\/cdnoticias.com\/wp-content\/uploads\/2026\/03\/WhatsApp-Image-2026-03-11-at-18.54.38.jpeg?fit=1600%2C763&ssl=1","jetpack_sharing_enabled":true,"_links":{"self":[{"href":"https:\/\/cdnoticias.com\/index.php\/wp-json\/wp\/v2\/posts\/197340","targetHints":{"allow":["GET"]}}],"collection":[{"href":"https:\/\/cdnoticias.com\/index.php\/wp-json\/wp\/v2\/posts"}],"about":[{"href":"https:\/\/cdnoticias.com\/index.php\/wp-json\/wp\/v2\/types\/post"}],"author":[{"embeddable":true,"href":"https:\/\/cdnoticias.com\/index.php\/wp-json\/wp\/v2\/users\/2"}],"replies":[{"embeddable":true,"href":"https:\/\/cdnoticias.com\/index.php\/wp-json\/wp\/v2\/comments?post=197340"}],"version-history":[{"count":0,"href":"https:\/\/cdnoticias.com\/index.php\/wp-json\/wp\/v2\/posts\/197340\/revisions"}],"wp:featuredmedia":[{"embeddable":true,"href":"https:\/\/cdnoticias.com\/index.php\/wp-json\/wp\/v2\/media\/197341"}],"wp:attachment":[{"href":"https:\/\/cdnoticias.com\/index.php\/wp-json\/wp\/v2\/media?parent=197340"}],"wp:term":[{"taxonomy":"category","embeddable":true,"href":"https:\/\/cdnoticias.com\/index.php\/wp-json\/wp\/v2\/categories?post=197340"},{"taxonomy":"post_tag","embeddable":true,"href":"https:\/\/cdnoticias.com\/index.php\/wp-json\/wp\/v2\/tags?post=197340"}],"curies":[{"name":"wp","href":"https:\/\/api.w.org\/{rel}","templated":true}]}}