{"id":197336,"date":"2026-03-11T20:53:22","date_gmt":"2026-03-11T23:53:22","guid":{"rendered":"https:\/\/cdnoticias.com\/?p=197336"},"modified":"2026-03-12T08:11:42","modified_gmt":"2026-03-12T11:11:42","slug":"audiencia-publica-del-agua-coopelectric-mantuvo-el-pedido-de-suba-del-107","status":"publish","type":"post","link":"https:\/\/cdnoticias.com\/index.php\/2026\/03\/11\/audiencia-publica-del-agua-coopelectric-mantuvo-el-pedido-de-suba-del-107\/","title":{"rendered":"Audiencia P\u00fablica del Agua: Coopelectric mantuvo el pedido de suba del 107%"},"content":{"rendered":"\n<p>Hubo cinco oradores. El presidente de la audiencia fue el secretario de Obras P\u00fablicas, Orfel Fari\u00f1a. Desde la cooperativa explicaron que los gastos duplican a los ingresos por el servicio.<\/p>\n\n\n\n<hr class=\"wp-block-separator aligncenter has-alpha-channel-opacity\"\/>\n\n\n\n<p>Este mi\u00e9rcoles por la tarde, en el Centro de Convenciones local,<strong> se realiz\u00f3 la Audiencia P\u00fablica para debatir sobre un pedido de aumento de la tarifa del servicio de Obras Sanitarias que gestiona Coopelectric, que se ratific\u00f3 en un 107% de incremento<\/strong>. Hubo cinco oradores y si bien no es vinculante, se puso en eje de discusi\u00f3n varios puntos vinculados al servicio, entre ellos su calidad y su situaci\u00f3n financiera: hoy, los costos duplican a los ingresos.<\/p>\n\n\n\n<p>El Presidente del Audiencia fue el secretario de Obras P\u00fablicas del Municipio, Orfel Fari\u00f1a, quien<strong> resalt\u00f3 la importancia de estas instancias de participaci\u00f3n ciudadana al cumplirse 50 a\u00f1os del Golpe C\u00edvico y Militar en nuestro pa\u00eds. Recalc\u00f3 su car\u00e1cter no vinculante <\/strong>y se explic\u00f3 la metodolog\u00eda de la actividad junto al secretario del HCD, Mariano Ferro.<\/p>\n\n\n\n<figure class=\"wp-block-image size-full\"><img data-recalc-dims=\"1\" loading=\"lazy\" decoding=\"async\" width=\"800\" height=\"445\" src=\"https:\/\/i0.wp.com\/cdnoticias.com\/wp-content\/uploads\/2026\/03\/audiencia-del-agua1.jpg?resize=800%2C445&#038;ssl=1\" alt=\"\" class=\"wp-image-197332\" srcset=\"https:\/\/i0.wp.com\/cdnoticias.com\/wp-content\/uploads\/2026\/03\/audiencia-del-agua1.jpg?w=800&amp;ssl=1 800w, https:\/\/i0.wp.com\/cdnoticias.com\/wp-content\/uploads\/2026\/03\/audiencia-del-agua1.jpg?resize=300%2C167&amp;ssl=1 300w, https:\/\/i0.wp.com\/cdnoticias.com\/wp-content\/uploads\/2026\/03\/audiencia-del-agua1.jpg?resize=768%2C427&amp;ssl=1 768w\" sizes=\"auto, (max-width: 800px) 100vw, 800px\" \/><\/figure>\n\n\n\n<p>Particip\u00f3 el <strong>veedor de la Autoridad del Agua (ADA), Ariel Gig\u00f3n,<\/strong> quien presenci\u00f3 todos los pasajes de la actividad que dur\u00f3 45 minutos y elevar\u00e1 un informe al organismo. Adem\u00e1s, participaron concejales de varios bloques del HCD, integrantes de Coopelectric, funcionarios, entre los m\u00e1s destacados.<\/p>\n\n\n\n<p>El primer orador de la Audiencia fue <strong>Ignacio Aramburu<\/strong>, presidente del Consejo de Administraci\u00f3n de Coopelectric, quien se\u00f1al\u00f3 todas las cuestiones vinculadas al servicio de Obras Sanitarias y<strong> se\u00f1al\u00f3 que se piden \u201ctarifas justas\u201d. Confirm\u00f3 que mantienen el pedido del 107% de aumento para el servicio, y que \u201clos olavarrienses no nos merecemos un servicio deteriorado, nos merecemos uno de excelencia\u201d.<\/strong><\/p>\n\n\n\n<figure class=\"wp-block-image size-full\"><img data-recalc-dims=\"1\" loading=\"lazy\" decoding=\"async\" width=\"800\" height=\"445\" src=\"https:\/\/i0.wp.com\/cdnoticias.com\/wp-content\/uploads\/2026\/03\/audiencia-del-agua.jpg?resize=800%2C445&#038;ssl=1\" alt=\"\" class=\"wp-image-197333\" srcset=\"https:\/\/i0.wp.com\/cdnoticias.com\/wp-content\/uploads\/2026\/03\/audiencia-del-agua.jpg?w=800&amp;ssl=1 800w, https:\/\/i0.wp.com\/cdnoticias.com\/wp-content\/uploads\/2026\/03\/audiencia-del-agua.jpg?resize=300%2C167&amp;ssl=1 300w, https:\/\/i0.wp.com\/cdnoticias.com\/wp-content\/uploads\/2026\/03\/audiencia-del-agua.jpg?resize=768%2C427&amp;ssl=1 768w\" sizes=\"auto, (max-width: 800px) 100vw, 800px\" \/><\/figure>\n\n\n\n<blockquote class=\"wp-block-quote is-layout-flow wp-block-quote-is-layout-flow\">\n<p>Admiti\u00f3, adem\u00e1s, que la demora del proceso desde el ingreso de pedido de suba hasta la eventual aprobaci\u00f3n en el Concejo Deliberante hace que \u201cconstantemente quede atrasada la tarifa\u201d.<\/p>\n<\/blockquote>\n\n\n\n<p>Enrique Aubin Lospinoso, del \u00e1rea de Obras Sanitarias de la Cooperativa, confirm\u00f3 que<strong> hay 48.500 usuarios de agua y cloacas, el 85% tiene servicio medido y el 75% paga la tarifa m\u00ednima por su condici\u00f3n residencial y su consumo.<\/strong><\/p>\n\n\n\n<blockquote class=\"wp-block-quote is-layout-flow wp-block-quote-is-layout-flow\">\n<p>En cifras, el servicio de Obras Sanitarias tiene un gasto mensual de $ 553.698.260 por mes mientras que tiene alrededor de la mitad de ingresos: 267.694.228 pesos. Eso explica el pedido de aumento del 107%.<\/p>\n<\/blockquote>\n\n\n\n<p>Se explic\u00f3, adem\u00e1s, que <strong>un usuario pasar\u00eda de 11 mil pesos mensuales a 23 mil pesos por mes de tarifa de agua.<\/strong><\/p>\n\n\n\n<figure class=\"wp-block-image size-full\"><img data-recalc-dims=\"1\" loading=\"lazy\" decoding=\"async\" width=\"800\" height=\"445\" src=\"https:\/\/i0.wp.com\/cdnoticias.com\/wp-content\/uploads\/2026\/03\/audiencia-del-agua4.jpg?resize=800%2C445&#038;ssl=1\" alt=\"\" class=\"wp-image-197334\" srcset=\"https:\/\/i0.wp.com\/cdnoticias.com\/wp-content\/uploads\/2026\/03\/audiencia-del-agua4.jpg?w=800&amp;ssl=1 800w, https:\/\/i0.wp.com\/cdnoticias.com\/wp-content\/uploads\/2026\/03\/audiencia-del-agua4.jpg?resize=300%2C167&amp;ssl=1 300w, https:\/\/i0.wp.com\/cdnoticias.com\/wp-content\/uploads\/2026\/03\/audiencia-del-agua4.jpg?resize=768%2C427&amp;ssl=1 768w\" sizes=\"auto, (max-width: 800px) 100vw, 800px\" \/><\/figure>\n\n\n\n<p>La contadora Mar\u00eda Clementina Cervini, a su turno, pidi\u00f3 que Coopelectric no deje el servicio.<em><strong> \u201cQue las partes se pongan de acuerdo\u201d <\/strong><\/em>se\u00f1al\u00f3 haciendo referencia al conflicto entre la cooperativa y el Municipio. Heber Hailand, por su parte, habl\u00f3 del servicio de cloacas, \u201cpensando en c\u00f3mo acompa\u00f1ar la calidad y el crecimiento de servicio\u201d mientras que Maximiliano Weigl, delegado de Sindicato de Trabajadores de Obras Sanitarias de Buenos Aires, defendi\u00f3 las condiciones de trabajo y dijo que <em><strong>\u201cdefender el aumento justo de la tarifa es defender en \u00faltima instancia al usuario\u201d.<\/strong><\/em><\/p>\n\n\n\n<figure class=\"wp-block-image size-full\"><img data-recalc-dims=\"1\" loading=\"lazy\" decoding=\"async\" width=\"800\" height=\"445\" src=\"https:\/\/i0.wp.com\/cdnoticias.com\/wp-content\/uploads\/2026\/03\/audiencia-del-agua3.jpg?resize=800%2C445&#038;ssl=1\" alt=\"\" class=\"wp-image-197330\" srcset=\"https:\/\/i0.wp.com\/cdnoticias.com\/wp-content\/uploads\/2026\/03\/audiencia-del-agua3.jpg?w=800&amp;ssl=1 800w, https:\/\/i0.wp.com\/cdnoticias.com\/wp-content\/uploads\/2026\/03\/audiencia-del-agua3.jpg?resize=300%2C167&amp;ssl=1 300w, https:\/\/i0.wp.com\/cdnoticias.com\/wp-content\/uploads\/2026\/03\/audiencia-del-agua3.jpg?resize=768%2C427&amp;ssl=1 768w\" sizes=\"auto, (max-width: 800px) 100vw, 800px\" \/><\/figure>\n\n\n\n<p>Hab\u00eda anotados cuatro oradores m\u00e1s que no expusieron. <strong>Se indic\u00f3 ante la consulta que toda la audiencia p\u00fablica estar\u00e1 disponible en el canal de Youtube del Concejo Deliberante para que quede a disposici\u00f3n de todos los vecinos que quieran conocer al detalle lo sucedido en estos 45 minutos.<\/strong><\/p>\n\n\n\n<p><\/p>\n","protected":false},"excerpt":{"rendered":"<p>Hubo cinco oradores. El presidente de la audiencia fue el secretario de Obras P\u00fablicas, Orfel Fari\u00f1a. Desde la cooperativa explicaron<\/p>\n","protected":false},"author":2,"featured_media":197331,"comment_status":"closed","ping_status":"closed","sticky":false,"template":"","format":"standard","meta":{"_jetpack_memberships_contains_paid_content":false,"footnotes":""},"categories":[4,1],"tags":[],"class_list":["post-197336","post","type-post","status-publish","format-standard","has-post-thumbnail","hentry","category-politica","category-portada"],"jetpack_featured_media_url":"https:\/\/i0.wp.com\/cdnoticias.com\/wp-content\/uploads\/2026\/03\/audiencia-del-agua2.jpg?fit=800%2C445&ssl=1","jetpack_sharing_enabled":true,"_links":{"self":[{"href":"https:\/\/cdnoticias.com\/index.php\/wp-json\/wp\/v2\/posts\/197336","targetHints":{"allow":["GET"]}}],"collection":[{"href":"https:\/\/cdnoticias.com\/index.php\/wp-json\/wp\/v2\/posts"}],"about":[{"href":"https:\/\/cdnoticias.com\/index.php\/wp-json\/wp\/v2\/types\/post"}],"author":[{"embeddable":true,"href":"https:\/\/cdnoticias.com\/index.php\/wp-json\/wp\/v2\/users\/2"}],"replies":[{"embeddable":true,"href":"https:\/\/cdnoticias.com\/index.php\/wp-json\/wp\/v2\/comments?post=197336"}],"version-history":[{"count":0,"href":"https:\/\/cdnoticias.com\/index.php\/wp-json\/wp\/v2\/posts\/197336\/revisions"}],"wp:featuredmedia":[{"embeddable":true,"href":"https:\/\/cdnoticias.com\/index.php\/wp-json\/wp\/v2\/media\/197331"}],"wp:attachment":[{"href":"https:\/\/cdnoticias.com\/index.php\/wp-json\/wp\/v2\/media?parent=197336"}],"wp:term":[{"taxonomy":"category","embeddable":true,"href":"https:\/\/cdnoticias.com\/index.php\/wp-json\/wp\/v2\/categories?post=197336"},{"taxonomy":"post_tag","embeddable":true,"href":"https:\/\/cdnoticias.com\/index.php\/wp-json\/wp\/v2\/tags?post=197336"}],"curies":[{"name":"wp","href":"https:\/\/api.w.org\/{rel}","templated":true}]}}