{"id":197327,"date":"2026-03-11T19:18:59","date_gmt":"2026-03-11T22:18:59","guid":{"rendered":"https:\/\/cdnoticias.com\/?p=197327"},"modified":"2026-03-11T21:14:37","modified_gmt":"2026-03-12T00:14:37","slug":"el-concejo-deliberante-inicia-este-jueves-el-periodo-ordinario-de-sesiones","status":"publish","type":"post","link":"https:\/\/cdnoticias.com\/index.php\/2026\/03\/11\/el-concejo-deliberante-inicia-este-jueves-el-periodo-ordinario-de-sesiones\/","title":{"rendered":"El Concejo Deliberante inicia este jueves el periodo ordinario de sesiones"},"content":{"rendered":"\n<p>Se realizar\u00e1 desde las 09:30 en el Centro de Convenciones de Olavarr\u00eda. Ingresar\u00e1n m\u00e1s de 80 proyectos que tomar\u00e1n estado parlamentario. Habr\u00e1 varios pedidos de infraestructura de la oposici\u00f3n.<\/p>\n\n\n\n<hr class=\"wp-block-separator aligncenter has-alpha-channel-opacity\"\/>\n\n\n\n<p>El <strong>Concejo Deliberante de Olavarr\u00eda llevar\u00e1 a cabo este jueves desde las 9:30 la primera sesi\u00f3n ordinaria del a\u00f1o en el recinto ubicado en el Centro de Convenciones de Olavarr\u00eda (CCO).<\/strong> Durante el encuentro ingresar\u00e1n m\u00e1s de 80 proyectos que tomar\u00e1n estado parlamentario.<\/p>\n\n\n\n<p>Entre los temas destacados se encuentra el <strong>pedido de incremento en la tarifa de Obras Sanitarias presentado por Coopelectric, que comenzar\u00e1 su tratamiento legislativo dentro del cuerpo deliberativo.<\/strong><\/p>\n\n\n\n<p>Adem\u00e1s, el Concejo tratar\u00e1 el<strong> pedido de licencia del concejal Leonardo Yunger, quien pasar\u00e1 a desempe\u00f1arse en el Departamento Ejecutivo como subsecretario de Desarrollo Social. En su lugar asumir\u00e1 Nicol\u00e1s Bruno.<\/strong><\/p>\n\n\n\n<p>Durante la sesi\u00f3n tambi\u00e9n se abordar\u00e1n distintos expedientes sobre tablas. <strong>Entre ellos, una presentaci\u00f3n para declarar de inter\u00e9s legislativo municipal la s\u00e9ptima edici\u00f3n del Cross Country D\u00eda de la Memoria.<\/strong><\/p>\n\n\n\n<p>Asimismo, se tratar\u00e1 un proyecto de resoluci\u00f3n del bloque Fuerza Patria que propone declarar de inter\u00e9s legislativo municipal el <strong>13\u00b0 Festival Internacional de Estatuas Vivientes de Olavarr\u00eda, que se realizar\u00e1 los d\u00edas 14 y 15 de marzo en el Centro Cultural San Jos\u00e9.<\/strong><\/p>\n\n\n\n<p>El orden del d\u00eda tambi\u00e9n incluye proyectos vinculados a infraestructura y servicios. Entre ellos, iniciativas para solicitar al Departamento Ejecutivo trabajos de mantenimiento y adecuaci\u00f3n de calles 130 y 128 (Rivadavia \u2013 Arroyo Tapalqu\u00e9) y Alsina entre calles 130 y 126, adem\u00e1s de la demarcaci\u00f3n y pintado de sendas peatonales sobre avenida Pringles entre Necochea y \u00c1lvaro Barros.<\/p>\n\n\n\n<p>Tambi\u00e9n se presentar\u00e1 un proyecto de comunicaci\u00f3n que manifiesta <strong>preocupaci\u00f3n respecto al control y fiscalizaci\u00f3n del servicio de transporte de pasajeros de larga distancia.<\/strong><\/p>\n\n\n\n<p>Otros expedientes contemplan <strong>pedidos de mantenimiento integral de calles sin pavimentar que rodean y dan acceso al paraje La Isla, un pedido de informes sobre el servicio de cabinas de telemedicina en el partido de Olavarr\u00eda y una solicitud de limpieza en los m\u00e1rgenes del canal paralelo a la calle Bartolom\u00e9 Mitre de Sierra Chica, a la altura del barrio Fonavi.<\/strong><\/p>\n\n\n\n<p>El temario se completa con un <strong>pedido de informes sobre el estado de la residencia de adultos mayores \u201cLa Sabidur\u00eda\u201d, una resoluci\u00f3n que manifiesta preocupaci\u00f3n por la suspensi\u00f3n de pagos a m\u00e9dicos de la ciudad por parte de PAMI y un proyecto que solicita la reparaci\u00f3n y el acondicionamiento de la vereda de las oficinas de Licencias de Conducir.<\/strong><\/p>\n","protected":false},"excerpt":{"rendered":"<p>Se realizar\u00e1 desde las 09:30 en el Centro de Convenciones de Olavarr\u00eda. Ingresar\u00e1n m\u00e1s de 80 proyectos que tomar\u00e1n estado<\/p>\n","protected":false},"author":2,"featured_media":191302,"comment_status":"closed","ping_status":"closed","sticky":false,"template":"","format":"standard","meta":{"_jetpack_memberships_contains_paid_content":false,"footnotes":""},"categories":[4,1],"tags":[],"class_list":["post-197327","post","type-post","status-publish","format-standard","has-post-thumbnail","hentry","category-politica","category-portada"],"jetpack_featured_media_url":"https:\/\/i0.wp.com\/cdnoticias.com\/wp-content\/uploads\/2025\/12\/hcd-2025-05.png?fit=800%2C445&ssl=1","jetpack_sharing_enabled":true,"_links":{"self":[{"href":"https:\/\/cdnoticias.com\/index.php\/wp-json\/wp\/v2\/posts\/197327","targetHints":{"allow":["GET"]}}],"collection":[{"href":"https:\/\/cdnoticias.com\/index.php\/wp-json\/wp\/v2\/posts"}],"about":[{"href":"https:\/\/cdnoticias.com\/index.php\/wp-json\/wp\/v2\/types\/post"}],"author":[{"embeddable":true,"href":"https:\/\/cdnoticias.com\/index.php\/wp-json\/wp\/v2\/users\/2"}],"replies":[{"embeddable":true,"href":"https:\/\/cdnoticias.com\/index.php\/wp-json\/wp\/v2\/comments?post=197327"}],"version-history":[{"count":0,"href":"https:\/\/cdnoticias.com\/index.php\/wp-json\/wp\/v2\/posts\/197327\/revisions"}],"wp:featuredmedia":[{"embeddable":true,"href":"https:\/\/cdnoticias.com\/index.php\/wp-json\/wp\/v2\/media\/191302"}],"wp:attachment":[{"href":"https:\/\/cdnoticias.com\/index.php\/wp-json\/wp\/v2\/media?parent=197327"}],"wp:term":[{"taxonomy":"category","embeddable":true,"href":"https:\/\/cdnoticias.com\/index.php\/wp-json\/wp\/v2\/categories?post=197327"},{"taxonomy":"post_tag","embeddable":true,"href":"https:\/\/cdnoticias.com\/index.php\/wp-json\/wp\/v2\/tags?post=197327"}],"curies":[{"name":"wp","href":"https:\/\/api.w.org\/{rel}","templated":true}]}}